{"id":7863,"date":"2024-06-26T19:08:38","date_gmt":"2024-06-26T22:08:38","guid":{"rendered":"https:\/\/focotocantinense.com.br\/?p=7863"},"modified":"2024-06-26T19:10:10","modified_gmt":"2024-06-26T22:10:10","slug":"viii-encontro-do-programa-lider-fortalece-desenvolvimento-socioterritorial-em-paraiso","status":"publish","type":"post","link":"https:\/\/focotocantinense.com.br\/?p=7863","title":{"rendered":"VIII Encontro do Programa L\u00edder fortalece desenvolvimento socioterritorial em Para\u00edso"},"content":{"rendered":"\n<p>O VIII Encontro do Programa L\u00edder acontecer\u00e1 nesta quinta-feira, 27, em Para\u00edso do Tocantins. O evento realizado pelo Sebrae re\u00fane l\u00edderes do poder p\u00fablico, entidades privadas e sociedade civil para promover o desenvolvimento socioterritorial e fortalecer o papel de lideran\u00e7a regional.<\/p>\n\n\n\n<p>A a\u00e7\u00e3o ser\u00e1 estruturada em diversos blocos de atividades. Primeiramente, inicia com uma abertura formal e em seguida, uma palestra sobre &#8220;Gente que faz&#8221;. Durante o dia, os participantes ter\u00e3o oficinas que incluem a apresenta\u00e7\u00e3o dos compromissos assumidos com os munic\u00edpios, al\u00e9m de um ensaio estrutural para a solenidade de transbordamento, evento central do encontro.<\/p>\n\n\n\n<p>Renata Moura, gerente do Sebrae, enfatiza que a solenidade de transbordamento marca um momento de reflex\u00e3o e an\u00e1lise, seguido por oficinas dedicadas \u00e0 revis\u00e3o da agenda de compromissos e planejamento de entregas futuras at\u00e9 o pr\u00f3ximo f\u00f3rum. \u201cDesde seu lan\u00e7amento em 2022, o Programa L\u00edder j\u00e1 impactou mais de 730 munic\u00edpios e envolveu mais de 2.900 l\u00edderes em mais de 70 territ\u00f3rios, demonstrando seu compromisso com a autonomia, inova\u00e7\u00e3o e desenvolvimento territorial\u201d, conclui.&nbsp;<\/p>\n\n\n\n<figure class=\"wp-block-image size-full is-resized\"><img loading=\"lazy\" decoding=\"async\" width=\"993\" height=\"512\" src=\"https:\/\/focotocantinense.com.br\/wp-content\/uploads\/2024\/06\/Sem-titulo-4.jpg\" alt=\"\" class=\"wp-image-7870\" style=\"width:391px;height:auto\" srcset=\"https:\/\/focotocantinense.com.br\/wp-content\/uploads\/2024\/06\/Sem-titulo-4.jpg 993w, https:\/\/focotocantinense.com.br\/wp-content\/uploads\/2024\/06\/Sem-titulo-4-300x155.jpg 300w, https:\/\/focotocantinense.com.br\/wp-content\/uploads\/2024\/06\/Sem-titulo-4-768x396.jpg 768w\" sizes=\"auto, (max-width: 993px) 100vw, 993px\" \/><\/figure>\n\n\n\n<p><\/p>\n\n\n\n<figure class=\"wp-block-image size-full\"><img loading=\"lazy\" decoding=\"async\" width=\"843\" height=\"251\" src=\"https:\/\/focotocantinense.com.br\/wp-content\/uploads\/2024\/06\/VINI_181_282-1-3.jpg\" alt=\"\" class=\"wp-image-7867\" srcset=\"https:\/\/focotocantinense.com.br\/wp-content\/uploads\/2024\/06\/VINI_181_282-1-3.jpg 843w, https:\/\/focotocantinense.com.br\/wp-content\/uploads\/2024\/06\/VINI_181_282-1-3-300x89.jpg 300w, https:\/\/focotocantinense.com.br\/wp-content\/uploads\/2024\/06\/VINI_181_282-1-3-768x229.jpg 768w\" sizes=\"auto, (max-width: 843px) 100vw, 843px\" \/><\/figure>\n","protected":false},"excerpt":{"rendered":"<p>O VIII Encontro do Programa L\u00edder acontecer\u00e1 nesta quinta-feira, 27, em Para\u00edso do Tocantins. O evento realizado pelo Sebrae re\u00fane l\u00edderes do poder p\u00fablico, entidades privadas e sociedade civil para promover o desenvolvimento socioterritorial e fortalecer o papel de lideran\u00e7a regional. A a\u00e7\u00e3o ser\u00e1 estruturada em diversos blocos de atividades. Primeiramente, inicia com uma abertura &hellip;<\/p>\n","protected":false},"author":5,"featured_media":7864,"comment_status":"open","ping_status":"open","sticky":false,"template":"","format":"standard","meta":{"footnotes":""},"categories":[47],"tags":[],"class_list":["post-7863","post","type-post","status-publish","format-standard","has-post-thumbnail","","category-paraiso"],"_links":{"self":[{"href":"https:\/\/focotocantinense.com.br\/index.php?rest_route=\/wp\/v2\/posts\/7863","targetHints":{"allow":["GET"]}}],"collection":[{"href":"https:\/\/focotocantinense.com.br\/index.php?rest_route=\/wp\/v2\/posts"}],"about":[{"href":"https:\/\/focotocantinense.com.br\/index.php?rest_route=\/wp\/v2\/types\/post"}],"author":[{"embeddable":true,"href":"https:\/\/focotocantinense.com.br\/index.php?rest_route=\/wp\/v2\/users\/5"}],"replies":[{"embeddable":true,"href":"https:\/\/focotocantinense.com.br\/index.php?rest_route=%2Fwp%2Fv2%2Fcomments&post=7863"}],"version-history":[{"count":4,"href":"https:\/\/focotocantinense.com.br\/index.php?rest_route=\/wp\/v2\/posts\/7863\/revisions"}],"predecessor-version":[{"id":7873,"href":"https:\/\/focotocantinense.com.br\/index.php?rest_route=\/wp\/v2\/posts\/7863\/revisions\/7873"}],"wp:featuredmedia":[{"embeddable":true,"href":"https:\/\/focotocantinense.com.br\/index.php?rest_route=\/wp\/v2\/media\/7864"}],"wp:attachment":[{"href":"https:\/\/focotocantinense.com.br\/index.php?rest_route=%2Fwp%2Fv2%2Fmedia&parent=7863"}],"wp:term":[{"taxonomy":"category","embeddable":true,"href":"https:\/\/focotocantinense.com.br\/index.php?rest_route=%2Fwp%2Fv2%2Fcategories&post=7863"},{"taxonomy":"post_tag","embeddable":true,"href":"https:\/\/focotocantinense.com.br\/index.php?rest_route=%2Fwp%2Fv2%2Ftags&post=7863"}],"curies":[{"name":"wp","href":"https:\/\/api.w.org\/{rel}","templated":true}]}}