{"id":7852,"date":"2024-06-26T11:42:01","date_gmt":"2024-06-26T14:42:01","guid":{"rendered":"https:\/\/focotocantinense.com.br\/?p=7852"},"modified":"2024-06-26T11:43:04","modified_gmt":"2024-06-26T14:43:04","slug":"2o-forum-comunitario-selo-unicef-evidencia-as-acoes-realizadas-em-tocantinia","status":"publish","type":"post","link":"https:\/\/focotocantinense.com.br\/?p=7852","title":{"rendered":"2\u00ba F\u00f3rum Comunit\u00e1rio Selo Unicef evidencia as a\u00e7\u00f5es realizadas em Tocant\u00ednia"},"content":{"rendered":"\n<p><strong>Por Zacarias Martins<\/strong><\/p>\n\n\n\n<p>Como principal objetivo mostrar os avan\u00e7os e desafios do munic\u00edpio na caminhada da garantia do desenvolvimento de pol\u00edticas p\u00fablicas voltadas \u00e0s crian\u00e7as e adolescentes, &nbsp;a Prefeitura de Tocant\u00ednia por meio das secretarias de Assist\u00eancia Social,&nbsp; Educa\u00e7\u00e3o e Sa\u00fade, &nbsp;realizou na manh\u00e3 desta ter\u00e7a-feira, 25, o&nbsp; 2\u00ba F\u00f3rum Comunit\u00e1rio Selo UNICEF. O evento aconteceu no Audit\u00f3rio do Cefya Frei Ant\u00f4nio e contou com boia participa\u00e7\u00e3o popular.<\/p>\n\n\n\n<p>A Primeira-Dama do munic\u00edpio e secret\u00e1ria de Assist\u00eancia Social, Samua Rosa explica que Tocant\u00ednia aderiu ao Selo Unicef porque a administra\u00e7\u00e3o municipal tem um compromisso com a causa da prote\u00e7\u00e3o da crian\u00e7a e do adolescente. \u201cO nosso empenho em cumprir com os 17 objetivos do Selo \u00e9 justamente dar mais qualidade ainda \u00e0s nossas pol\u00edticas p\u00fablicas voltadas \u00e0 inf\u00e2ncia e adolesc\u00eancia\u201d, pontuou Samua Rosa.<\/p>\n\n\n\n<p>J\u00e1 o &nbsp;secret\u00e1rio de Educa\u00e7\u00e3o de Tocant\u00ednia, professor Andr\u00e9 Goveia, afirmou que a realiza\u00e7\u00e3o desse evento em sua cidade se transformou numa boa &nbsp;oportunidade para &nbsp;que se pudesse avaliar e prestar contas para a sociedade em geral sobre os avan\u00e7os que &nbsp;o munic\u00edpio de Tocant\u00ednia continua tendo &nbsp;em rela\u00e7\u00e3o \u00e0s pol\u00edticas p\u00fablicas na sa\u00fade, educa\u00e7\u00e3o e assist\u00eancia dedicadas \u00e0s crian\u00e7as e adolescentes.<\/p>\n\n\n\n<figure class=\"wp-block-image size-large is-resized\"><img loading=\"lazy\" decoding=\"async\" width=\"1024\" height=\"683\" src=\"https:\/\/focotocantinense.com.br\/wp-content\/uploads\/2024\/06\/2-TOCANTINIA-2-1024x683.jpg\" alt=\"\" class=\"wp-image-7860\" style=\"width:403px;height:auto\" srcset=\"https:\/\/focotocantinense.com.br\/wp-content\/uploads\/2024\/06\/2-TOCANTINIA-2-1024x683.jpg 1024w, https:\/\/focotocantinense.com.br\/wp-content\/uploads\/2024\/06\/2-TOCANTINIA-2-300x200.jpg 300w, https:\/\/focotocantinense.com.br\/wp-content\/uploads\/2024\/06\/2-TOCANTINIA-2-768x512.jpg 768w, https:\/\/focotocantinense.com.br\/wp-content\/uploads\/2024\/06\/2-TOCANTINIA-2-1536x1024.jpg 1536w, https:\/\/focotocantinense.com.br\/wp-content\/uploads\/2024\/06\/2-TOCANTINIA-2.jpg 1599w\" sizes=\"auto, (max-width: 1024px) 100vw, 1024px\" \/><\/figure>\n\n\n\n<p><\/p>\n\n\n\n<figure class=\"wp-block-image size-large\"><img loading=\"lazy\" decoding=\"async\" width=\"1024\" height=\"683\" src=\"https:\/\/focotocantinense.com.br\/wp-content\/uploads\/2024\/06\/1-TOCANTINIA-1-1024x683.jpg\" alt=\"\" class=\"wp-image-7859\" srcset=\"https:\/\/focotocantinense.com.br\/wp-content\/uploads\/2024\/06\/1-TOCANTINIA-1-1024x683.jpg 1024w, https:\/\/focotocantinense.com.br\/wp-content\/uploads\/2024\/06\/1-TOCANTINIA-1-300x200.jpg 300w, https:\/\/focotocantinense.com.br\/wp-content\/uploads\/2024\/06\/1-TOCANTINIA-1-768x512.jpg 768w, https:\/\/focotocantinense.com.br\/wp-content\/uploads\/2024\/06\/1-TOCANTINIA-1-1536x1024.jpg 1536w, https:\/\/focotocantinense.com.br\/wp-content\/uploads\/2024\/06\/1-TOCANTINIA-1.jpg 1599w\" sizes=\"auto, (max-width: 1024px) 100vw, 1024px\" \/><\/figure>\n\n\n\n<p><\/p>\n\n\n\n<figure class=\"wp-block-image size-large\"><img loading=\"lazy\" decoding=\"async\" width=\"1024\" height=\"683\" src=\"https:\/\/focotocantinense.com.br\/wp-content\/uploads\/2024\/06\/4-TOCANTINIA-1024x683.jpg\" alt=\"\" class=\"wp-image-7858\" srcset=\"https:\/\/focotocantinense.com.br\/wp-content\/uploads\/2024\/06\/4-TOCANTINIA-1024x683.jpg 1024w, https:\/\/focotocantinense.com.br\/wp-content\/uploads\/2024\/06\/4-TOCANTINIA-300x200.jpg 300w, https:\/\/focotocantinense.com.br\/wp-content\/uploads\/2024\/06\/4-TOCANTINIA-768x512.jpg 768w, https:\/\/focotocantinense.com.br\/wp-content\/uploads\/2024\/06\/4-TOCANTINIA-1536x1024.jpg 1536w, https:\/\/focotocantinense.com.br\/wp-content\/uploads\/2024\/06\/4-TOCANTINIA.jpg 1599w\" sizes=\"auto, (max-width: 1024px) 100vw, 1024px\" \/><\/figure>\n\n\n\n<p><\/p>\n\n\n\n<figure class=\"wp-block-image size-large\"><img loading=\"lazy\" decoding=\"async\" width=\"1024\" height=\"683\" src=\"https:\/\/focotocantinense.com.br\/wp-content\/uploads\/2024\/06\/5-TOCANTINIA-1024x683.jpg\" alt=\"\" class=\"wp-image-7857\" srcset=\"https:\/\/focotocantinense.com.br\/wp-content\/uploads\/2024\/06\/5-TOCANTINIA-1024x683.jpg 1024w, https:\/\/focotocantinense.com.br\/wp-content\/uploads\/2024\/06\/5-TOCANTINIA-300x200.jpg 300w, https:\/\/focotocantinense.com.br\/wp-content\/uploads\/2024\/06\/5-TOCANTINIA-768x512.jpg 768w, https:\/\/focotocantinense.com.br\/wp-content\/uploads\/2024\/06\/5-TOCANTINIA-1536x1024.jpg 1536w, https:\/\/focotocantinense.com.br\/wp-content\/uploads\/2024\/06\/5-TOCANTINIA.jpg 1599w\" sizes=\"auto, (max-width: 1024px) 100vw, 1024px\" \/><\/figure>\n\n\n\n<p><\/p>\n\n\n\n<figure class=\"wp-block-image size-large\"><img loading=\"lazy\" decoding=\"async\" width=\"1024\" height=\"683\" src=\"https:\/\/focotocantinense.com.br\/wp-content\/uploads\/2024\/06\/6-TOCANTINIA-1024x683.jpg\" alt=\"\" class=\"wp-image-7856\" srcset=\"https:\/\/focotocantinense.com.br\/wp-content\/uploads\/2024\/06\/6-TOCANTINIA-1024x683.jpg 1024w, https:\/\/focotocantinense.com.br\/wp-content\/uploads\/2024\/06\/6-TOCANTINIA-300x200.jpg 300w, https:\/\/focotocantinense.com.br\/wp-content\/uploads\/2024\/06\/6-TOCANTINIA-768x512.jpg 768w, https:\/\/focotocantinense.com.br\/wp-content\/uploads\/2024\/06\/6-TOCANTINIA-1536x1024.jpg 1536w, https:\/\/focotocantinense.com.br\/wp-content\/uploads\/2024\/06\/6-TOCANTINIA.jpg 1599w\" sizes=\"auto, (max-width: 1024px) 100vw, 1024px\" \/><\/figure>\n\n\n\n<p><\/p>\n\n\n\n<figure class=\"wp-block-image size-large\"><img loading=\"lazy\" decoding=\"async\" width=\"1024\" height=\"683\" src=\"https:\/\/focotocantinense.com.br\/wp-content\/uploads\/2024\/06\/7-tocantinia-1024x683.jpg\" alt=\"\" class=\"wp-image-7855\" srcset=\"https:\/\/focotocantinense.com.br\/wp-content\/uploads\/2024\/06\/7-tocantinia-1024x683.jpg 1024w, https:\/\/focotocantinense.com.br\/wp-content\/uploads\/2024\/06\/7-tocantinia-300x200.jpg 300w, https:\/\/focotocantinense.com.br\/wp-content\/uploads\/2024\/06\/7-tocantinia-768x512.jpg 768w, https:\/\/focotocantinense.com.br\/wp-content\/uploads\/2024\/06\/7-tocantinia-1536x1024.jpg 1536w, https:\/\/focotocantinense.com.br\/wp-content\/uploads\/2024\/06\/7-tocantinia.jpg 1599w\" sizes=\"auto, (max-width: 1024px) 100vw, 1024px\" \/><\/figure>\n\n\n\n<p><\/p>\n\n\n\n<figure class=\"wp-block-image size-full\"><img loading=\"lazy\" decoding=\"async\" width=\"843\" height=\"251\" src=\"https:\/\/focotocantinense.com.br\/wp-content\/uploads\/2024\/06\/VINI_181_282-1-2.jpg\" alt=\"\" class=\"wp-image-7854\" srcset=\"https:\/\/focotocantinense.com.br\/wp-content\/uploads\/2024\/06\/VINI_181_282-1-2.jpg 843w, https:\/\/focotocantinense.com.br\/wp-content\/uploads\/2024\/06\/VINI_181_282-1-2-300x89.jpg 300w, https:\/\/focotocantinense.com.br\/wp-content\/uploads\/2024\/06\/VINI_181_282-1-2-768x229.jpg 768w\" sizes=\"auto, (max-width: 843px) 100vw, 843px\" \/><\/figure>\n","protected":false},"excerpt":{"rendered":"<p>Por Zacarias Martins Como principal objetivo mostrar os avan\u00e7os e desafios do munic\u00edpio na caminhada da garantia do desenvolvimento de pol\u00edticas p\u00fablicas voltadas \u00e0s crian\u00e7as e adolescentes, &nbsp;a Prefeitura de Tocant\u00ednia por meio das secretarias de Assist\u00eancia Social,&nbsp; Educa\u00e7\u00e3o e Sa\u00fade, &nbsp;realizou na manh\u00e3 desta ter\u00e7a-feira, 25, o&nbsp; 2\u00ba F\u00f3rum Comunit\u00e1rio Selo UNICEF. O evento &hellip;<\/p>\n","protected":false},"author":5,"featured_media":7853,"comment_status":"open","ping_status":"open","sticky":false,"template":"","format":"standard","meta":{"footnotes":""},"categories":[78],"tags":[],"class_list":["post-7852","post","type-post","status-publish","format-standard","has-post-thumbnail","","category-tocantinia"],"_links":{"self":[{"href":"https:\/\/focotocantinense.com.br\/index.php?rest_route=\/wp\/v2\/posts\/7852","targetHints":{"allow":["GET"]}}],"collection":[{"href":"https:\/\/focotocantinense.com.br\/index.php?rest_route=\/wp\/v2\/posts"}],"about":[{"href":"https:\/\/focotocantinense.com.br\/index.php?rest_route=\/wp\/v2\/types\/post"}],"author":[{"embeddable":true,"href":"https:\/\/focotocantinense.com.br\/index.php?rest_route=\/wp\/v2\/users\/5"}],"replies":[{"embeddable":true,"href":"https:\/\/focotocantinense.com.br\/index.php?rest_route=%2Fwp%2Fv2%2Fcomments&post=7852"}],"version-history":[{"count":2,"href":"https:\/\/focotocantinense.com.br\/index.php?rest_route=\/wp\/v2\/posts\/7852\/revisions"}],"predecessor-version":[{"id":7862,"href":"https:\/\/focotocantinense.com.br\/index.php?rest_route=\/wp\/v2\/posts\/7852\/revisions\/7862"}],"wp:featuredmedia":[{"embeddable":true,"href":"https:\/\/focotocantinense.com.br\/index.php?rest_route=\/wp\/v2\/media\/7853"}],"wp:attachment":[{"href":"https:\/\/focotocantinense.com.br\/index.php?rest_route=%2Fwp%2Fv2%2Fmedia&parent=7852"}],"wp:term":[{"taxonomy":"category","embeddable":true,"href":"https:\/\/focotocantinense.com.br\/index.php?rest_route=%2Fwp%2Fv2%2Fcategories&post=7852"},{"taxonomy":"post_tag","embeddable":true,"href":"https:\/\/focotocantinense.com.br\/index.php?rest_route=%2Fwp%2Fv2%2Ftags&post=7852"}],"curies":[{"name":"wp","href":"https:\/\/api.w.org\/{rel}","templated":true}]}}