{"id":7847,"date":"2024-06-25T20:50:59","date_gmt":"2024-06-25T23:50:59","guid":{"rendered":"https:\/\/focotocantinense.com.br\/?p=7847"},"modified":"2024-06-25T20:52:27","modified_gmt":"2024-06-25T23:52:27","slug":"gurupiense-vinicius-martins-fara-abertura-do-show-do-humorista-matheus-ceara-em-palmas","status":"publish","type":"post","link":"https:\/\/focotocantinense.com.br\/?p=7847","title":{"rendered":"Gurupiense Vin\u00edcius Martins far\u00e1 abertura do show do humorista Matheus Cear\u00e1 em Palmas"},"content":{"rendered":"\n<p><em>Neste domingo, 30, \u00e0s 21hs no Audit\u00f3rio da ATM em Palmas, o humorista Matheus Cear\u00e1 se apresenta com o show \u201cMeta a M\u00e3o que o Dedo \u00e9 Pouco\u201d, em sua melhor forma: como o contador de piadas desbocado, sem as amarras do papel que o tornou famoso na TV, livre para contar suas hist\u00f3rias das maneiras mais hil\u00e1rias.<\/em><\/p>\n\n\n\n<p><em>E quem estar\u00e1 fazendo a abertura \u00e9 o humorista gurupiense Vin\u00edcius Martins.<\/em><\/p>\n\n\n\n<p>Vin\u00edcius Martins vem ganhando cada vez mais for\u00e7a nas redes sociais, tendo v\u00eddeo que j\u00e1 bateu a marca de mais de 5 milh\u00f5es visualiza\u00e7\u00f5es.<\/p>\n\n\n\n<p>Na sua trajet\u00f3ria na com\u00e9dia Vin\u00edcius Martins arrancou sorrisos de norte a sul do estado, j\u00e1 fez a abertura para humoristas consagrados como o franc\u00eas Paul Cabannes. E vem se destacando nos palcos do Brasil a fora, se apresentado em Goi\u00e2nia, Bras\u00edlia e no Clube do Minhoca em S\u00e3o Paulo do Humorista\u00a0Patrick\u00a0Maia.<\/p>\n\n\n\n<figure class=\"wp-block-image size-full is-resized\"><img loading=\"lazy\" decoding=\"async\" width=\"696\" height=\"392\" src=\"https:\/\/focotocantinense.com.br\/wp-content\/uploads\/2024\/06\/0001.jpg\" alt=\"\" class=\"wp-image-7848\" style=\"width:357px;height:auto\" srcset=\"https:\/\/focotocantinense.com.br\/wp-content\/uploads\/2024\/06\/0001.jpg 696w, https:\/\/focotocantinense.com.br\/wp-content\/uploads\/2024\/06\/0001-300x169.jpg 300w\" sizes=\"auto, (max-width: 696px) 100vw, 696px\" \/><\/figure>\n\n\n\n<p><\/p>\n\n\n\n<p><\/p>\n\n\n\n<figure class=\"wp-block-image size-full is-resized\"><img loading=\"lazy\" decoding=\"async\" width=\"576\" height=\"1024\" src=\"https:\/\/focotocantinense.com.br\/wp-content\/uploads\/2024\/06\/011-1.jpg\" alt=\"\" class=\"wp-image-7849\" style=\"width:843px;height:auto\" srcset=\"https:\/\/focotocantinense.com.br\/wp-content\/uploads\/2024\/06\/011-1.jpg 576w, https:\/\/focotocantinense.com.br\/wp-content\/uploads\/2024\/06\/011-1-169x300.jpg 169w\" sizes=\"auto, (max-width: 576px) 100vw, 576px\" \/><\/figure>\n\n\n\n<p><\/p>\n\n\n\n<p><strong><em>Matheus Cear\u00e1<\/em><\/strong><\/p>\n\n\n\n<p>Matheus Cear\u00e1 \u00e9 um comediante brasileiro nascido em Fortaleza, no Cear\u00e1. Ainda na adolesc\u00eancia come\u00e7ou a investir em uma carreira na com\u00e9dia, adotando uma est\u00e9tica nordestina, utilizando acess\u00f3rios comumente associados a um personagem caipira, e aderindo de vez ao apelido como parte de seu nome art\u00edstico.<\/p>\n\n\n\n<p>Matheus venceu em 2010 o quadro \u201cQuem chega l\u00e1\u201d, do \u201cDoming\u00e3o do Faust\u00e3o\u201d, na Rede Globo, participando da atra\u00e7\u00e3o dominical tamb\u00e9m em outras ocasi\u00f5es. Ap\u00f3s se destacar no programa, foi convidado a fazer parte do elenco fixo do humor\u00edstico \u201cA Pra\u00e7a \u00e9 Nossa\u201d, do SBT, onde ficou por 12 anos. Agora, Matheus Cear\u00e1 est\u00e1 faz parete do casting do canal fechado Multishow.<\/p>\n\n\n\n<p>Para al\u00e9m de se dedicar \u00e0 TV, Matheus Cear\u00e1 tamb\u00e9m produz shows solos nos palcos, se apresentando com seu personagem caracter\u00edstico da \u201cA Pra\u00e7a \u00e9 Nossa\u201d, tamb\u00e9m investindo em projetos para o cinema.<\/p>\n\n\n\n<p><\/p>\n\n\n\n<figure class=\"wp-block-image size-full\"><img loading=\"lazy\" decoding=\"async\" width=\"843\" height=\"251\" src=\"https:\/\/focotocantinense.com.br\/wp-content\/uploads\/2024\/06\/VINI_181_282-1-1.jpg\" alt=\"\" class=\"wp-image-7840\" srcset=\"https:\/\/focotocantinense.com.br\/wp-content\/uploads\/2024\/06\/VINI_181_282-1-1.jpg 843w, https:\/\/focotocantinense.com.br\/wp-content\/uploads\/2024\/06\/VINI_181_282-1-1-300x89.jpg 300w, https:\/\/focotocantinense.com.br\/wp-content\/uploads\/2024\/06\/VINI_181_282-1-1-768x229.jpg 768w\" sizes=\"auto, (max-width: 843px) 100vw, 843px\" \/><\/figure>\n","protected":false},"excerpt":{"rendered":"<p>Neste domingo, 30, \u00e0s 21hs no Audit\u00f3rio da ATM em Palmas, o humorista Matheus Cear\u00e1 se apresenta com o show \u201cMeta a M\u00e3o que o Dedo \u00e9 Pouco\u201d, em sua melhor forma: como o contador de piadas desbocado, sem as amarras do papel que o tornou famoso na TV, livre para contar suas hist\u00f3rias das &hellip;<\/p>\n","protected":false},"author":5,"featured_media":7848,"comment_status":"open","ping_status":"open","sticky":false,"template":"","format":"standard","meta":{"footnotes":""},"categories":[104],"tags":[],"class_list":["post-7847","post","type-post","status-publish","format-standard","has-post-thumbnail","","category-cultura"],"_links":{"self":[{"href":"https:\/\/focotocantinense.com.br\/index.php?rest_route=\/wp\/v2\/posts\/7847","targetHints":{"allow":["GET"]}}],"collection":[{"href":"https:\/\/focotocantinense.com.br\/index.php?rest_route=\/wp\/v2\/posts"}],"about":[{"href":"https:\/\/focotocantinense.com.br\/index.php?rest_route=\/wp\/v2\/types\/post"}],"author":[{"embeddable":true,"href":"https:\/\/focotocantinense.com.br\/index.php?rest_route=\/wp\/v2\/users\/5"}],"replies":[{"embeddable":true,"href":"https:\/\/focotocantinense.com.br\/index.php?rest_route=%2Fwp%2Fv2%2Fcomments&post=7847"}],"version-history":[{"count":2,"href":"https:\/\/focotocantinense.com.br\/index.php?rest_route=\/wp\/v2\/posts\/7847\/revisions"}],"predecessor-version":[{"id":7851,"href":"https:\/\/focotocantinense.com.br\/index.php?rest_route=\/wp\/v2\/posts\/7847\/revisions\/7851"}],"wp:featuredmedia":[{"embeddable":true,"href":"https:\/\/focotocantinense.com.br\/index.php?rest_route=\/wp\/v2\/media\/7848"}],"wp:attachment":[{"href":"https:\/\/focotocantinense.com.br\/index.php?rest_route=%2Fwp%2Fv2%2Fmedia&parent=7847"}],"wp:term":[{"taxonomy":"category","embeddable":true,"href":"https:\/\/focotocantinense.com.br\/index.php?rest_route=%2Fwp%2Fv2%2Fcategories&post=7847"},{"taxonomy":"post_tag","embeddable":true,"href":"https:\/\/focotocantinense.com.br\/index.php?rest_route=%2Fwp%2Fv2%2Ftags&post=7847"}],"curies":[{"name":"wp","href":"https:\/\/api.w.org\/{rel}","templated":true}]}}