{"id":784,"date":"2021-02-24T18:09:10","date_gmt":"2021-02-24T21:09:10","guid":{"rendered":"http:\/\/focotocantinense.com.br\/?p=784"},"modified":"2021-02-24T18:09:14","modified_gmt":"2021-02-24T21:09:14","slug":"acordo-de-cooperacao-tecnica-visa-modernizar-a-camara-de-vereadores-de-lagoa-da-confusao","status":"publish","type":"post","link":"https:\/\/focotocantinense.com.br\/?p=784","title":{"rendered":"Acordo de coopera\u00e7\u00e3o t\u00e9cnica visa modernizar a C\u00e2mara de Vereadores de Lagoa da Confus\u00e3o"},"content":{"rendered":"\n<figure class=\"wp-block-image\"><img decoding=\"async\" src=\"https:\/\/portaldoamaral.com.br\/wp-content\/uploads\/2021\/02\/Lagoa-da-Confusao.jpg\" alt=\"\"\/><\/figure>\n\n\n\n<p><strong>Por Zacarias Martins<\/strong><\/p>\n\n\n\n<p>O presidente da C\u00e2mara Municipal de Lagoa da Confus\u00e3o, Luiz Edvaldo Coelho dos Santos, o Di (PTB), est\u00e1 em Bras\u00edlia com uma comitiva de vereadores da sua cidade, visitando parlamentares que integram a Bancada Tocantinense no Congresso Nacional, em busca de garantir apoio or\u00e7ament\u00e1rios para que o prefeito Thiago Carlos possa desenvolver v\u00e1rios projetos que venham beneficiar a popula\u00e7\u00e3o do munic\u00edpio lagoense.<\/p>\n\n\n\n<p>Os vereadores&nbsp; &nbsp;tamb\u00e9m se encontraram com o diretor-executivo do ILB &#8211; &nbsp;Instituto Legislativo Brasileiro, M\u00e1rcio Chalegre Coimbra para solicitar a&nbsp; celebra\u00e7\u00e3o de um acordo de coopera\u00e7\u00e3o t\u00e9cnica&nbsp; daquele \u00f3rg\u00e3o com a &nbsp;C\u00e2mara Municipal de Lagoa da Confus\u00e3o, visando a implementa\u00e7\u00e3o de a\u00e7\u00f5es de moderniza\u00e7\u00e3o do ILB INTERLEGIS &#8211; programa de integra\u00e7\u00e3o e moderniza\u00e7\u00e3o do Poder Legislativo, &nbsp;que inclui, ainda, a capacita\u00e7\u00e3o de vereadores, servidores e outras importantes a\u00e7\u00f5es que v\u00e3o modernizar a atividade legislativa no Legislativo lagoense.<\/p>\n\n\n\n<p><strong>O Interlegis<\/strong><\/p>\n\n\n\n<p>O Interlegis \u00e9 um programa do Senado Federal, em parceria com o Banco Interamericano de Desenvolvimento (BID), criado em 1997. \u00c9 &nbsp;o bra\u00e7o do Senado Federal para a moderniza\u00e7\u00e3o e integra\u00e7\u00e3o do Legislativo brasileiro. O objetivo do Interlegis \u00e9 fortalecer o Poder Legislativo brasileiro por meio do est\u00edmulo \u00e0 moderniza\u00e7\u00e3o e a integra\u00e7\u00e3o das casas legislativas. Realiza sua miss\u00e3o em grande parte com a transfer\u00eancia de tecnologia e com a\u00e7\u00f5es de capacita\u00e7\u00e3o.<\/p>\n\n\n\n<p><strong>A comitiva<\/strong><\/p>\n\n\n\n<p>Acompanhando o presidente da C\u00e2mara Municipal de Lagoa da Confus\u00e3o est\u00e3o os vereadores: Alan Coelho (MDB), Biton (PP), Davi da Ambul\u00e2ncia (DC), Napole\u00e3o Dion\u00edsio (PSL), Nelvi Teixeira Carlos (DEM), Welice Cardoso da Costa (SD) e&nbsp;Professora Dona Norah&nbsp;(SD).<\/p>\n","protected":false},"excerpt":{"rendered":"<p>Por Zacarias Martins O presidente da C\u00e2mara Municipal de Lagoa da Confus\u00e3o, Luiz Edvaldo Coelho dos Santos, o Di (PTB), est\u00e1 em Bras\u00edlia com uma comitiva de vereadores da sua cidade, visitando parlamentares que integram a Bancada Tocantinense no Congresso Nacional, em busca de garantir apoio or\u00e7ament\u00e1rios para que o prefeito Thiago Carlos possa desenvolver &hellip;<\/p>\n","protected":false},"author":5,"featured_media":785,"comment_status":"open","ping_status":"open","sticky":false,"template":"","format":"standard","meta":{"footnotes":""},"categories":[1],"tags":[],"class_list":["post-784","post","type-post","status-publish","format-standard","has-post-thumbnail","","category-sem-categoria"],"_links":{"self":[{"href":"https:\/\/focotocantinense.com.br\/index.php?rest_route=\/wp\/v2\/posts\/784","targetHints":{"allow":["GET"]}}],"collection":[{"href":"https:\/\/focotocantinense.com.br\/index.php?rest_route=\/wp\/v2\/posts"}],"about":[{"href":"https:\/\/focotocantinense.com.br\/index.php?rest_route=\/wp\/v2\/types\/post"}],"author":[{"embeddable":true,"href":"https:\/\/focotocantinense.com.br\/index.php?rest_route=\/wp\/v2\/users\/5"}],"replies":[{"embeddable":true,"href":"https:\/\/focotocantinense.com.br\/index.php?rest_route=%2Fwp%2Fv2%2Fcomments&post=784"}],"version-history":[{"count":1,"href":"https:\/\/focotocantinense.com.br\/index.php?rest_route=\/wp\/v2\/posts\/784\/revisions"}],"predecessor-version":[{"id":786,"href":"https:\/\/focotocantinense.com.br\/index.php?rest_route=\/wp\/v2\/posts\/784\/revisions\/786"}],"wp:featuredmedia":[{"embeddable":true,"href":"https:\/\/focotocantinense.com.br\/index.php?rest_route=\/wp\/v2\/media\/785"}],"wp:attachment":[{"href":"https:\/\/focotocantinense.com.br\/index.php?rest_route=%2Fwp%2Fv2%2Fmedia&parent=784"}],"wp:term":[{"taxonomy":"category","embeddable":true,"href":"https:\/\/focotocantinense.com.br\/index.php?rest_route=%2Fwp%2Fv2%2Fcategories&post=784"},{"taxonomy":"post_tag","embeddable":true,"href":"https:\/\/focotocantinense.com.br\/index.php?rest_route=%2Fwp%2Fv2%2Ftags&post=784"}],"curies":[{"name":"wp","href":"https:\/\/api.w.org\/{rel}","templated":true}]}}