{"id":7836,"date":"2024-06-25T18:55:31","date_gmt":"2024-06-25T21:55:31","guid":{"rendered":"https:\/\/focotocantinense.com.br\/?p=7836"},"modified":"2024-06-25T19:01:47","modified_gmt":"2024-06-25T22:01:47","slug":"nelsinho-moreira-lanca-pre-candidatura-a-prefeito-de-lagoa-da-confusao-pelo-mdb-com-apoio-do-pdt","status":"publish","type":"post","link":"https:\/\/focotocantinense.com.br\/?p=7836","title":{"rendered":"Nelsinho Moreira lan\u00e7a pr\u00e9-candidatura a prefeito de Lagoa da Confus\u00e3o pelo MDB, com apoio do PDT"},"content":{"rendered":"\n<p><strong>Por Zacarias Martins &#8211; Especial para a Coluna do CT<\/strong><\/p>\n\n\n\n<p>Ex-prefeito de Lagoa da Confus\u00e3o (2017 a 2020), Nelsinho Moreira (MDB) confirmou o desejo de retornar ao Pa\u00e7o ao lan\u00e7ar na noite de sexta-feira, 21, a pr\u00e9-candidatura. O produtor agropecu\u00e1rio lan\u00e7a projeto com o apoio do Partido Democr\u00e1tico Trabalhista (PDT), presidido no Estado pelo vice-governador Laurez Moreira, que deu aval \u00e0 alian\u00e7a. O evento ocorreu no Espa\u00e7o Celebrar.\u00a0 \u201cA luta \u00e9 insana, mas a vontade daqueles que realmente querem uma Lagoa da Confus\u00e3o melhor, \u00e9 ainda maior. Acreditamos na vit\u00f3ria e vamos continuar lutando firmemente para atingir esse objetivo\u201d,\u00a0 pontuou.<\/p>\n\n\n\n<figure class=\"wp-block-image size-large is-resized\"><img loading=\"lazy\" decoding=\"async\" width=\"576\" height=\"1024\" src=\"https:\/\/focotocantinense.com.br\/wp-content\/uploads\/2024\/06\/ad1a33ca-b088-41c7-9035-d087da7b93aa-576x1024.jpg\" alt=\"\" class=\"wp-image-7845\" style=\"width:395px;height:auto\" srcset=\"https:\/\/focotocantinense.com.br\/wp-content\/uploads\/2024\/06\/ad1a33ca-b088-41c7-9035-d087da7b93aa-576x1024.jpg 576w, https:\/\/focotocantinense.com.br\/wp-content\/uploads\/2024\/06\/ad1a33ca-b088-41c7-9035-d087da7b93aa-169x300.jpg 169w, https:\/\/focotocantinense.com.br\/wp-content\/uploads\/2024\/06\/ad1a33ca-b088-41c7-9035-d087da7b93aa.jpg 720w\" sizes=\"auto, (max-width: 576px) 100vw, 576px\" \/><\/figure>\n\n\n\n<p><\/p>\n\n\n\n<p><\/p>\n\n\n\n<figure class=\"wp-block-image size-full\"><img loading=\"lazy\" decoding=\"async\" width=\"831\" height=\"398\" src=\"https:\/\/focotocantinense.com.br\/wp-content\/uploads\/2024\/06\/vvvv.jpg\" alt=\"\" class=\"wp-image-7839\" srcset=\"https:\/\/focotocantinense.com.br\/wp-content\/uploads\/2024\/06\/vvvv.jpg 831w, https:\/\/focotocantinense.com.br\/wp-content\/uploads\/2024\/06\/vvvv-300x144.jpg 300w, https:\/\/focotocantinense.com.br\/wp-content\/uploads\/2024\/06\/vvvv-768x368.jpg 768w\" sizes=\"auto, (max-width: 831px) 100vw, 831px\" \/><\/figure>\n\n\n\n<p><strong><br>REEDI\u00c7\u00c3O DE 2020<\/strong><\/p>\n\n\n\n<p>O principal advers\u00e1rio de Nelsinho Moreira \u00e9 justamente o prefeito Thiago Soares (UB), pr\u00e9-candidato \u00e0 reelei\u00e7\u00e3o e respons\u00e1vel por impedir sua reelei\u00e7\u00e3o em 2020. Naquele ano, o emedebista fez 1.942 votos (29,36%) e ficou em 2\u00ba lugar, contra os 2.354 (35,59%) do atual gestor. O pleito de outubro caminha para uma reedi\u00e7\u00e3o da disputa.<\/p>\n\n\n\n<figure class=\"wp-block-image size-full\"><img loading=\"lazy\" decoding=\"async\" width=\"918\" height=\"528\" src=\"https:\/\/focotocantinense.com.br\/wp-content\/uploads\/2024\/06\/NELSINHO-1.jpg\" alt=\"\" class=\"wp-image-7837\" srcset=\"https:\/\/focotocantinense.com.br\/wp-content\/uploads\/2024\/06\/NELSINHO-1.jpg 918w, https:\/\/focotocantinense.com.br\/wp-content\/uploads\/2024\/06\/NELSINHO-1-300x173.jpg 300w, https:\/\/focotocantinense.com.br\/wp-content\/uploads\/2024\/06\/NELSINHO-1-768x442.jpg 768w\" sizes=\"auto, (max-width: 918px) 100vw, 918px\" \/><\/figure>\n\n\n\n<p><\/p>\n\n\n\n<figure class=\"wp-block-image size-full\"><img loading=\"lazy\" decoding=\"async\" width=\"843\" height=\"251\" src=\"https:\/\/focotocantinense.com.br\/wp-content\/uploads\/2024\/06\/VINI_181_282-1-1.jpg\" alt=\"\" class=\"wp-image-7840\" srcset=\"https:\/\/focotocantinense.com.br\/wp-content\/uploads\/2024\/06\/VINI_181_282-1-1.jpg 843w, https:\/\/focotocantinense.com.br\/wp-content\/uploads\/2024\/06\/VINI_181_282-1-1-300x89.jpg 300w, https:\/\/focotocantinense.com.br\/wp-content\/uploads\/2024\/06\/VINI_181_282-1-1-768x229.jpg 768w\" sizes=\"auto, (max-width: 843px) 100vw, 843px\" \/><\/figure>\n","protected":false},"excerpt":{"rendered":"<p>Por Zacarias Martins &#8211; Especial para a Coluna do CT Ex-prefeito de Lagoa da Confus\u00e3o (2017 a 2020), Nelsinho Moreira (MDB) confirmou o desejo de retornar ao Pa\u00e7o ao lan\u00e7ar na noite de sexta-feira, 21, a pr\u00e9-candidatura. O produtor agropecu\u00e1rio lan\u00e7a projeto com o apoio do Partido Democr\u00e1tico Trabalhista (PDT), presidido no Estado pelo vice-governador &hellip;<\/p>\n","protected":false},"author":5,"featured_media":7837,"comment_status":"open","ping_status":"open","sticky":false,"template":"","format":"standard","meta":{"footnotes":""},"categories":[71],"tags":[],"class_list":["post-7836","post","type-post","status-publish","format-standard","has-post-thumbnail","","category-lagoa-da-confusao"],"_links":{"self":[{"href":"https:\/\/focotocantinense.com.br\/index.php?rest_route=\/wp\/v2\/posts\/7836","targetHints":{"allow":["GET"]}}],"collection":[{"href":"https:\/\/focotocantinense.com.br\/index.php?rest_route=\/wp\/v2\/posts"}],"about":[{"href":"https:\/\/focotocantinense.com.br\/index.php?rest_route=\/wp\/v2\/types\/post"}],"author":[{"embeddable":true,"href":"https:\/\/focotocantinense.com.br\/index.php?rest_route=\/wp\/v2\/users\/5"}],"replies":[{"embeddable":true,"href":"https:\/\/focotocantinense.com.br\/index.php?rest_route=%2Fwp%2Fv2%2Fcomments&post=7836"}],"version-history":[{"count":4,"href":"https:\/\/focotocantinense.com.br\/index.php?rest_route=\/wp\/v2\/posts\/7836\/revisions"}],"predecessor-version":[{"id":7846,"href":"https:\/\/focotocantinense.com.br\/index.php?rest_route=\/wp\/v2\/posts\/7836\/revisions\/7846"}],"wp:featuredmedia":[{"embeddable":true,"href":"https:\/\/focotocantinense.com.br\/index.php?rest_route=\/wp\/v2\/media\/7837"}],"wp:attachment":[{"href":"https:\/\/focotocantinense.com.br\/index.php?rest_route=%2Fwp%2Fv2%2Fmedia&parent=7836"}],"wp:term":[{"taxonomy":"category","embeddable":true,"href":"https:\/\/focotocantinense.com.br\/index.php?rest_route=%2Fwp%2Fv2%2Fcategories&post=7836"},{"taxonomy":"post_tag","embeddable":true,"href":"https:\/\/focotocantinense.com.br\/index.php?rest_route=%2Fwp%2Fv2%2Ftags&post=7836"}],"curies":[{"name":"wp","href":"https:\/\/api.w.org\/{rel}","templated":true}]}}