{"id":7830,"date":"2024-06-25T15:46:46","date_gmt":"2024-06-25T18:46:46","guid":{"rendered":"https:\/\/focotocantinense.com.br\/?p=7830"},"modified":"2024-06-25T15:49:05","modified_gmt":"2024-06-25T18:49:05","slug":"governo-do-tocantins-antecipa-pagamento-dos-servidores-para-esta-quinta-feira-27-e-injeta-r-309-milhoes-na-economia-do-estado","status":"publish","type":"post","link":"https:\/\/focotocantinense.com.br\/?p=7830","title":{"rendered":"Governo do Tocantins antecipa pagamento dos servidores para esta quinta-feira, 27, e injeta R$ 309 milh\u00f5es na economia do Estado"},"content":{"rendered":"\n<p>O Governo do Tocantins pagar\u00e1 os servidores p\u00fablicos estaduais nesta quinta-feira, 27. O montante total \u00e9 de R$ 309.715.473,57, abrangendo todos os funcion\u00e1rios ativos do Estado. Os sal\u00e1rios estar\u00e3o dispon\u00edveis para saque ao longo desta quinta-feira.<\/p>\n\n\n\n<p>A antecipa\u00e7\u00e3o do pagamento refor\u00e7a o compromisso do governador Wanderlei Barbosa com a valoriza\u00e7\u00e3o dos servidores p\u00fablicos, que prestam servi\u00e7o com efici\u00eancia em prol da popula\u00e7\u00e3o tocantinense.<\/p>\n\n\n\n<figure class=\"wp-block-image size-full is-resized\"><img loading=\"lazy\" decoding=\"async\" width=\"941\" height=\"524\" src=\"https:\/\/focotocantinense.com.br\/wp-content\/uploads\/2024\/06\/Sem-titulo-2.jpg\" alt=\"\" class=\"wp-image-7832\" style=\"width:382px;height:auto\" srcset=\"https:\/\/focotocantinense.com.br\/wp-content\/uploads\/2024\/06\/Sem-titulo-2.jpg 941w, https:\/\/focotocantinense.com.br\/wp-content\/uploads\/2024\/06\/Sem-titulo-2-300x167.jpg 300w, https:\/\/focotocantinense.com.br\/wp-content\/uploads\/2024\/06\/Sem-titulo-2-768x428.jpg 768w\" sizes=\"auto, (max-width: 941px) 100vw, 941px\" \/><\/figure>\n\n\n\n<p><\/p>\n\n\n\n<p><\/p>\n\n\n\n<p><strong>Piso<\/strong>&nbsp;<strong>da<\/strong>&nbsp;<strong>enfermagem<\/strong><\/p>\n\n\n\n<p>Ainda nesta quinta-feira, 27, o Governo do Tocantins far\u00e1 o repasse do piso da enfermagem. A folha complementar \u00e9 elaborada pela Secretaria de Estado da Sa\u00fade (SES-TO), em conjunto com a Secretaria de Estado da Administra\u00e7\u00e3o (Secad). Este compromisso inclui o repasse dos valores de acordo com as diretrizes estabelecidas para a categoria, demonstrando o respeito e o reconhecimento pela dedica\u00e7\u00e3o dos profissionais da sa\u00fade no Estado.<\/p>\n\n\n\n<p><\/p>\n\n\n\n<figure class=\"wp-block-image size-full\"><img loading=\"lazy\" decoding=\"async\" width=\"843\" height=\"251\" src=\"https:\/\/focotocantinense.com.br\/wp-content\/uploads\/2024\/06\/VINI_181_282-1.jpg\" alt=\"\" class=\"wp-image-7790\" srcset=\"https:\/\/focotocantinense.com.br\/wp-content\/uploads\/2024\/06\/VINI_181_282-1.jpg 843w, https:\/\/focotocantinense.com.br\/wp-content\/uploads\/2024\/06\/VINI_181_282-1-300x89.jpg 300w, https:\/\/focotocantinense.com.br\/wp-content\/uploads\/2024\/06\/VINI_181_282-1-768x229.jpg 768w\" sizes=\"auto, (max-width: 843px) 100vw, 843px\" \/><\/figure>\n","protected":false},"excerpt":{"rendered":"<p>O Governo do Tocantins pagar\u00e1 os servidores p\u00fablicos estaduais nesta quinta-feira, 27. O montante total \u00e9 de R$ 309.715.473,57, abrangendo todos os funcion\u00e1rios ativos do Estado. Os sal\u00e1rios estar\u00e3o dispon\u00edveis para saque ao longo desta quinta-feira. A antecipa\u00e7\u00e3o do pagamento refor\u00e7a o compromisso do governador Wanderlei Barbosa com a valoriza\u00e7\u00e3o dos servidores p\u00fablicos, que prestam &hellip;<\/p>\n","protected":false},"author":5,"featured_media":7831,"comment_status":"open","ping_status":"open","sticky":false,"template":"","format":"standard","meta":{"footnotes":""},"categories":[39],"tags":[],"class_list":["post-7830","post","type-post","status-publish","format-standard","has-post-thumbnail","","category-estado"],"_links":{"self":[{"href":"https:\/\/focotocantinense.com.br\/index.php?rest_route=\/wp\/v2\/posts\/7830","targetHints":{"allow":["GET"]}}],"collection":[{"href":"https:\/\/focotocantinense.com.br\/index.php?rest_route=\/wp\/v2\/posts"}],"about":[{"href":"https:\/\/focotocantinense.com.br\/index.php?rest_route=\/wp\/v2\/types\/post"}],"author":[{"embeddable":true,"href":"https:\/\/focotocantinense.com.br\/index.php?rest_route=\/wp\/v2\/users\/5"}],"replies":[{"embeddable":true,"href":"https:\/\/focotocantinense.com.br\/index.php?rest_route=%2Fwp%2Fv2%2Fcomments&post=7830"}],"version-history":[{"count":3,"href":"https:\/\/focotocantinense.com.br\/index.php?rest_route=\/wp\/v2\/posts\/7830\/revisions"}],"predecessor-version":[{"id":7835,"href":"https:\/\/focotocantinense.com.br\/index.php?rest_route=\/wp\/v2\/posts\/7830\/revisions\/7835"}],"wp:featuredmedia":[{"embeddable":true,"href":"https:\/\/focotocantinense.com.br\/index.php?rest_route=\/wp\/v2\/media\/7831"}],"wp:attachment":[{"href":"https:\/\/focotocantinense.com.br\/index.php?rest_route=%2Fwp%2Fv2%2Fmedia&parent=7830"}],"wp:term":[{"taxonomy":"category","embeddable":true,"href":"https:\/\/focotocantinense.com.br\/index.php?rest_route=%2Fwp%2Fv2%2Fcategories&post=7830"},{"taxonomy":"post_tag","embeddable":true,"href":"https:\/\/focotocantinense.com.br\/index.php?rest_route=%2Fwp%2Fv2%2Ftags&post=7830"}],"curies":[{"name":"wp","href":"https:\/\/api.w.org\/{rel}","templated":true}]}}