{"id":7826,"date":"2024-06-24T12:46:16","date_gmt":"2024-06-24T15:46:16","guid":{"rendered":"https:\/\/focotocantinense.com.br\/?p=7826"},"modified":"2024-06-24T12:46:17","modified_gmt":"2024-06-24T15:46:17","slug":"conheca-a-historia-do-casal-rafael-e-andressa-que-juntos-resolveram-empreender-e-hoje-sao-donos-do-proprio-negocio","status":"publish","type":"post","link":"https:\/\/focotocantinense.com.br\/?p=7826","title":{"rendered":"Conhe\u00e7a a hist\u00f3ria do casal Rafael e Andr\u00eassa, que juntos resolveram empreender e hoje s\u00e3o donos do pr\u00f3prio neg\u00f3cio"},"content":{"rendered":"\n<p>Casal de Palmas lan\u00e7ou a loja DI LUXO STORE especializada em cal\u00e7ados femininos.<\/p>\n\n\n\n<figure class=\"wp-block-image size-large is-resized\"><img loading=\"lazy\" decoding=\"async\" width=\"683\" height=\"1024\" src=\"https:\/\/focotocantinense.com.br\/wp-content\/uploads\/2024\/06\/WhatsApp-Image-2024-06-24-at-11.38.56-683x1024.jpeg\" alt=\"\" class=\"wp-image-7827\" style=\"width:333px;height:auto\" srcset=\"https:\/\/focotocantinense.com.br\/wp-content\/uploads\/2024\/06\/WhatsApp-Image-2024-06-24-at-11.38.56-683x1024.jpeg 683w, https:\/\/focotocantinense.com.br\/wp-content\/uploads\/2024\/06\/WhatsApp-Image-2024-06-24-at-11.38.56-200x300.jpeg 200w, https:\/\/focotocantinense.com.br\/wp-content\/uploads\/2024\/06\/WhatsApp-Image-2024-06-24-at-11.38.56-768x1152.jpeg 768w, https:\/\/focotocantinense.com.br\/wp-content\/uploads\/2024\/06\/WhatsApp-Image-2024-06-24-at-11.38.56.jpeg 1000w\" sizes=\"auto, (max-width: 683px) 100vw, 683px\" \/><\/figure>\n\n\n\n<p>O Tocantins tem atualmente mais de 12 mil e 9 mil deles s\u00e3o microempreendedores individuais, segundo dados apontados pelo Servi\u00e7o Brasileiro de Apoio \u00e0s Micro e Pequenas Empresas. Muitos desses empres\u00e1rios est\u00e3o realizando um sonho, como o casal Rafael Sampaio, de 42 anos, e Andr\u00eassa Juscelino, de 25 anos. Em maio deste ano, eles lan\u00e7aram a loja DI LUXO STORE, na cidade de Palmas, Tocantins. O empreendimento \u00e9 voltado a cal\u00e7adas femininos e funciona de forma online. Eles est\u00e3o realizando um sonho.<\/p>\n\n\n\n<p>Andr\u00eassa \u00e9 gestora financeira e Rafael atua na carreira policial. Mesmo com outras atividades, o casal resolveu empreender. \u201cA nossa maior vantagem \u00e9 a parceria. Andr\u00eassa cuida da gest\u00e3o empresarial e faz todo o atendimento ao cliente de venda e p\u00f3s-venda, e Rafael \u00e9 o respons\u00e1vel pelo servi\u00e7o de campo, prospec\u00e7\u00e3o de clientes, entregas dos pedidos, entre outros\u201d, explicaram eles.<\/p>\n\n\n\n<p>Eles contam que o maior desafio em empreender juntos \u00e9 conciliar a vida pessoal com a profissional, mas eles tamb\u00e9m encontram in\u00fameras vantagens na parceria: \u201cPoder administrar o nosso pr\u00f3prio hor\u00e1rio, passar mais tempo juntos, estar pr\u00f3ximo do nosso filho e acompanhar o seu crescimento \u00e9 gratificante e vale muito a pena\u201d.<\/p>\n\n\n\n<p>O casal que come\u00e7ou o neg\u00f3cio com o recurso limitado, em pouco tempo j\u00e1 realiza planos futuros. Eles querem ampliar o empreendimento e diversificar os produtos, projetando at\u00e9 uma futura loja f\u00edsica. \u201c Queremos trazer outros produtos, como cal\u00e7ados masculinos e at\u00e9 roupas. Al\u00e9m disso, o projeto \u00e9 ter uma loja f\u00edsica\u201d, explicaram eles.<br>Para conhecer a loja e garantir um dos produtos, voc\u00ea pode acessar o perfil oficinal no Instagram pelo link: https:\/\/www.instagram.com\/p\/C7mulKvvDKi\/?igsh=MThhcW9uMDJsODJheQ%3D%3D<br>Tamb\u00e9m pelo telefone: (63) 98515-3606.<\/p>\n","protected":false},"excerpt":{"rendered":"<p>Casal de Palmas lan\u00e7ou a loja DI LUXO STORE especializada em cal\u00e7ados femininos. O Tocantins tem atualmente mais de 12 mil e 9 mil deles s\u00e3o microempreendedores individuais, segundo dados apontados pelo Servi\u00e7o Brasileiro de Apoio \u00e0s Micro e Pequenas Empresas. Muitos desses empres\u00e1rios est\u00e3o realizando um sonho, como o casal Rafael Sampaio, de 42 &hellip;<\/p>\n","protected":false},"author":5,"featured_media":7828,"comment_status":"open","ping_status":"open","sticky":false,"template":"","format":"standard","meta":{"footnotes":""},"categories":[1],"tags":[],"class_list":["post-7826","post","type-post","status-publish","format-standard","has-post-thumbnail","","category-sem-categoria"],"_links":{"self":[{"href":"https:\/\/focotocantinense.com.br\/index.php?rest_route=\/wp\/v2\/posts\/7826","targetHints":{"allow":["GET"]}}],"collection":[{"href":"https:\/\/focotocantinense.com.br\/index.php?rest_route=\/wp\/v2\/posts"}],"about":[{"href":"https:\/\/focotocantinense.com.br\/index.php?rest_route=\/wp\/v2\/types\/post"}],"author":[{"embeddable":true,"href":"https:\/\/focotocantinense.com.br\/index.php?rest_route=\/wp\/v2\/users\/5"}],"replies":[{"embeddable":true,"href":"https:\/\/focotocantinense.com.br\/index.php?rest_route=%2Fwp%2Fv2%2Fcomments&post=7826"}],"version-history":[{"count":1,"href":"https:\/\/focotocantinense.com.br\/index.php?rest_route=\/wp\/v2\/posts\/7826\/revisions"}],"predecessor-version":[{"id":7829,"href":"https:\/\/focotocantinense.com.br\/index.php?rest_route=\/wp\/v2\/posts\/7826\/revisions\/7829"}],"wp:featuredmedia":[{"embeddable":true,"href":"https:\/\/focotocantinense.com.br\/index.php?rest_route=\/wp\/v2\/media\/7828"}],"wp:attachment":[{"href":"https:\/\/focotocantinense.com.br\/index.php?rest_route=%2Fwp%2Fv2%2Fmedia&parent=7826"}],"wp:term":[{"taxonomy":"category","embeddable":true,"href":"https:\/\/focotocantinense.com.br\/index.php?rest_route=%2Fwp%2Fv2%2Fcategories&post=7826"},{"taxonomy":"post_tag","embeddable":true,"href":"https:\/\/focotocantinense.com.br\/index.php?rest_route=%2Fwp%2Fv2%2Ftags&post=7826"}],"curies":[{"name":"wp","href":"https:\/\/api.w.org\/{rel}","templated":true}]}}