{"id":7814,"date":"2024-06-21T08:45:29","date_gmt":"2024-06-21T11:45:29","guid":{"rendered":"https:\/\/focotocantinense.com.br\/?p=7814"},"modified":"2024-06-21T08:45:30","modified_gmt":"2024-06-21T11:45:30","slug":"alvorada-arraia-do-povo-promete-movimentar-o-comercio-local-com-shows-nacionais-de-icaro-gilmar-felipe-rodrigo-gustavo-moura-rafael-e-vinicius-cavalcante","status":"publish","type":"post","link":"https:\/\/focotocantinense.com.br\/?p=7814","title":{"rendered":"Alvorada:  Arrai\u00e1 do Povo promete movimentar o com\u00e9rcio local com shows nacionais de \u00cdcaro &amp; Gilmar, Felipe &amp; Rodrigo, Gustavo Moura &amp; Rafael e Vinicius Cavalcante"},"content":{"rendered":"\n<p>O Arrai\u00e1 do Povo, tradicional festa junina do munic\u00edpio de Alvorada, regi\u00e3o sul do Tocantins, acontece nos pr\u00f3ximos dias 21 e 22 de junho, sexta e s\u00e1bado, a partir das 19 horas, na Orla da Lagoa da Ema, dispondo de uma megaestrutura com shows de renome nacional e regional, muita agita\u00e7\u00e3o, quadrilhas juninas, pra\u00e7a de alimenta\u00e7\u00e3o e comidas t\u00edpicas.<\/p>\n\n\n\n<figure class=\"wp-block-image size-large is-resized\"><img loading=\"lazy\" decoding=\"async\" width=\"819\" height=\"1024\" src=\"https:\/\/focotocantinense.com.br\/wp-content\/uploads\/2024\/06\/WhatsApp-Image-2024-06-20-at-16.57.37-819x1024.jpeg\" alt=\"\" class=\"wp-image-7815\" style=\"width:378px;height:auto\" srcset=\"https:\/\/focotocantinense.com.br\/wp-content\/uploads\/2024\/06\/WhatsApp-Image-2024-06-20-at-16.57.37-819x1024.jpeg 819w, https:\/\/focotocantinense.com.br\/wp-content\/uploads\/2024\/06\/WhatsApp-Image-2024-06-20-at-16.57.37-240x300.jpeg 240w, https:\/\/focotocantinense.com.br\/wp-content\/uploads\/2024\/06\/WhatsApp-Image-2024-06-20-at-16.57.37-768x960.jpeg 768w, https:\/\/focotocantinense.com.br\/wp-content\/uploads\/2024\/06\/WhatsApp-Image-2024-06-20-at-16.57.37-1229x1536.jpeg 1229w, https:\/\/focotocantinense.com.br\/wp-content\/uploads\/2024\/06\/WhatsApp-Image-2024-06-20-at-16.57.37.jpeg 1280w\" sizes=\"auto, (max-width: 819px) 100vw, 819px\" \/><\/figure>\n\n\n\n<p>Realizada pela Prefeitura de Alvorada, a festan\u00e7a est\u00e1 em sua 6\u00aa edi\u00e7\u00e3o e a entrada \u00e9 totalmente gratuita. Estar\u00e3o no palco do Arrai\u00e1 do Povo de Alvorada as duplas sertanejas \u00cdcaro &amp; Gilmar, Felipe &amp; Rodrigo, Gustavo Moura &amp; Rafael, os DJ\u2019s Vinicius Cavalcante e Douglas Rocha, a banda alvoradense Forroz\u00e3o Tocantins e os locutores Enzo Oliver e Mattheus Tomaz.<\/p>\n\n\n\n<p>\u201cOs alvoradenses trabalham muito para sustentar as suas fam\u00edlias e nada mais justo do que trazermos eventos como esse para eles. A gest\u00e3o municipal faz isso com muita responsabilidade e transpar\u00eancia. Se temos obras executadas, servi\u00e7os prestados e uma gest\u00e3o eficiente, podemos sim ter boas festas tamb\u00e9m\u201d, ressaltou o prefeito Paulo Ant\u00f4nio.<\/p>\n\n\n\n<p>Um dos principais focos da gest\u00e3o ao viabilizar o Arrai\u00e1 do Povo \u00e9 a fomenta\u00e7\u00e3o da economia local. \u201cOs comerciantes montam as suas barracas no circuito do arrai\u00e1 sem pagar pelo espa\u00e7o. Vendem os seus produtos e tiram o sustento da fam\u00edlia. Ontem me disseram que n\u00e3o h\u00e1 vagas mais nos hot\u00e9is. O dinheiro circula dentro do munic\u00edpio e quem ganha \u00e9 a popula\u00e7\u00e3o\u201d, finalizou o gestor.<\/p>\n\n\n\n<p>Al\u00e9m de muito forr\u00f3 regional, sertanejos nacionais e m\u00fasicas eletr\u00f4nicas, acontecer\u00e3o as habituais apresenta\u00e7\u00f5es de dan\u00e7as juninas pelos alunos das escolas da rede municipal de ensino e a quadrilha do esquisito. A repercuss\u00e3o nas redes sociais indica que muitas pessoas de toda a regi\u00e3o sul do Tocantins e norte de Goi\u00e1s dever\u00e3o prestigiar o evento.<\/p>\n\n\n\n<p>Confira as atra\u00e7\u00f5es do Arrai\u00e1 do Povo 2024:<\/p>\n\n\n\n<p>21\/06\/2024 (sexta-feira)<br>\u00cdcaro &amp; Gilmar<br>Felipe &amp; Rodrigo<br>DJ Douglas Rocha<\/p>\n\n\n\n<p>22\/06\/2024 (s\u00e1bado)<br>Gustavo Moura &amp; Rafael<br>Vinicius Cavalcante<\/p>\n","protected":false},"excerpt":{"rendered":"<p>O Arrai\u00e1 do Povo, tradicional festa junina do munic\u00edpio de Alvorada, regi\u00e3o sul do Tocantins, acontece nos pr\u00f3ximos dias 21 e 22 de junho, sexta e s\u00e1bado, a partir das 19 horas, na Orla da Lagoa da Ema, dispondo de uma megaestrutura com shows de renome nacional e regional, muita agita\u00e7\u00e3o, quadrilhas juninas, pra\u00e7a de &hellip;<\/p>\n","protected":false},"author":5,"featured_media":7815,"comment_status":"open","ping_status":"open","sticky":false,"template":"","format":"standard","meta":{"footnotes":""},"categories":[1],"tags":[],"class_list":["post-7814","post","type-post","status-publish","format-standard","has-post-thumbnail","","category-sem-categoria"],"_links":{"self":[{"href":"https:\/\/focotocantinense.com.br\/index.php?rest_route=\/wp\/v2\/posts\/7814","targetHints":{"allow":["GET"]}}],"collection":[{"href":"https:\/\/focotocantinense.com.br\/index.php?rest_route=\/wp\/v2\/posts"}],"about":[{"href":"https:\/\/focotocantinense.com.br\/index.php?rest_route=\/wp\/v2\/types\/post"}],"author":[{"embeddable":true,"href":"https:\/\/focotocantinense.com.br\/index.php?rest_route=\/wp\/v2\/users\/5"}],"replies":[{"embeddable":true,"href":"https:\/\/focotocantinense.com.br\/index.php?rest_route=%2Fwp%2Fv2%2Fcomments&post=7814"}],"version-history":[{"count":1,"href":"https:\/\/focotocantinense.com.br\/index.php?rest_route=\/wp\/v2\/posts\/7814\/revisions"}],"predecessor-version":[{"id":7816,"href":"https:\/\/focotocantinense.com.br\/index.php?rest_route=\/wp\/v2\/posts\/7814\/revisions\/7816"}],"wp:featuredmedia":[{"embeddable":true,"href":"https:\/\/focotocantinense.com.br\/index.php?rest_route=\/wp\/v2\/media\/7815"}],"wp:attachment":[{"href":"https:\/\/focotocantinense.com.br\/index.php?rest_route=%2Fwp%2Fv2%2Fmedia&parent=7814"}],"wp:term":[{"taxonomy":"category","embeddable":true,"href":"https:\/\/focotocantinense.com.br\/index.php?rest_route=%2Fwp%2Fv2%2Fcategories&post=7814"},{"taxonomy":"post_tag","embeddable":true,"href":"https:\/\/focotocantinense.com.br\/index.php?rest_route=%2Fwp%2Fv2%2Ftags&post=7814"}],"curies":[{"name":"wp","href":"https:\/\/api.w.org\/{rel}","templated":true}]}}