{"id":781,"date":"2021-02-24T13:30:54","date_gmt":"2021-02-24T16:30:54","guid":{"rendered":"http:\/\/focotocantinense.com.br\/?p=781"},"modified":"2021-02-24T13:31:07","modified_gmt":"2021-02-24T16:31:07","slug":"prefeita-josi-nunes-participa-do-lancamento-da-agenda-prefeito-brasil-em-brasilia","status":"publish","type":"post","link":"https:\/\/focotocantinense.com.br\/?p=781","title":{"rendered":"Prefeita Josi Nunes participa do lan\u00e7amento da Agenda Prefeito + Brasil em Bras\u00edlia"},"content":{"rendered":"\n<figure class=\"wp-block-image\"><img decoding=\"async\" src=\"https:\/\/www.atitudeto.com.br\/wp-content\/uploads\/2021\/02\/Josi-Bolsonaro-e-Eduardo-Gomes-e-Gagui.jpg\" alt=\"Josi-Bolsonaro-e-Eduardo-Gomes-e-Gagui Em busca de recursos, Josi Nunes mostra boas rela\u00e7\u00f5es no governo federal, na bancada federal e no Pal\u00e1cio Araguaia\"\/><\/figure>\n\n\n\n<p>A prefeita de Gurupi, Josi Nunes, participou nesta ter\u00e7a-feira, 23, em Bras\u00edlia, da cerim\u00f4nia de lan\u00e7amento do programa \u201cAgenda Prefeito + Brasil\u201d. Um guia, disponibilizado pelo Governo Federal aos gestores municipais, com orienta\u00e7\u00f5es para os 100 primeiros dias de administra\u00e7\u00e3o. O evento contou com a participa\u00e7\u00e3o do presidente Jair Bolsonaro, de ministros, senadores e prefeitos de v\u00e1rias cidades.<\/p>\n\n\n\n<p>O instrumento de gest\u00e3o est\u00e1 dispon\u00edvel para download no Portal Federativo, e traz, por exemplo, informa\u00e7\u00f5es sobre recursos financeiros e cons\u00f3rcio para a gest\u00e3o municipal, orienta\u00e7\u00f5es sobre como usar a Plataforma + Brasil, modelos de planejamento estrat\u00e9gico, exemplos de boas pr\u00e1ticas de transpar\u00eancia e presta\u00e7\u00e3o de contas.<\/p>\n\n\n\n<p>Segundo a prefeita Josi, o documento ser\u00e1 muito bem aproveitado pela gest\u00e3o em Gurupi. \u201cEsse guia visa promover a boa governan\u00e7a, e esse \u00e9 o nosso objetivo, fazer uma melhor gest\u00e3o. Estamos buscando novos aprendizados, porque pretendemos fazer uma grande gest\u00e3o em Gurupi. E assim seguiremos trabalhando, com bom relacionamento em Bras\u00edlia e nos capacitando cada vez mais\u201d, disse.<\/p>\n\n\n\n<p>O Guia oferece a oportunidade para prefeitos e gestores fazerem parte da rede do Prefeito + Brasil, na qual ter\u00e3o acesso a informa\u00e7\u00f5es federativas. Al\u00e9m disso, o documento \u00e9 uma publica\u00e7\u00e3o mensal com os principais assuntos relacionados ao Poder Executivo Federal e Poder Legislativo, que impactam o dia a dia dos munic\u00edpios.<\/p>\n\n\n\n<p>Segundo o governo, ser\u00e3o lan\u00e7ados em breve dois novos guias para prefeitos, um com orienta\u00e7\u00f5es para os 200 dias de mandato e outro com orienta\u00e7\u00f5es para o primeiro ano de gest\u00e3o municipal. Coordenado pela Secretaria Especial de Assuntos Federativos, vinculada \u00e0 Secretaria de Governo, o guia contou com o apoio da Escola Nacional de Administra\u00e7\u00e3o P\u00fablica (Enap) e mais de 30 minist\u00e9rios, \u00f3rg\u00e3os, institui\u00e7\u00f5es e colaboradores independentes.<\/p>\n","protected":false},"excerpt":{"rendered":"<p>A prefeita de Gurupi, Josi Nunes, participou nesta ter\u00e7a-feira, 23, em Bras\u00edlia, da cerim\u00f4nia de lan\u00e7amento do programa \u201cAgenda Prefeito + Brasil\u201d. Um guia, disponibilizado pelo Governo Federal aos gestores municipais, com orienta\u00e7\u00f5es para os 100 primeiros dias de administra\u00e7\u00e3o. O evento contou com a participa\u00e7\u00e3o do presidente Jair Bolsonaro, de ministros, senadores e prefeitos &hellip;<\/p>\n","protected":false},"author":5,"featured_media":782,"comment_status":"open","ping_status":"open","sticky":false,"template":"","format":"standard","meta":{"footnotes":""},"categories":[38],"tags":[],"class_list":["post-781","post","type-post","status-publish","format-standard","has-post-thumbnail","","category-gurupi"],"_links":{"self":[{"href":"https:\/\/focotocantinense.com.br\/index.php?rest_route=\/wp\/v2\/posts\/781","targetHints":{"allow":["GET"]}}],"collection":[{"href":"https:\/\/focotocantinense.com.br\/index.php?rest_route=\/wp\/v2\/posts"}],"about":[{"href":"https:\/\/focotocantinense.com.br\/index.php?rest_route=\/wp\/v2\/types\/post"}],"author":[{"embeddable":true,"href":"https:\/\/focotocantinense.com.br\/index.php?rest_route=\/wp\/v2\/users\/5"}],"replies":[{"embeddable":true,"href":"https:\/\/focotocantinense.com.br\/index.php?rest_route=%2Fwp%2Fv2%2Fcomments&post=781"}],"version-history":[{"count":1,"href":"https:\/\/focotocantinense.com.br\/index.php?rest_route=\/wp\/v2\/posts\/781\/revisions"}],"predecessor-version":[{"id":783,"href":"https:\/\/focotocantinense.com.br\/index.php?rest_route=\/wp\/v2\/posts\/781\/revisions\/783"}],"wp:featuredmedia":[{"embeddable":true,"href":"https:\/\/focotocantinense.com.br\/index.php?rest_route=\/wp\/v2\/media\/782"}],"wp:attachment":[{"href":"https:\/\/focotocantinense.com.br\/index.php?rest_route=%2Fwp%2Fv2%2Fmedia&parent=781"}],"wp:term":[{"taxonomy":"category","embeddable":true,"href":"https:\/\/focotocantinense.com.br\/index.php?rest_route=%2Fwp%2Fv2%2Fcategories&post=781"},{"taxonomy":"post_tag","embeddable":true,"href":"https:\/\/focotocantinense.com.br\/index.php?rest_route=%2Fwp%2Fv2%2Ftags&post=781"}],"curies":[{"name":"wp","href":"https:\/\/api.w.org\/{rel}","templated":true}]}}