{"id":7794,"date":"2024-06-20T20:47:32","date_gmt":"2024-06-20T23:47:32","guid":{"rendered":"https:\/\/focotocantinense.com.br\/?p=7794"},"modified":"2024-06-20T20:55:25","modified_gmt":"2024-06-20T23:55:25","slug":"em-tocantinia-governador-wanderlei-barbosa-inaugura-complexo-poliesportivo-que-recebeu-r-2-milhoes-do-estado","status":"publish","type":"post","link":"https:\/\/focotocantinense.com.br\/?p=7794","title":{"rendered":"Em Tocant\u00ednia, governador Wanderlei Barbosa inaugura Complexo Poliesportivo que recebeu R$ 2 milh\u00f5es do Estado"},"content":{"rendered":"\n<p>O governador do Tocantins, Wanderlei Barbosa, inaugurou na tarde desta quarta-feira, 19, o Complexo Poliesportivo Jos\u00e9 Wilson Siqueira Campos, em Tocant\u00ednia. Com um investimento total de R$ 2,4 milh\u00f5es, a estrutura foi celebrada como um avan\u00e7o significativo para a comunidade local. O chefe de estado tamb\u00e9m participou da entrega da obra de revitaliza\u00e7\u00e3o do samb\u00f3dromo e das melhorias na ilumina\u00e7\u00e3o p\u00fablica municipal do Setor Aeroporto. Tamb\u00e9m participou da cerim\u00f4nia o secret\u00e1rio interino dos Esportes e Juventude (Seju), Atos Gomes.<\/p>\n\n\n\n<p>Durante a cerim\u00f4nia, o governador Wanderlei Barbosa expressou sua satisfa\u00e7\u00e3o com a conclus\u00e3o da obra e reiterou o compromisso do Governo do Tocantins em continuar investindo em projetos que beneficiem diretamente a popula\u00e7\u00e3o, especialmente por meio do esporte e do lazer. \u201cTemos entregado obras por todo o Estado. Esse complexo esportivo que eu estou entregando \u00e9 um espa\u00e7o que vem para atender a juventude e a popula\u00e7\u00e3o em geral, trazendo melhoria na qualidade de vida. Celebramos n\u00e3o apenas uma nova infraestrutura, mas tamb\u00e9m um marco de progresso e desenvolvimento regional\u201d, destacou Wanderlei Barbosa.<\/p>\n\n\n\n<p>O secret\u00e1rio interino da Seju, Atos Gomes, enfatizou o compromisso do Governo de proporcionar mais qualidade de vida e oportunidades para a pr\u00e1tica esportiva em todo o Estado. \u201cEstamos muito felizes em proporcionar \u00e0 popula\u00e7\u00e3o, juventude e aos atletas de Tocant\u00ednia, pra\u00e7as esportivas como esta. Temos mais de 50 conv\u00eanios na \u00e1rea do esporte no Programa de Fortalecimento. Neste momento \u00e9 poss\u00edvel gra\u00e7as ao governador Wanderlei Barbosa, que prioriza o esporte, e hoje entrega \u00e0 popula\u00e7\u00e3o um projeto que vai fomentar a economia e melhorar a qualidade de vida dos jovens e atletas\u201d, destacou Atos Gomes.<\/p>\n\n\n\n<figure class=\"wp-block-image size-full is-resized\"><img loading=\"lazy\" decoding=\"async\" width=\"696\" height=\"460\" src=\"https:\/\/focotocantinense.com.br\/wp-content\/uploads\/2024\/06\/SSSSSSSS-1.jpg\" alt=\"\" class=\"wp-image-7797\" style=\"width:840px;height:auto\" srcset=\"https:\/\/focotocantinense.com.br\/wp-content\/uploads\/2024\/06\/SSSSSSSS-1.jpg 696w, https:\/\/focotocantinense.com.br\/wp-content\/uploads\/2024\/06\/SSSSSSSS-1-300x198.jpg 300w, https:\/\/focotocantinense.com.br\/wp-content\/uploads\/2024\/06\/SSSSSSSS-1-310x205.jpg 310w\" sizes=\"auto, (max-width: 696px) 100vw, 696px\" \/><\/figure>\n\n\n\n<p><\/p>\n\n\n\n<p><strong>Complexo Esportivo<\/strong><\/p>\n\n\n\n<p>A obra tem um aporte financeiro de R$ 2 milh\u00f5es provenientes do Governo do Tocantins, por meio da Secretaria dos Esportes e Juventude (Seju), como parte do Programa de Fortalecimento da Economia e Gera\u00e7\u00e3o de Emprego, e uma contrapartida de R$ 472.315,82 da Prefeitura de Tocant\u00ednia.<\/p>\n\n\n\n<p>O prefeito em exerc\u00edcio, Jo\u00e3o Alberto, agradeceu a parceria do Governo do Tocantins que possibilitou a constru\u00e7\u00e3o dessa importante obra para a cidade. \u201cEstamos muito felizes em receber o Governador para inaugurar esta obra que obteve um aporte de mais de 2 milh\u00f5es do Estado. Al\u00e9m do complexo, tamb\u00e9m iremos entregar \u00e0 popula\u00e7\u00e3o a ilumina\u00e7\u00e3o p\u00fablica e o samb\u00f3dromo, centro de refer\u00eancia da nossa cidade\u201d, salientou o prefeito em exerc\u00edcio.<\/p>\n\n\n\n<p>\u201cEstamos muito gratos por ter essa parceria com o nosso Governador, que retornou mais uma vez a Tocant\u00ednia, trazendo bem-estar e benef\u00edcios para a nossa popula\u00e7\u00e3o\u201d,&nbsp;completou o prefeito licenciado de Tocant\u00ednia, Manoel Silvino.<\/p>\n\n\n\n<p>Ap\u00f3s a entrega do Complexo Poliesportivo \u00e0 comunidade, foi realizada uma partida de futebol com as autoridades do Governo do Tocantins e da Prefeitura de Tocant\u00ednia.<\/p>\n\n\n\n<figure class=\"wp-block-image size-large\"><img loading=\"lazy\" decoding=\"async\" width=\"1024\" height=\"593\" src=\"https:\/\/focotocantinense.com.br\/wp-content\/uploads\/2024\/06\/cccc-1024x593.jpg\" alt=\"\" class=\"wp-image-7799\" srcset=\"https:\/\/focotocantinense.com.br\/wp-content\/uploads\/2024\/06\/cccc-1024x593.jpg 1024w, https:\/\/focotocantinense.com.br\/wp-content\/uploads\/2024\/06\/cccc-300x174.jpg 300w, https:\/\/focotocantinense.com.br\/wp-content\/uploads\/2024\/06\/cccc-768x445.jpg 768w, https:\/\/focotocantinense.com.br\/wp-content\/uploads\/2024\/06\/cccc.jpg 1103w\" sizes=\"auto, (max-width: 1024px) 100vw, 1024px\" \/><\/figure>\n\n\n\n<p><strong>Pavimenta\u00e7\u00e3o da TO-010<\/strong><\/p>\n\n\n\n<p>Durante seu discurso, o governador Wanderlei Barbosa declarou estar trabalhando firmemente para realizar a pavimenta\u00e7\u00e3o asf\u00e1ltica da TO-010, que liga as cidades de Lajeado e Tocant\u00ednia. \u201cQuero vos informar que estamos finalizando os processos burocr\u00e1ticos para, enfim, realizar o sonho de pavimenta\u00e7\u00e3o da TO-010. Todo o projeto est\u00e1 pronto para ser executado. Esse \u00e9 um compromisso meu com a popula\u00e7\u00e3o de Tocant\u00ednia. Temos realizado isso por todo o Estado e iremos fazer aqui tamb\u00e9m\u201d, declarou o Governador na ocasi\u00e3o.<\/p>\n\n\n\n<p>O trecho em quest\u00e3o abrange 8 km, que al\u00e9m de conectar munic\u00edpios do Estado, oferece acesso \u00e0s comunidades ind\u00edgenas da regi\u00e3o.<\/p>\n\n\n\n<figure class=\"wp-block-image size-full is-resized\"><img loading=\"lazy\" decoding=\"async\" width=\"653\" height=\"377\" src=\"https:\/\/focotocantinense.com.br\/wp-content\/uploads\/2024\/06\/ffffffffffffffffff.jpg\" alt=\"\" class=\"wp-image-7801\" style=\"width:840px;height:auto\" srcset=\"https:\/\/focotocantinense.com.br\/wp-content\/uploads\/2024\/06\/ffffffffffffffffff.jpg 653w, https:\/\/focotocantinense.com.br\/wp-content\/uploads\/2024\/06\/ffffffffffffffffff-300x173.jpg 300w\" sizes=\"auto, (max-width: 653px) 100vw, 653px\" \/><\/figure>\n\n\n\n<p><\/p>\n\n\n\n<figure class=\"wp-block-image size-full\"><img loading=\"lazy\" decoding=\"async\" width=\"869\" height=\"493\" src=\"https:\/\/focotocantinense.com.br\/wp-content\/uploads\/2024\/06\/Sem-titulo.jpg\" alt=\"\" class=\"wp-image-7800\" srcset=\"https:\/\/focotocantinense.com.br\/wp-content\/uploads\/2024\/06\/Sem-titulo.jpg 869w, https:\/\/focotocantinense.com.br\/wp-content\/uploads\/2024\/06\/Sem-titulo-300x170.jpg 300w, https:\/\/focotocantinense.com.br\/wp-content\/uploads\/2024\/06\/Sem-titulo-768x436.jpg 768w\" sizes=\"auto, (max-width: 869px) 100vw, 869px\" \/><\/figure>\n\n\n\n<p><\/p>\n\n\n\n<figure class=\"wp-block-image size-full\"><img loading=\"lazy\" decoding=\"async\" width=\"843\" height=\"251\" src=\"https:\/\/focotocantinense.com.br\/wp-content\/uploads\/2024\/06\/VINI_181_282-1.jpg\" alt=\"\" class=\"wp-image-7790\" srcset=\"https:\/\/focotocantinense.com.br\/wp-content\/uploads\/2024\/06\/VINI_181_282-1.jpg 843w, https:\/\/focotocantinense.com.br\/wp-content\/uploads\/2024\/06\/VINI_181_282-1-300x89.jpg 300w, https:\/\/focotocantinense.com.br\/wp-content\/uploads\/2024\/06\/VINI_181_282-1-768x229.jpg 768w\" sizes=\"auto, (max-width: 843px) 100vw, 843px\" \/><\/figure>\n","protected":false},"excerpt":{"rendered":"<p>O governador do Tocantins, Wanderlei Barbosa, inaugurou na tarde desta quarta-feira, 19, o Complexo Poliesportivo Jos\u00e9 Wilson Siqueira Campos, em Tocant\u00ednia. Com um investimento total de R$ 2,4 milh\u00f5es, a estrutura foi celebrada como um avan\u00e7o significativo para a comunidade local. O chefe de estado tamb\u00e9m participou da entrega da obra de revitaliza\u00e7\u00e3o do samb\u00f3dromo &hellip;<\/p>\n","protected":false},"author":5,"featured_media":7795,"comment_status":"open","ping_status":"open","sticky":false,"template":"","format":"standard","meta":{"footnotes":""},"categories":[78],"tags":[],"class_list":["post-7794","post","type-post","status-publish","format-standard","has-post-thumbnail","","category-tocantinia"],"_links":{"self":[{"href":"https:\/\/focotocantinense.com.br\/index.php?rest_route=\/wp\/v2\/posts\/7794","targetHints":{"allow":["GET"]}}],"collection":[{"href":"https:\/\/focotocantinense.com.br\/index.php?rest_route=\/wp\/v2\/posts"}],"about":[{"href":"https:\/\/focotocantinense.com.br\/index.php?rest_route=\/wp\/v2\/types\/post"}],"author":[{"embeddable":true,"href":"https:\/\/focotocantinense.com.br\/index.php?rest_route=\/wp\/v2\/users\/5"}],"replies":[{"embeddable":true,"href":"https:\/\/focotocantinense.com.br\/index.php?rest_route=%2Fwp%2Fv2%2Fcomments&post=7794"}],"version-history":[{"count":3,"href":"https:\/\/focotocantinense.com.br\/index.php?rest_route=\/wp\/v2\/posts\/7794\/revisions"}],"predecessor-version":[{"id":7802,"href":"https:\/\/focotocantinense.com.br\/index.php?rest_route=\/wp\/v2\/posts\/7794\/revisions\/7802"}],"wp:featuredmedia":[{"embeddable":true,"href":"https:\/\/focotocantinense.com.br\/index.php?rest_route=\/wp\/v2\/media\/7795"}],"wp:attachment":[{"href":"https:\/\/focotocantinense.com.br\/index.php?rest_route=%2Fwp%2Fv2%2Fmedia&parent=7794"}],"wp:term":[{"taxonomy":"category","embeddable":true,"href":"https:\/\/focotocantinense.com.br\/index.php?rest_route=%2Fwp%2Fv2%2Fcategories&post=7794"},{"taxonomy":"post_tag","embeddable":true,"href":"https:\/\/focotocantinense.com.br\/index.php?rest_route=%2Fwp%2Fv2%2Ftags&post=7794"}],"curies":[{"name":"wp","href":"https:\/\/api.w.org\/{rel}","templated":true}]}}