{"id":7788,"date":"2024-06-20T20:28:19","date_gmt":"2024-06-20T23:28:19","guid":{"rendered":"https:\/\/focotocantinense.com.br\/?p=7788"},"modified":"2024-06-20T20:28:19","modified_gmt":"2024-06-20T23:28:19","slug":"alunos-de-tocantinia-participam-de-aula-de-campo-na-usina-hidreletrica-de-lajeado","status":"publish","type":"post","link":"https:\/\/focotocantinense.com.br\/?p=7788","title":{"rendered":"Alunos de Tocant\u00ednia participam de aula de campo na Usina Hidrel\u00e9trica de Lajeado"},"content":{"rendered":"\n<p>Por Zacarias Martins<\/p>\n\n\n\n<p>Na manh\u00e3 desta quinta-feira, dia 20, alunos do 6\u00b0&nbsp; ao 9\u00b0 ano da Escola Municipal Benvindo Souza Luz, localizada no Assentamento \u00c1gua Fria II, no munic\u00edpio de Tocant\u00ednia, participaram de uma aula de campo,&nbsp; na Usina Hidrel\u00e9trica de Lajeado.<\/p>\n\n\n\n<p>O gestor da unidade escolar, Nilton nonato da costa, explicou que essa a\u00e7\u00e3o&nbsp; est\u00e1 prevista no PPP (Projeto Pol\u00edtico Pedag\u00f3gico) e&nbsp; tem&nbsp; como objetivo proporcionar a oportunidade de aprendizado fora da sala de aula.&nbsp; Os estudantes conheceram de perto o funcionamento da usina e ficaram encantados com o que viram.<\/p>\n\n\n\n<p>J\u00e1 a professora de Ci\u00eancias, Rita de C\u00e1ssia, disse que a visita foi uma forma mais profunda de apresentar aos alunos uma das fontes renov\u00e1veis de energia mais utilizadas no Brasil, al\u00e9m de contribuir&nbsp; para conscientizar sobre o uso da energia el\u00e9trica,&nbsp; j\u00e1 que isso interfere na conserva\u00e7\u00e3o&nbsp; do meio ambiente.<\/p>\n\n\n\n<p>Para a coordenadora pedag\u00f3gica,&nbsp; Cida Lemes,&nbsp; essa iniciativa proporcionou&nbsp; aos alunos&nbsp; momentos relevantes para o processo&nbsp; ensino aprendizagem.<\/p>\n\n\n\n<p>\u201cA energia hidrel\u00e9trica \u00e9 considerada fonte de energia limpa e renov\u00e1vel, pois emite baixa concentra\u00e7\u00e3o de gases efeito estufa.\u00a0 A visita \u00e0 usina para que os estudantes pudessem compreender as etapas do processo de constru\u00e7\u00e3o da estrutura, sobre a preserva\u00e7\u00e3o da fauna e da flora da regi\u00e3o, bem como o funcionamento dos geradores e o armazenamento da energia produzida\u201d,\u00a0 concluiu a coordenadora.<\/p>\n\n\n\n<figure class=\"wp-block-image size-full is-resized\"><img loading=\"lazy\" decoding=\"async\" width=\"620\" height=\"632\" src=\"https:\/\/focotocantinense.com.br\/wp-content\/uploads\/2024\/06\/3-TURMA-DE-TOCANTINIA.jpg\" alt=\"\" class=\"wp-image-7792\" style=\"width:384px;height:auto\" srcset=\"https:\/\/focotocantinense.com.br\/wp-content\/uploads\/2024\/06\/3-TURMA-DE-TOCANTINIA.jpg 620w, https:\/\/focotocantinense.com.br\/wp-content\/uploads\/2024\/06\/3-TURMA-DE-TOCANTINIA-294x300.jpg 294w\" sizes=\"auto, (max-width: 620px) 100vw, 620px\" \/><\/figure>\n\n\n\n<p><\/p>\n\n\n\n<figure class=\"wp-block-image size-large\"><img loading=\"lazy\" decoding=\"async\" width=\"1024\" height=\"486\" src=\"https:\/\/focotocantinense.com.br\/wp-content\/uploads\/2024\/06\/2-TURMA-DE-TOCANTINIA-1024x486.jpg\" alt=\"\" class=\"wp-image-7791\" srcset=\"https:\/\/focotocantinense.com.br\/wp-content\/uploads\/2024\/06\/2-TURMA-DE-TOCANTINIA-1024x486.jpg 1024w, https:\/\/focotocantinense.com.br\/wp-content\/uploads\/2024\/06\/2-TURMA-DE-TOCANTINIA-300x142.jpg 300w, https:\/\/focotocantinense.com.br\/wp-content\/uploads\/2024\/06\/2-TURMA-DE-TOCANTINIA-768x365.jpg 768w, https:\/\/focotocantinense.com.br\/wp-content\/uploads\/2024\/06\/2-TURMA-DE-TOCANTINIA.jpg 1125w\" sizes=\"auto, (max-width: 1024px) 100vw, 1024px\" \/><\/figure>\n\n\n\n<p><\/p>\n\n\n\n<figure class=\"wp-block-image size-large\"><img loading=\"lazy\" decoding=\"async\" width=\"1024\" height=\"464\" src=\"https:\/\/focotocantinense.com.br\/wp-content\/uploads\/2024\/06\/1-TURMA-DE-TOCANTINIA-1024x464.jpg\" alt=\"\" class=\"wp-image-7789\" srcset=\"https:\/\/focotocantinense.com.br\/wp-content\/uploads\/2024\/06\/1-TURMA-DE-TOCANTINIA-1024x464.jpg 1024w, https:\/\/focotocantinense.com.br\/wp-content\/uploads\/2024\/06\/1-TURMA-DE-TOCANTINIA-300x136.jpg 300w, https:\/\/focotocantinense.com.br\/wp-content\/uploads\/2024\/06\/1-TURMA-DE-TOCANTINIA-768x348.jpg 768w, https:\/\/focotocantinense.com.br\/wp-content\/uploads\/2024\/06\/1-TURMA-DE-TOCANTINIA.jpg 1135w\" sizes=\"auto, (max-width: 1024px) 100vw, 1024px\" \/><\/figure>\n\n\n\n<p><\/p>\n\n\n\n<figure class=\"wp-block-image size-full\"><img loading=\"lazy\" decoding=\"async\" width=\"843\" height=\"251\" src=\"https:\/\/focotocantinense.com.br\/wp-content\/uploads\/2024\/06\/VINI_181_282-1.jpg\" alt=\"\" class=\"wp-image-7790\" srcset=\"https:\/\/focotocantinense.com.br\/wp-content\/uploads\/2024\/06\/VINI_181_282-1.jpg 843w, https:\/\/focotocantinense.com.br\/wp-content\/uploads\/2024\/06\/VINI_181_282-1-300x89.jpg 300w, https:\/\/focotocantinense.com.br\/wp-content\/uploads\/2024\/06\/VINI_181_282-1-768x229.jpg 768w\" sizes=\"auto, (max-width: 843px) 100vw, 843px\" \/><\/figure>\n","protected":false},"excerpt":{"rendered":"<p>Por Zacarias Martins Na manh\u00e3 desta quinta-feira, dia 20, alunos do 6\u00b0&nbsp; ao 9\u00b0 ano da Escola Municipal Benvindo Souza Luz, localizada no Assentamento \u00c1gua Fria II, no munic\u00edpio de Tocant\u00ednia, participaram de uma aula de campo,&nbsp; na Usina Hidrel\u00e9trica de Lajeado. O gestor da unidade escolar, Nilton nonato da costa, explicou que essa a\u00e7\u00e3o&nbsp; &hellip;<\/p>\n","protected":false},"author":5,"featured_media":7789,"comment_status":"open","ping_status":"open","sticky":false,"template":"","format":"standard","meta":{"footnotes":""},"categories":[78],"tags":[],"class_list":["post-7788","post","type-post","status-publish","format-standard","has-post-thumbnail","","category-tocantinia"],"_links":{"self":[{"href":"https:\/\/focotocantinense.com.br\/index.php?rest_route=\/wp\/v2\/posts\/7788","targetHints":{"allow":["GET"]}}],"collection":[{"href":"https:\/\/focotocantinense.com.br\/index.php?rest_route=\/wp\/v2\/posts"}],"about":[{"href":"https:\/\/focotocantinense.com.br\/index.php?rest_route=\/wp\/v2\/types\/post"}],"author":[{"embeddable":true,"href":"https:\/\/focotocantinense.com.br\/index.php?rest_route=\/wp\/v2\/users\/5"}],"replies":[{"embeddable":true,"href":"https:\/\/focotocantinense.com.br\/index.php?rest_route=%2Fwp%2Fv2%2Fcomments&post=7788"}],"version-history":[{"count":1,"href":"https:\/\/focotocantinense.com.br\/index.php?rest_route=\/wp\/v2\/posts\/7788\/revisions"}],"predecessor-version":[{"id":7793,"href":"https:\/\/focotocantinense.com.br\/index.php?rest_route=\/wp\/v2\/posts\/7788\/revisions\/7793"}],"wp:featuredmedia":[{"embeddable":true,"href":"https:\/\/focotocantinense.com.br\/index.php?rest_route=\/wp\/v2\/media\/7789"}],"wp:attachment":[{"href":"https:\/\/focotocantinense.com.br\/index.php?rest_route=%2Fwp%2Fv2%2Fmedia&parent=7788"}],"wp:term":[{"taxonomy":"category","embeddable":true,"href":"https:\/\/focotocantinense.com.br\/index.php?rest_route=%2Fwp%2Fv2%2Fcategories&post=7788"},{"taxonomy":"post_tag","embeddable":true,"href":"https:\/\/focotocantinense.com.br\/index.php?rest_route=%2Fwp%2Fv2%2Ftags&post=7788"}],"curies":[{"name":"wp","href":"https:\/\/api.w.org\/{rel}","templated":true}]}}