{"id":7784,"date":"2024-06-20T09:15:15","date_gmt":"2024-06-20T12:15:15","guid":{"rendered":"https:\/\/focotocantinense.com.br\/?p=7784"},"modified":"2024-06-20T09:15:16","modified_gmt":"2024-06-20T12:15:16","slug":"pre-candidato-da-base-governista-antonio-andrade-conta-com-apoio-dos-senadores-eduardo-gomes-e-dorinha-em-sua-pre-candidatura-a-prefeitura-de-porto-nacional","status":"publish","type":"post","link":"https:\/\/focotocantinense.com.br\/?p=7784","title":{"rendered":"Pr\u00e9-candidato da base governista, Antonio Andrade conta com apoio dos senadores Eduardo Gomes e Dorinha em sua pr\u00e9-candidatura \u00e0 prefeitura de Porto Nacional"},"content":{"rendered":"\n<p>Contrariando narrativas criadas por advers\u00e1rios pol\u00edticos, o parlamentar tem intensificado a\u00e7\u00f5es e afirma que segue firme e forte na disputa<\/p>\n\n\n\n<p>Com mais de 30 anos na vida p\u00fablica, o deputado federal eleito com 63.813 votos nas elei\u00e7\u00f5es de 2022, se prepara para disputar a prefeitura de Porto Nacional pela primeira vez. Toinho, como \u00e9 carinhosamente chamado pelos amigos, e pelo povo, possui uma trajet\u00f3ria de respeito, fato que \u00e9 reconhecido pela popula\u00e7\u00e3o e pelo forte grupo pol\u00edtico que declarou apoio \u00e0 sua pr\u00e9-candidatura \u00e0 prefeito.<\/p>\n\n\n\n<p>Durante encontro com o deputado, Dorinha ( Uni\u00e3o Brasil) gravou um v\u00eddeo onde fez veementes elogios confirmando o apoio ao candidato do partido Republicanos. \u201cN\u00f3s vamos caminhar juntos\u201d, destacou a senadora.<\/p>\n\n\n\n<p>J\u00e1 o senador Eduardo Gomes, pontua que se eleito, Antonio Andrade ser\u00e1 um grande prefeito em Porto Nacional, \u00e0 altura do munic\u00edpio e do povo portuense.<\/p>\n\n\n\n<figure class=\"wp-block-image size-large is-resized\"><img loading=\"lazy\" decoding=\"async\" width=\"1024\" height=\"842\" src=\"https:\/\/focotocantinense.com.br\/wp-content\/uploads\/2024\/06\/WhatsApp-Image-2024-06-20-at-06.34.19-1024x842.jpeg\" alt=\"\" class=\"wp-image-7786\" style=\"width:425px;height:auto\" srcset=\"https:\/\/focotocantinense.com.br\/wp-content\/uploads\/2024\/06\/WhatsApp-Image-2024-06-20-at-06.34.19-1024x842.jpeg 1024w, https:\/\/focotocantinense.com.br\/wp-content\/uploads\/2024\/06\/WhatsApp-Image-2024-06-20-at-06.34.19-300x247.jpeg 300w, https:\/\/focotocantinense.com.br\/wp-content\/uploads\/2024\/06\/WhatsApp-Image-2024-06-20-at-06.34.19-768x632.jpeg 768w, https:\/\/focotocantinense.com.br\/wp-content\/uploads\/2024\/06\/WhatsApp-Image-2024-06-20-at-06.34.19.jpeg 1512w\" sizes=\"auto, (max-width: 1024px) 100vw, 1024px\" \/><\/figure>\n\n\n\n<p>No time de peso de Antonio Andrade est\u00e3o, o governador Wanderlei Barbosa; o vice-governador, Laurez Moreira, o deputado federal, Vicentinho J\u00fanior; os senadores Eduardo Gomes e Dorinha, os ex-prefeitos de Porto Nacional, F\u00e1bio Martins, Tereza Martins, Vicentinho Alves e Otoniel Andrade; o deputado estadual L\u00e9o Barbosa, dentre outros fortes nomes.<\/p>\n\n\n\n<p>Assessoria de imprensa \u2013 Deputado Federal Antonio Andrade<\/p>\n","protected":false},"excerpt":{"rendered":"<p>Contrariando narrativas criadas por advers\u00e1rios pol\u00edticos, o parlamentar tem intensificado a\u00e7\u00f5es e afirma que segue firme e forte na disputa Com mais de 30 anos na vida p\u00fablica, o deputado federal eleito com 63.813 votos nas elei\u00e7\u00f5es de 2022, se prepara para disputar a prefeitura de Porto Nacional pela primeira vez. Toinho, como \u00e9 carinhosamente &hellip;<\/p>\n","protected":false},"author":5,"featured_media":7785,"comment_status":"open","ping_status":"open","sticky":false,"template":"","format":"standard","meta":{"footnotes":""},"categories":[1],"tags":[],"class_list":["post-7784","post","type-post","status-publish","format-standard","has-post-thumbnail","","category-sem-categoria"],"_links":{"self":[{"href":"https:\/\/focotocantinense.com.br\/index.php?rest_route=\/wp\/v2\/posts\/7784","targetHints":{"allow":["GET"]}}],"collection":[{"href":"https:\/\/focotocantinense.com.br\/index.php?rest_route=\/wp\/v2\/posts"}],"about":[{"href":"https:\/\/focotocantinense.com.br\/index.php?rest_route=\/wp\/v2\/types\/post"}],"author":[{"embeddable":true,"href":"https:\/\/focotocantinense.com.br\/index.php?rest_route=\/wp\/v2\/users\/5"}],"replies":[{"embeddable":true,"href":"https:\/\/focotocantinense.com.br\/index.php?rest_route=%2Fwp%2Fv2%2Fcomments&post=7784"}],"version-history":[{"count":1,"href":"https:\/\/focotocantinense.com.br\/index.php?rest_route=\/wp\/v2\/posts\/7784\/revisions"}],"predecessor-version":[{"id":7787,"href":"https:\/\/focotocantinense.com.br\/index.php?rest_route=\/wp\/v2\/posts\/7784\/revisions\/7787"}],"wp:featuredmedia":[{"embeddable":true,"href":"https:\/\/focotocantinense.com.br\/index.php?rest_route=\/wp\/v2\/media\/7785"}],"wp:attachment":[{"href":"https:\/\/focotocantinense.com.br\/index.php?rest_route=%2Fwp%2Fv2%2Fmedia&parent=7784"}],"wp:term":[{"taxonomy":"category","embeddable":true,"href":"https:\/\/focotocantinense.com.br\/index.php?rest_route=%2Fwp%2Fv2%2Fcategories&post=7784"},{"taxonomy":"post_tag","embeddable":true,"href":"https:\/\/focotocantinense.com.br\/index.php?rest_route=%2Fwp%2Fv2%2Ftags&post=7784"}],"curies":[{"name":"wp","href":"https:\/\/api.w.org\/{rel}","templated":true}]}}