{"id":7753,"date":"2024-06-17T13:27:32","date_gmt":"2024-06-17T16:27:32","guid":{"rendered":"https:\/\/focotocantinense.com.br\/?p=7753"},"modified":"2024-06-18T17:18:10","modified_gmt":"2024-06-18T20:18:10","slug":"antonio-andrade-concede-medalha-e-titulo-de-honra-antonio-poincare-andrade-a-personalidades-em-porto-nacional","status":"publish","type":"post","link":"https:\/\/focotocantinense.com.br\/?p=7753","title":{"rendered":"Antonio Andrade concede medalha e t\u00edtulo de honra, Ant\u00f4nio Poincar\u00e9 Andrade, a personalidades em Porto Nacional"},"content":{"rendered":"\n<p>A condecora\u00e7\u00e3o \u00e9 uma honraria oferecida pelo parlamentar aos cidad\u00e3os que contribu\u00edram para o progresso do munic\u00edpio<\/p>\n\n\n\n<p>Neste domingo, 16 , foi realizada em Porto Nacional, a solenidade de entrega da medalha de honra, Ant\u00f4nio Poincar\u00e9 Andrade. Ocasi\u00e3o em que memor\u00e1veis cidad\u00e3os portuenses foram agraciados com a medalha e um diploma de men\u00e7\u00e3o honrosa em reconhecimento as suas trajet\u00f3rias de vida.<\/p>\n\n\n\n<figure class=\"wp-block-image size-large is-resized\"><img loading=\"lazy\" decoding=\"async\" width=\"1024\" height=\"683\" src=\"https:\/\/focotocantinense.com.br\/wp-content\/uploads\/2024\/06\/toinho-dia-17-1024x683.jpeg\" alt=\"\" class=\"wp-image-7751\" style=\"width:356px;height:auto\" srcset=\"https:\/\/focotocantinense.com.br\/wp-content\/uploads\/2024\/06\/toinho-dia-17-1024x683.jpeg 1024w, https:\/\/focotocantinense.com.br\/wp-content\/uploads\/2024\/06\/toinho-dia-17-300x200.jpeg 300w, https:\/\/focotocantinense.com.br\/wp-content\/uploads\/2024\/06\/toinho-dia-17-768x512.jpeg 768w, https:\/\/focotocantinense.com.br\/wp-content\/uploads\/2024\/06\/toinho-dia-17.jpeg 1500w\" sizes=\"auto, (max-width: 1024px) 100vw, 1024px\" \/><\/figure>\n\n\n\n<p>Para anteceder a entrega das honrarias, a esposa do deputado Virg\u00ednia Andrade, convidou a todos para ficarem de p\u00e9 em um momento de adora\u00e7\u00e3o e agradecimento \u00e0 Deus.<\/p>\n\n\n\n<p>Dentre os homenageados, estavam figuras proeminentes de diversos setores da sociedade, que receberam as medalhas das m\u00e3os do deputado federal.<br>Representadas na cerim\u00f4nia por familiares, tamb\u00e9m foram homenageadas pessoas j\u00e1 falecidas que marcaram a hist\u00f3ria da cidade.<\/p>\n\n\n\n<p>Ap\u00f3s expressar seus agradecimentos a todos os presentes, o deputado se referiu ao momento como um marco importante.<\/p>\n\n\n\n<p>\u201cEssa \u00e9 uma noite especial, nos mobilizamos para com esse gesto dar o devido reconhecimento a toda a hist\u00f3ria de luta e perseveran\u00e7a de cada um aqui presente, \u00e9 um marco. \u00c9 por merecimento que hoje voc\u00eas recebem esta homenagem, todos aqui tem hist\u00f3rias que merecem ser contadas e lembradas, fizeram e fazem a diferen\u00e7a neste munic\u00edpio. \u00c9 uma alegria imensa homenage\u00e1-los\u201d, pontuou.<\/p>\n\n\n\n<figure class=\"wp-block-image size-large\"><img loading=\"lazy\" decoding=\"async\" width=\"1024\" height=\"576\" src=\"https:\/\/focotocantinense.com.br\/wp-content\/uploads\/2024\/06\/WhatsApp-Image-2024-06-17-at-08.18.42-1-1024x576.jpeg\" alt=\"\" class=\"wp-image-7755\" srcset=\"https:\/\/focotocantinense.com.br\/wp-content\/uploads\/2024\/06\/WhatsApp-Image-2024-06-17-at-08.18.42-1-1024x576.jpeg 1024w, https:\/\/focotocantinense.com.br\/wp-content\/uploads\/2024\/06\/WhatsApp-Image-2024-06-17-at-08.18.42-1-300x169.jpeg 300w, https:\/\/focotocantinense.com.br\/wp-content\/uploads\/2024\/06\/WhatsApp-Image-2024-06-17-at-08.18.42-1-768x432.jpeg 768w, https:\/\/focotocantinense.com.br\/wp-content\/uploads\/2024\/06\/WhatsApp-Image-2024-06-17-at-08.18.42-1-1536x864.jpeg 1536w, https:\/\/focotocantinense.com.br\/wp-content\/uploads\/2024\/06\/WhatsApp-Image-2024-06-17-at-08.18.42-1-2048x1152.jpeg 2048w\" sizes=\"auto, (max-width: 1024px) 100vw, 1024px\" \/><\/figure>\n\n\n\n<p><strong>Autoridades presentes<\/strong><\/p>\n\n\n\n<p>O ex-senador, Vicentinho Alves; o ex-prefeito, Otoniel Andrade; Virg\u00ednia Andrade e o prefeito do munic\u00edpio de F\u00e1tima-TO, Jos\u00e9 Ant\u00f4nio Andrade, marcaram presen\u00e7a no evento.<\/p>\n\n\n\n<figure class=\"wp-block-image size-large is-resized\"><img loading=\"lazy\" decoding=\"async\" width=\"1024\" height=\"683\" src=\"https:\/\/focotocantinense.com.br\/wp-content\/uploads\/2024\/06\/toinho-dia-17-1-1024x683.jpeg\" alt=\"\" class=\"wp-image-7750\" style=\"width:727px;height:auto\" srcset=\"https:\/\/focotocantinense.com.br\/wp-content\/uploads\/2024\/06\/toinho-dia-17-1-1024x683.jpeg 1024w, https:\/\/focotocantinense.com.br\/wp-content\/uploads\/2024\/06\/toinho-dia-17-1-300x200.jpeg 300w, https:\/\/focotocantinense.com.br\/wp-content\/uploads\/2024\/06\/toinho-dia-17-1-768x512.jpeg 768w, https:\/\/focotocantinense.com.br\/wp-content\/uploads\/2024\/06\/toinho-dia-17-1.jpeg 1500w\" sizes=\"auto, (max-width: 1024px) 100vw, 1024px\" \/><\/figure>\n\n\n\n<p><\/p>\n\n\n\n<p><\/p>\n\n\n\n<figure class=\"wp-block-image size-full\"><img loading=\"lazy\" decoding=\"async\" width=\"843\" height=\"251\" src=\"https:\/\/focotocantinense.com.br\/wp-content\/uploads\/2024\/06\/VINI_181-7.jpg\" alt=\"\" class=\"wp-image-7772\" srcset=\"https:\/\/focotocantinense.com.br\/wp-content\/uploads\/2024\/06\/VINI_181-7.jpg 843w, https:\/\/focotocantinense.com.br\/wp-content\/uploads\/2024\/06\/VINI_181-7-300x89.jpg 300w, https:\/\/focotocantinense.com.br\/wp-content\/uploads\/2024\/06\/VINI_181-7-768x229.jpg 768w\" sizes=\"auto, (max-width: 843px) 100vw, 843px\" \/><\/figure>\n","protected":false},"excerpt":{"rendered":"<p>A condecora\u00e7\u00e3o \u00e9 uma honraria oferecida pelo parlamentar aos cidad\u00e3os que contribu\u00edram para o progresso do munic\u00edpio Neste domingo, 16 , foi realizada em Porto Nacional, a solenidade de entrega da medalha de honra, Ant\u00f4nio Poincar\u00e9 Andrade. Ocasi\u00e3o em que memor\u00e1veis cidad\u00e3os portuenses foram agraciados com a medalha e um diploma de men\u00e7\u00e3o honrosa em &hellip;<\/p>\n","protected":false},"author":5,"featured_media":7754,"comment_status":"open","ping_status":"open","sticky":false,"template":"","format":"standard","meta":{"footnotes":""},"categories":[1],"tags":[],"class_list":["post-7753","post","type-post","status-publish","format-standard","has-post-thumbnail","","category-sem-categoria"],"_links":{"self":[{"href":"https:\/\/focotocantinense.com.br\/index.php?rest_route=\/wp\/v2\/posts\/7753","targetHints":{"allow":["GET"]}}],"collection":[{"href":"https:\/\/focotocantinense.com.br\/index.php?rest_route=\/wp\/v2\/posts"}],"about":[{"href":"https:\/\/focotocantinense.com.br\/index.php?rest_route=\/wp\/v2\/types\/post"}],"author":[{"embeddable":true,"href":"https:\/\/focotocantinense.com.br\/index.php?rest_route=\/wp\/v2\/users\/5"}],"replies":[{"embeddable":true,"href":"https:\/\/focotocantinense.com.br\/index.php?rest_route=%2Fwp%2Fv2%2Fcomments&post=7753"}],"version-history":[{"count":2,"href":"https:\/\/focotocantinense.com.br\/index.php?rest_route=\/wp\/v2\/posts\/7753\/revisions"}],"predecessor-version":[{"id":7783,"href":"https:\/\/focotocantinense.com.br\/index.php?rest_route=\/wp\/v2\/posts\/7753\/revisions\/7783"}],"wp:featuredmedia":[{"embeddable":true,"href":"https:\/\/focotocantinense.com.br\/index.php?rest_route=\/wp\/v2\/media\/7754"}],"wp:attachment":[{"href":"https:\/\/focotocantinense.com.br\/index.php?rest_route=%2Fwp%2Fv2%2Fmedia&parent=7753"}],"wp:term":[{"taxonomy":"category","embeddable":true,"href":"https:\/\/focotocantinense.com.br\/index.php?rest_route=%2Fwp%2Fv2%2Fcategories&post=7753"},{"taxonomy":"post_tag","embeddable":true,"href":"https:\/\/focotocantinense.com.br\/index.php?rest_route=%2Fwp%2Fv2%2Ftags&post=7753"}],"curies":[{"name":"wp","href":"https:\/\/api.w.org\/{rel}","templated":true}]}}