{"id":7746,"date":"2024-06-17T13:17:13","date_gmt":"2024-06-17T16:17:13","guid":{"rendered":"https:\/\/focotocantinense.com.br\/?p=7746"},"modified":"2024-06-17T13:17:13","modified_gmt":"2024-06-17T16:17:13","slug":"em-solenidade-historica-nova-ponte-de-porto-nacional-que-leva-o-nome-de-prefeito-antonio-poincare-de-andrade-e-entregue-pelo-governo-do-estado","status":"publish","type":"post","link":"https:\/\/focotocantinense.com.br\/?p=7746","title":{"rendered":"Em solenidade hist\u00f3rica, nova ponte de Porto Nacional que leva o nome de Prefeito Ant\u00f4nio Poincar\u00e9 de Andrade, \u00e9 entregue pelo Governo do Estado"},"content":{"rendered":"\n<p>Cerim\u00f4nia realizada nesta sexta-feira (14), marcou a entrega da nova estrutura<\/p>\n\n\n\n<figure class=\"wp-block-image size-large is-resized\"><img loading=\"lazy\" decoding=\"async\" width=\"1024\" height=\"683\" src=\"https:\/\/focotocantinense.com.br\/wp-content\/uploads\/2024\/06\/toinho-ponte-3-1024x683.jpeg\" alt=\"\" class=\"wp-image-7747\" style=\"width:398px;height:auto\" srcset=\"https:\/\/focotocantinense.com.br\/wp-content\/uploads\/2024\/06\/toinho-ponte-3-1024x683.jpeg 1024w, https:\/\/focotocantinense.com.br\/wp-content\/uploads\/2024\/06\/toinho-ponte-3-300x200.jpeg 300w, https:\/\/focotocantinense.com.br\/wp-content\/uploads\/2024\/06\/toinho-ponte-3-768x512.jpeg 768w, https:\/\/focotocantinense.com.br\/wp-content\/uploads\/2024\/06\/toinho-ponte-3.jpeg 1500w\" sizes=\"auto, (max-width: 1024px) 100vw, 1024px\" \/><\/figure>\n\n\n\n<p>A nova ponte sobre o Rio Tocantins em Porto Nacional, foi entregue a popula\u00e7\u00e3o com grande festa em cerim\u00f4nia realizada nesta sexta-feira, 14, com a presen\u00e7a do governador Wanderlei Barbosa, do vice-governador, Laurez Moreira, da senadora Dorinha, bancada federal, bancada estadual, prefeitos de diversos munic\u00edpios, secret\u00e1rios de Estado, e a comunidade em geral.<\/p>\n\n\n\n<p>A ponte leva o nome do prefeito Ant\u00f4nio Poincar\u00e9 de Andrade (in memorian). O evento, contou com churrasco a vontade e shows da artista Manu Bahtid\u00e3o, da Banda Forr\u00f3 Sacode e artistas regionais para animar a todos os presentes neste momento hist\u00f3rico.<br>Em seu discurso, o governador Wanderlei Barbosa comemorou a inaugura\u00e7\u00e3o ressaltando ser um momento hist\u00f3rico para o desenvolvimento do Tocantins. \u201cTodos ganham com essa entrega, a popula\u00e7\u00e3o, os produtores, as ind\u00fastrias, isso \u00e9 sin\u00f4nimo de progresso\u201d, pontuou o governador.<\/p>\n\n\n\n<p>A ponte<\/p>\n\n\n\n<p>Com investimento de R$ 180 milh\u00f5es do Estado via parceria com o Banco BRB de Bras\u00edlia, a estrutura da nova ponte de Porto Nacional conta com um total de 1.488 metros, sendo 1.088 metros de extens\u00e3o al\u00e9m dos encabe\u00e7amentos de 200 metros de cada lado.<\/p>\n\n\n\n<p>Homenagem<\/p>\n\n\n\n<p>Bastante emocionado, Antonio Andrade agradeceu em entrevista a homenagem feita a seu pai. \u201cEssa homenagem \u00e9 uma honra para todos n\u00f3s, muito importante. Meu pai amava essa cidade de todo cora\u00e7\u00e3o, trabalhou incansavelmente e isso nos orgulha demais. Receber uma homenagem t\u00e3o especial como essa, \u00e9 a prova maior de que ele fez hist\u00f3ria, e em nome de toda a fam\u00edlia Andrade agrade\u00e7o carinhosamente\u201d, frisou o parlamentar.<\/p>\n\n\n\n<figure class=\"wp-block-image size-large is-resized\"><img loading=\"lazy\" decoding=\"async\" width=\"1024\" height=\"682\" src=\"https:\/\/focotocantinense.com.br\/wp-content\/uploads\/2024\/06\/toinho-ponte-1024x682.jpeg\" alt=\"\" class=\"wp-image-7749\" style=\"width:433px;height:auto\" srcset=\"https:\/\/focotocantinense.com.br\/wp-content\/uploads\/2024\/06\/toinho-ponte-1024x682.jpeg 1024w, https:\/\/focotocantinense.com.br\/wp-content\/uploads\/2024\/06\/toinho-ponte-300x200.jpeg 300w, https:\/\/focotocantinense.com.br\/wp-content\/uploads\/2024\/06\/toinho-ponte-768x512.jpeg 768w, https:\/\/focotocantinense.com.br\/wp-content\/uploads\/2024\/06\/toinho-ponte-1536x1023.jpeg 1536w, https:\/\/focotocantinense.com.br\/wp-content\/uploads\/2024\/06\/toinho-ponte-310x205.jpeg 310w, https:\/\/focotocantinense.com.br\/wp-content\/uploads\/2024\/06\/toinho-ponte.jpeg 1600w\" sizes=\"auto, (max-width: 1024px) 100vw, 1024px\" \/><\/figure>\n\n\n\n<p>O deputado ainda ressaltou que essa obra significa a certeza de avan\u00e7os importantes para o Tocantins como um todo, e que impulsionar\u00e1 a economia de Porto Nacional da forma que a popula\u00e7\u00e3o almeja.<\/p>\n\n\n\n<p>Assessoria de Comunica\u00e7\u00e3o \u2013 Deputado Federal Antonio Andrade.<\/p>\n","protected":false},"excerpt":{"rendered":"<p>Cerim\u00f4nia realizada nesta sexta-feira (14), marcou a entrega da nova estrutura A nova ponte sobre o Rio Tocantins em Porto Nacional, foi entregue a popula\u00e7\u00e3o com grande festa em cerim\u00f4nia realizada nesta sexta-feira, 14, com a presen\u00e7a do governador Wanderlei Barbosa, do vice-governador, Laurez Moreira, da senadora Dorinha, bancada federal, bancada estadual, prefeitos de diversos &hellip;<\/p>\n","protected":false},"author":5,"featured_media":7748,"comment_status":"open","ping_status":"open","sticky":false,"template":"","format":"standard","meta":{"footnotes":""},"categories":[1],"tags":[],"class_list":["post-7746","post","type-post","status-publish","format-standard","has-post-thumbnail","","category-sem-categoria"],"_links":{"self":[{"href":"https:\/\/focotocantinense.com.br\/index.php?rest_route=\/wp\/v2\/posts\/7746","targetHints":{"allow":["GET"]}}],"collection":[{"href":"https:\/\/focotocantinense.com.br\/index.php?rest_route=\/wp\/v2\/posts"}],"about":[{"href":"https:\/\/focotocantinense.com.br\/index.php?rest_route=\/wp\/v2\/types\/post"}],"author":[{"embeddable":true,"href":"https:\/\/focotocantinense.com.br\/index.php?rest_route=\/wp\/v2\/users\/5"}],"replies":[{"embeddable":true,"href":"https:\/\/focotocantinense.com.br\/index.php?rest_route=%2Fwp%2Fv2%2Fcomments&post=7746"}],"version-history":[{"count":1,"href":"https:\/\/focotocantinense.com.br\/index.php?rest_route=\/wp\/v2\/posts\/7746\/revisions"}],"predecessor-version":[{"id":7752,"href":"https:\/\/focotocantinense.com.br\/index.php?rest_route=\/wp\/v2\/posts\/7746\/revisions\/7752"}],"wp:featuredmedia":[{"embeddable":true,"href":"https:\/\/focotocantinense.com.br\/index.php?rest_route=\/wp\/v2\/media\/7748"}],"wp:attachment":[{"href":"https:\/\/focotocantinense.com.br\/index.php?rest_route=%2Fwp%2Fv2%2Fmedia&parent=7746"}],"wp:term":[{"taxonomy":"category","embeddable":true,"href":"https:\/\/focotocantinense.com.br\/index.php?rest_route=%2Fwp%2Fv2%2Fcategories&post=7746"},{"taxonomy":"post_tag","embeddable":true,"href":"https:\/\/focotocantinense.com.br\/index.php?rest_route=%2Fwp%2Fv2%2Ftags&post=7746"}],"curies":[{"name":"wp","href":"https:\/\/api.w.org\/{rel}","templated":true}]}}