{"id":7739,"date":"2024-06-12T16:04:14","date_gmt":"2024-06-12T19:04:14","guid":{"rendered":"https:\/\/focotocantinense.com.br\/?p=7739"},"modified":"2024-06-12T16:07:26","modified_gmt":"2024-06-12T19:07:26","slug":"preparativos-para-temporada-de-praia-por-do-sol-2024-em-tocantinia-segue-em-ritmo-acelerado","status":"publish","type":"post","link":"https:\/\/focotocantinense.com.br\/?p=7739","title":{"rendered":"Preparativos para Temporada de Praia P\u00f4r do Sol 2024 em Tocant\u00ednia, segue em ritmo acelerado"},"content":{"rendered":"\n<p><\/p>\n\n\n\n<p>Os preparativos para a realiza\u00e7\u00e3o da Temporada de Praia P\u00f4r do Sol 2024, j\u00e1 est\u00e3o em andamento em Tocant\u00ednia. Na manh\u00e3 desta ter\u00e7a-feira, 11, o prefeito de Tocant\u00ednia, Jo\u00e3o Alberto Coelho Machado, visitou o local e os preparativos da temporada. Tamb\u00e9m acompanhou a obra de drenagem que est\u00e1 sendo realizada na praia.<\/p>\n\n\n\n<p>De acordo com os organizadores da temporada, em breve estar\u00e3o divulgando toda a programa\u00e7\u00e3o de eventos que acontecer\u00e3o durante a temporada de ver\u00e3o 2024.<\/p>\n\n\n\n<p>O prefeito Jo\u00e3o Alberto destacou a import\u00e2ncia da realiza\u00e7\u00e3o da temporada de praia no munic\u00edpio, \u201ca Temporada de Praia P\u00f4r do Sol, \u00e9 um evento importante para a economia do nosso munic\u00edpio\u201d, ressaltou o prefeito.<\/p>\n\n\n\n<p>O Jo\u00e3o Alberto lembrou tamb\u00e9m dos parceiros que dar\u00e3o suporte para a realiza\u00e7\u00e3o do evento. A C\u00e2mara Municipal, Secret\u00e1rios e servidores municipais, em conjunto com o governo do Estado e parlamentares da bancada Estadual e Federal.<\/p>\n\n\n\n<figure class=\"wp-block-image size-large is-resized\"><img loading=\"lazy\" decoding=\"async\" width=\"1024\" height=\"626\" src=\"https:\/\/focotocantinense.com.br\/wp-content\/uploads\/2024\/06\/cccccccccc-1024x626.jpg\" alt=\"\" class=\"wp-image-7742\" style=\"width:377px;height:auto\" srcset=\"https:\/\/focotocantinense.com.br\/wp-content\/uploads\/2024\/06\/cccccccccc-1024x626.jpg 1024w, https:\/\/focotocantinense.com.br\/wp-content\/uploads\/2024\/06\/cccccccccc-300x183.jpg 300w, https:\/\/focotocantinense.com.br\/wp-content\/uploads\/2024\/06\/cccccccccc-768x469.jpg 768w, https:\/\/focotocantinense.com.br\/wp-content\/uploads\/2024\/06\/cccccccccc-1536x939.jpg 1536w, https:\/\/focotocantinense.com.br\/wp-content\/uploads\/2024\/06\/cccccccccc.jpg 1600w\" sizes=\"auto, (max-width: 1024px) 100vw, 1024px\" \/><\/figure>\n\n\n\n<p><\/p>\n\n\n\n<figure class=\"wp-block-image size-large\"><img loading=\"lazy\" decoding=\"async\" width=\"1024\" height=\"682\" src=\"https:\/\/focotocantinense.com.br\/wp-content\/uploads\/2024\/06\/bbbbbbbbbbbb-1024x682.jpg\" alt=\"\" class=\"wp-image-7741\" srcset=\"https:\/\/focotocantinense.com.br\/wp-content\/uploads\/2024\/06\/bbbbbbbbbbbb-1024x682.jpg 1024w, https:\/\/focotocantinense.com.br\/wp-content\/uploads\/2024\/06\/bbbbbbbbbbbb-300x200.jpg 300w, https:\/\/focotocantinense.com.br\/wp-content\/uploads\/2024\/06\/bbbbbbbbbbbb-768x512.jpg 768w, https:\/\/focotocantinense.com.br\/wp-content\/uploads\/2024\/06\/bbbbbbbbbbbb-1536x1023.jpg 1536w, https:\/\/focotocantinense.com.br\/wp-content\/uploads\/2024\/06\/bbbbbbbbbbbb-310x205.jpg 310w, https:\/\/focotocantinense.com.br\/wp-content\/uploads\/2024\/06\/bbbbbbbbbbbb.jpg 1600w\" sizes=\"auto, (max-width: 1024px) 100vw, 1024px\" \/><\/figure>\n\n\n\n<p><\/p>\n\n\n\n<figure class=\"wp-block-image size-large\"><img loading=\"lazy\" decoding=\"async\" width=\"1024\" height=\"665\" src=\"https:\/\/focotocantinense.com.br\/wp-content\/uploads\/2024\/06\/aaaaaaaaaaaaaaaaa-2-1024x665.jpg\" alt=\"\" class=\"wp-image-7740\" srcset=\"https:\/\/focotocantinense.com.br\/wp-content\/uploads\/2024\/06\/aaaaaaaaaaaaaaaaa-2-1024x665.jpg 1024w, https:\/\/focotocantinense.com.br\/wp-content\/uploads\/2024\/06\/aaaaaaaaaaaaaaaaa-2-300x195.jpg 300w, https:\/\/focotocantinense.com.br\/wp-content\/uploads\/2024\/06\/aaaaaaaaaaaaaaaaa-2-768x499.jpg 768w, https:\/\/focotocantinense.com.br\/wp-content\/uploads\/2024\/06\/aaaaaaaaaaaaaaaaa-2-1536x997.jpg 1536w, https:\/\/focotocantinense.com.br\/wp-content\/uploads\/2024\/06\/aaaaaaaaaaaaaaaaa-2.jpg 1600w\" sizes=\"auto, (max-width: 1024px) 100vw, 1024px\" \/><\/figure>\n\n\n\n<p><\/p>\n\n\n\n<figure class=\"wp-block-image size-full\"><img loading=\"lazy\" decoding=\"async\" width=\"843\" height=\"251\" src=\"https:\/\/focotocantinense.com.br\/wp-content\/uploads\/2024\/06\/VINI_181-6.jpg\" alt=\"\" class=\"wp-image-7730\" srcset=\"https:\/\/focotocantinense.com.br\/wp-content\/uploads\/2024\/06\/VINI_181-6.jpg 843w, https:\/\/focotocantinense.com.br\/wp-content\/uploads\/2024\/06\/VINI_181-6-300x89.jpg 300w, https:\/\/focotocantinense.com.br\/wp-content\/uploads\/2024\/06\/VINI_181-6-768x229.jpg 768w\" sizes=\"auto, (max-width: 843px) 100vw, 843px\" \/><\/figure>\n","protected":false},"excerpt":{"rendered":"<p>Os preparativos para a realiza\u00e7\u00e3o da Temporada de Praia P\u00f4r do Sol 2024, j\u00e1 est\u00e3o em andamento em Tocant\u00ednia. Na manh\u00e3 desta ter\u00e7a-feira, 11, o prefeito de Tocant\u00ednia, Jo\u00e3o Alberto Coelho Machado, visitou o local e os preparativos da temporada. Tamb\u00e9m acompanhou a obra de drenagem que est\u00e1 sendo realizada na praia. De acordo com &hellip;<\/p>\n","protected":false},"author":5,"featured_media":7741,"comment_status":"open","ping_status":"open","sticky":false,"template":"","format":"standard","meta":{"footnotes":""},"categories":[1,78],"tags":[],"class_list":["post-7739","post","type-post","status-publish","format-standard","has-post-thumbnail","","category-sem-categoria","category-tocantinia"],"_links":{"self":[{"href":"https:\/\/focotocantinense.com.br\/index.php?rest_route=\/wp\/v2\/posts\/7739","targetHints":{"allow":["GET"]}}],"collection":[{"href":"https:\/\/focotocantinense.com.br\/index.php?rest_route=\/wp\/v2\/posts"}],"about":[{"href":"https:\/\/focotocantinense.com.br\/index.php?rest_route=\/wp\/v2\/types\/post"}],"author":[{"embeddable":true,"href":"https:\/\/focotocantinense.com.br\/index.php?rest_route=\/wp\/v2\/users\/5"}],"replies":[{"embeddable":true,"href":"https:\/\/focotocantinense.com.br\/index.php?rest_route=%2Fwp%2Fv2%2Fcomments&post=7739"}],"version-history":[{"count":2,"href":"https:\/\/focotocantinense.com.br\/index.php?rest_route=\/wp\/v2\/posts\/7739\/revisions"}],"predecessor-version":[{"id":7744,"href":"https:\/\/focotocantinense.com.br\/index.php?rest_route=\/wp\/v2\/posts\/7739\/revisions\/7744"}],"wp:featuredmedia":[{"embeddable":true,"href":"https:\/\/focotocantinense.com.br\/index.php?rest_route=\/wp\/v2\/media\/7741"}],"wp:attachment":[{"href":"https:\/\/focotocantinense.com.br\/index.php?rest_route=%2Fwp%2Fv2%2Fmedia&parent=7739"}],"wp:term":[{"taxonomy":"category","embeddable":true,"href":"https:\/\/focotocantinense.com.br\/index.php?rest_route=%2Fwp%2Fv2%2Fcategories&post=7739"},{"taxonomy":"post_tag","embeddable":true,"href":"https:\/\/focotocantinense.com.br\/index.php?rest_route=%2Fwp%2Fv2%2Ftags&post=7739"}],"curies":[{"name":"wp","href":"https:\/\/api.w.org\/{rel}","templated":true}]}}