{"id":7728,"date":"2024-06-11T20:59:11","date_gmt":"2024-06-11T23:59:11","guid":{"rendered":"https:\/\/focotocantinense.com.br\/?p=7728"},"modified":"2024-06-11T21:00:39","modified_gmt":"2024-06-12T00:00:39","slug":"praca-central-do-setor-waldir-lins-passara-por-revitalizacao","status":"publish","type":"post","link":"https:\/\/focotocantinense.com.br\/?p=7728","title":{"rendered":"Pra\u00e7a central do setor Waldir Lins passara por revitaliza\u00e7\u00e3o"},"content":{"rendered":"\n<p><\/p>\n\n\n\n<p>Na manh\u00e3 desta ter\u00e7a-feira, dia, 11, o Padre Vilm\u00e1rio Soares Lustroza, junto com sua equipe e representantes da Comunidade da Capela Nossa Senhora do Ros\u00e1rio, Localizada no Setor Waldir Lins, estiveram na Prefeitura Municipal de Gurupi, onde participaram&nbsp; de uma &nbsp;reuni\u00e3o com o Chefe de Gabinete da &nbsp;Prefeita Josi Nunes, &nbsp;Jos\u00e9 Carlos&nbsp; Arruda de Bessa.<\/p>\n\n\n\n<p>O objetivo dessa reuni\u00e3o foi para conhecer o projeto de revitaliza\u00e7\u00e3o da Pra\u00e7a Engenheiro Waldir Lins e contribuir de alguma forma para o seu aprimoramento.<\/p>\n\n\n\n<p>Na oportunidade, foram apresentadas sugest\u00f5es para o bem-estar e a seguran\u00e7a dos fi\u00e9is que frequentam a Capela Nossa Senhora do Ros\u00e1rio, bem como, de toda a popula\u00e7\u00e3o que frequenta a pra\u00e7a diariamente, sendo umas delas, a cria\u00e7\u00e3o do estacionamento que n\u00e3o estava previsto no projeto inicial.<\/p>\n\n\n\n<p>\u201cFomos muito bem recebidos pelo Chefe de Gabinete e sua equipe. Agradecemos por sermos ouvidos e temos a certeza de que contribu\u00edmos muito com nossas sugest\u00f5es\u201d, afirmou o Padre Vilm\u00e1rio.<\/p>\n\n\n\n<figure class=\"wp-block-image size-large is-resized\"><img loading=\"lazy\" decoding=\"async\" width=\"1024\" height=\"768\" src=\"https:\/\/focotocantinense.com.br\/wp-content\/uploads\/2024\/06\/aaaaaaaaaaaaaaaaa-1-1024x768.jpg\" alt=\"\" class=\"wp-image-7729\" style=\"width:392px;height:auto\" srcset=\"https:\/\/focotocantinense.com.br\/wp-content\/uploads\/2024\/06\/aaaaaaaaaaaaaaaaa-1-1024x768.jpg 1024w, https:\/\/focotocantinense.com.br\/wp-content\/uploads\/2024\/06\/aaaaaaaaaaaaaaaaa-1-300x225.jpg 300w, https:\/\/focotocantinense.com.br\/wp-content\/uploads\/2024\/06\/aaaaaaaaaaaaaaaaa-1-768x576.jpg 768w, https:\/\/focotocantinense.com.br\/wp-content\/uploads\/2024\/06\/aaaaaaaaaaaaaaaaa-1-1536x1152.jpg 1536w, https:\/\/focotocantinense.com.br\/wp-content\/uploads\/2024\/06\/aaaaaaaaaaaaaaaaa-1.jpg 1600w\" sizes=\"auto, (max-width: 1024px) 100vw, 1024px\" \/><\/figure>\n\n\n\n<p><\/p>\n\n\n\n<figure class=\"wp-block-image size-large\"><img loading=\"lazy\" decoding=\"async\" width=\"1024\" height=\"688\" src=\"https:\/\/focotocantinense.com.br\/wp-content\/uploads\/2024\/06\/bbbbb-1024x688.jpg\" alt=\"\" class=\"wp-image-7731\" srcset=\"https:\/\/focotocantinense.com.br\/wp-content\/uploads\/2024\/06\/bbbbb-1024x688.jpg 1024w, https:\/\/focotocantinense.com.br\/wp-content\/uploads\/2024\/06\/bbbbb-300x202.jpg 300w, https:\/\/focotocantinense.com.br\/wp-content\/uploads\/2024\/06\/bbbbb-768x516.jpg 768w, https:\/\/focotocantinense.com.br\/wp-content\/uploads\/2024\/06\/bbbbb-110x75.jpg 110w, https:\/\/focotocantinense.com.br\/wp-content\/uploads\/2024\/06\/bbbbb.jpg 1152w\" sizes=\"auto, (max-width: 1024px) 100vw, 1024px\" \/><\/figure>\n\n\n\n<p><\/p>\n\n\n\n<figure class=\"wp-block-image size-full\"><img loading=\"lazy\" decoding=\"async\" width=\"843\" height=\"251\" src=\"https:\/\/focotocantinense.com.br\/wp-content\/uploads\/2024\/06\/VINI_181-6.jpg\" alt=\"\" class=\"wp-image-7730\" srcset=\"https:\/\/focotocantinense.com.br\/wp-content\/uploads\/2024\/06\/VINI_181-6.jpg 843w, https:\/\/focotocantinense.com.br\/wp-content\/uploads\/2024\/06\/VINI_181-6-300x89.jpg 300w, https:\/\/focotocantinense.com.br\/wp-content\/uploads\/2024\/06\/VINI_181-6-768x229.jpg 768w\" sizes=\"auto, (max-width: 843px) 100vw, 843px\" \/><\/figure>\n","protected":false},"excerpt":{"rendered":"<p>Na manh\u00e3 desta ter\u00e7a-feira, dia, 11, o Padre Vilm\u00e1rio Soares Lustroza, junto com sua equipe e representantes da Comunidade da Capela Nossa Senhora do Ros\u00e1rio, Localizada no Setor Waldir Lins, estiveram na Prefeitura Municipal de Gurupi, onde participaram&nbsp; de uma &nbsp;reuni\u00e3o com o Chefe de Gabinete da &nbsp;Prefeita Josi Nunes, &nbsp;Jos\u00e9 Carlos&nbsp; Arruda de Bessa. &hellip;<\/p>\n","protected":false},"author":5,"featured_media":7729,"comment_status":"open","ping_status":"open","sticky":false,"template":"","format":"standard","meta":{"footnotes":""},"categories":[38],"tags":[],"class_list":["post-7728","post","type-post","status-publish","format-standard","has-post-thumbnail","","category-gurupi"],"_links":{"self":[{"href":"https:\/\/focotocantinense.com.br\/index.php?rest_route=\/wp\/v2\/posts\/7728","targetHints":{"allow":["GET"]}}],"collection":[{"href":"https:\/\/focotocantinense.com.br\/index.php?rest_route=\/wp\/v2\/posts"}],"about":[{"href":"https:\/\/focotocantinense.com.br\/index.php?rest_route=\/wp\/v2\/types\/post"}],"author":[{"embeddable":true,"href":"https:\/\/focotocantinense.com.br\/index.php?rest_route=\/wp\/v2\/users\/5"}],"replies":[{"embeddable":true,"href":"https:\/\/focotocantinense.com.br\/index.php?rest_route=%2Fwp%2Fv2%2Fcomments&post=7728"}],"version-history":[{"count":4,"href":"https:\/\/focotocantinense.com.br\/index.php?rest_route=\/wp\/v2\/posts\/7728\/revisions"}],"predecessor-version":[{"id":7735,"href":"https:\/\/focotocantinense.com.br\/index.php?rest_route=\/wp\/v2\/posts\/7728\/revisions\/7735"}],"wp:featuredmedia":[{"embeddable":true,"href":"https:\/\/focotocantinense.com.br\/index.php?rest_route=\/wp\/v2\/media\/7729"}],"wp:attachment":[{"href":"https:\/\/focotocantinense.com.br\/index.php?rest_route=%2Fwp%2Fv2%2Fmedia&parent=7728"}],"wp:term":[{"taxonomy":"category","embeddable":true,"href":"https:\/\/focotocantinense.com.br\/index.php?rest_route=%2Fwp%2Fv2%2Fcategories&post=7728"},{"taxonomy":"post_tag","embeddable":true,"href":"https:\/\/focotocantinense.com.br\/index.php?rest_route=%2Fwp%2Fv2%2Ftags&post=7728"}],"curies":[{"name":"wp","href":"https:\/\/api.w.org\/{rel}","templated":true}]}}