{"id":7717,"date":"2024-06-11T16:48:48","date_gmt":"2024-06-11T19:48:48","guid":{"rendered":"https:\/\/focotocantinense.com.br\/?p=7717"},"modified":"2024-06-11T16:52:15","modified_gmt":"2024-06-11T19:52:15","slug":"roda-e-conversa-com-o-poeta-zacarias-martins-movimenta-escola-indigena-xerente-em-tocantinia","status":"publish","type":"post","link":"https:\/\/focotocantinense.com.br\/?p=7717","title":{"rendered":"Roda e conversa com o poeta Zacarias Martins movimenta escola ind\u00edgena Xerente, em Tocant\u00ednia"},"content":{"rendered":"\n<p><strong>Por:<a href=\"https:\/\/portaldoamaral.com.br\/roda-e-conversa-com-o-poeta-zacarias-martins-movimenta-escola-indigena-xerente-em-tocantinia\/#\">&nbsp;Ascom &#8211; Tocant\u00ednia \/ Fotos: Higor Batista<\/a><\/strong><\/p>\n\n\n\n<p>Numa iniciativa da Prefeitura de Tocant\u00ednia, por meio da Secretaria Municipal de Educa\u00e7\u00e3o (Semed), o poeta e jornalista Zacarias Martins foi o convidado especial do Projeto Leitura Viva, quando participou de&nbsp; uma&nbsp; animada roda de conversa que&nbsp; foi realizada na manh\u00e3 desta ter\u00e7a-feira, dia 11,&nbsp; no N\u00facleo de Educa\u00e7\u00e3o Infantil da Aldeia Porteira, da comunidade Xerente.<\/p>\n\n\n\n<p>De uma maneira l\u00fadica e sempre bem-humorada, Zacarias Martins envolveu as crian\u00e7as Xerente que ficaram encantadas com a sua conta\u00e7\u00e3o de hist\u00f3rias e a sua performance musical. Ao final, o autor sorteou alguns brindes e livros entre as crian\u00e7as participantes desse animado encontro. Tamb\u00e9m fez doa\u00e7\u00e3o de livros para refor\u00e7ar o acervo da biblioteca escolar.<\/p>\n\n\n\n<p>Ao dar as boas-vindas ao ilustre convidado,&nbsp; o coordenador pedag\u00f3gico do N\u00facleo de Educa\u00e7\u00e3o Infantil da Aldeia Porteira, Tiago Xerente, disse que&nbsp; a presen\u00e7a do poeta Zacarias Martins naquela&nbsp; unidade escolar foi muito importante para contribuir&nbsp; ainda mais para ampliar os conhecimentos&nbsp; das crian\u00e7as que ali estudam.<\/p>\n\n\n\n<p><strong>Sobre o Projeto Leitura Viva<\/strong><\/p>\n\n\n\n<p>O secret\u00e1rio de Educa\u00e7\u00e3o de Tocant\u00ednia, Andr\u00e9 Goveia, explica que o Projeto Leitura Viva, colocado em pr\u00e1tica na Rede Municipal de Ensino \u00e9 uma iniciativa que ao longo da sua exist\u00eancia, tem obtido resultados altamente positivos,&nbsp; com seu leque de a\u00e7\u00f5es&nbsp; que facilitam o despertar dos alunos para o prazer&nbsp; pela leitura, sem que isso seja uma obriga\u00e7\u00e3o pela escola.<\/p>\n\n\n\n<p>\u201cNossa metodologia pedag\u00f3gica desde cedo, busca incentivar os alunos a lerem de forma prazerosa. Eles s\u00e3o estimulados a usar a linguagem por meio da leitura, pois \u00e9 por meio do experimento, do est\u00edmulo da imagina\u00e7\u00e3o, do l\u00fadico, e da fantasia, que estamos obtendo maior envolvimento de nossas crian\u00e7as\u201d, afirmou Andr\u00e9 Goveia, destacando que as rodas de conversas com os principais autores regionais tocantinenses, contribuem para enriquecer ainda mais esse projeto.<\/p>\n\n\n\n\n\n<p><\/p>\n\n\n\n<figure class=\"wp-block-image size-large\"><img loading=\"lazy\" decoding=\"async\" width=\"1024\" height=\"682\" src=\"https:\/\/focotocantinense.com.br\/wp-content\/uploads\/2024\/06\/2-Zacaias-Martins-e-as-criancas-do-Nucleo-de-Educacao-Infantil-da-Aldeia-Porteira-da-comunidade-Xerente.-Foto-Higor-Batista-1024x682.jpg\" alt=\"\" class=\"wp-image-7725\" srcset=\"https:\/\/focotocantinense.com.br\/wp-content\/uploads\/2024\/06\/2-Zacaias-Martins-e-as-criancas-do-Nucleo-de-Educacao-Infantil-da-Aldeia-Porteira-da-comunidade-Xerente.-Foto-Higor-Batista-1024x682.jpg 1024w, https:\/\/focotocantinense.com.br\/wp-content\/uploads\/2024\/06\/2-Zacaias-Martins-e-as-criancas-do-Nucleo-de-Educacao-Infantil-da-Aldeia-Porteira-da-comunidade-Xerente.-Foto-Higor-Batista-300x200.jpg 300w, https:\/\/focotocantinense.com.br\/wp-content\/uploads\/2024\/06\/2-Zacaias-Martins-e-as-criancas-do-Nucleo-de-Educacao-Infantil-da-Aldeia-Porteira-da-comunidade-Xerente.-Foto-Higor-Batista-768x512.jpg 768w, https:\/\/focotocantinense.com.br\/wp-content\/uploads\/2024\/06\/2-Zacaias-Martins-e-as-criancas-do-Nucleo-de-Educacao-Infantil-da-Aldeia-Porteira-da-comunidade-Xerente.-Foto-Higor-Batista-1536x1024.jpg 1536w, https:\/\/focotocantinense.com.br\/wp-content\/uploads\/2024\/06\/2-Zacaias-Martins-e-as-criancas-do-Nucleo-de-Educacao-Infantil-da-Aldeia-Porteira-da-comunidade-Xerente.-Foto-Higor-Batista-2048x1365.jpg 2048w, https:\/\/focotocantinense.com.br\/wp-content\/uploads\/2024\/06\/2-Zacaias-Martins-e-as-criancas-do-Nucleo-de-Educacao-Infantil-da-Aldeia-Porteira-da-comunidade-Xerente.-Foto-Higor-Batista-310x205.jpg 310w\" sizes=\"auto, (max-width: 1024px) 100vw, 1024px\" \/><\/figure>\n\n\n\n<p><\/p>\n\n\n\n<figure class=\"wp-block-image size-large\"><img loading=\"lazy\" decoding=\"async\" width=\"1024\" height=\"682\" src=\"https:\/\/focotocantinense.com.br\/wp-content\/uploads\/2024\/06\/4-Zacaias-Martins-e-as-criancas-do-Nucleo-de-Educacao-Infantil-da-Aldeia-Porteira-da-comunidade-Xerente.-Foto-Higor-Batista-1024x682.jpg\" alt=\"\" class=\"wp-image-7724\" srcset=\"https:\/\/focotocantinense.com.br\/wp-content\/uploads\/2024\/06\/4-Zacaias-Martins-e-as-criancas-do-Nucleo-de-Educacao-Infantil-da-Aldeia-Porteira-da-comunidade-Xerente.-Foto-Higor-Batista-1024x682.jpg 1024w, https:\/\/focotocantinense.com.br\/wp-content\/uploads\/2024\/06\/4-Zacaias-Martins-e-as-criancas-do-Nucleo-de-Educacao-Infantil-da-Aldeia-Porteira-da-comunidade-Xerente.-Foto-Higor-Batista-300x200.jpg 300w, https:\/\/focotocantinense.com.br\/wp-content\/uploads\/2024\/06\/4-Zacaias-Martins-e-as-criancas-do-Nucleo-de-Educacao-Infantil-da-Aldeia-Porteira-da-comunidade-Xerente.-Foto-Higor-Batista-768x512.jpg 768w, https:\/\/focotocantinense.com.br\/wp-content\/uploads\/2024\/06\/4-Zacaias-Martins-e-as-criancas-do-Nucleo-de-Educacao-Infantil-da-Aldeia-Porteira-da-comunidade-Xerente.-Foto-Higor-Batista-1536x1023.jpg 1536w, https:\/\/focotocantinense.com.br\/wp-content\/uploads\/2024\/06\/4-Zacaias-Martins-e-as-criancas-do-Nucleo-de-Educacao-Infantil-da-Aldeia-Porteira-da-comunidade-Xerente.-Foto-Higor-Batista-310x205.jpg 310w, https:\/\/focotocantinense.com.br\/wp-content\/uploads\/2024\/06\/4-Zacaias-Martins-e-as-criancas-do-Nucleo-de-Educacao-Infantil-da-Aldeia-Porteira-da-comunidade-Xerente.-Foto-Higor-Batista.jpg 1600w\" sizes=\"auto, (max-width: 1024px) 100vw, 1024px\" \/><\/figure>\n\n\n\n<p><\/p>\n\n\n\n<figure class=\"wp-block-image size-large\"><img loading=\"lazy\" decoding=\"async\" width=\"1024\" height=\"682\" src=\"https:\/\/focotocantinense.com.br\/wp-content\/uploads\/2024\/06\/5-Zacaias-Martins-e-as-criancas-do-Nucleo-de-Educacao-Infantil-da-Aldeia-Porteira-da-comunidade-Xerente.-Foto-Higor-Batista-1024x682.jpg\" alt=\"\" class=\"wp-image-7723\" srcset=\"https:\/\/focotocantinense.com.br\/wp-content\/uploads\/2024\/06\/5-Zacaias-Martins-e-as-criancas-do-Nucleo-de-Educacao-Infantil-da-Aldeia-Porteira-da-comunidade-Xerente.-Foto-Higor-Batista-1024x682.jpg 1024w, https:\/\/focotocantinense.com.br\/wp-content\/uploads\/2024\/06\/5-Zacaias-Martins-e-as-criancas-do-Nucleo-de-Educacao-Infantil-da-Aldeia-Porteira-da-comunidade-Xerente.-Foto-Higor-Batista-300x200.jpg 300w, https:\/\/focotocantinense.com.br\/wp-content\/uploads\/2024\/06\/5-Zacaias-Martins-e-as-criancas-do-Nucleo-de-Educacao-Infantil-da-Aldeia-Porteira-da-comunidade-Xerente.-Foto-Higor-Batista-768x512.jpg 768w, https:\/\/focotocantinense.com.br\/wp-content\/uploads\/2024\/06\/5-Zacaias-Martins-e-as-criancas-do-Nucleo-de-Educacao-Infantil-da-Aldeia-Porteira-da-comunidade-Xerente.-Foto-Higor-Batista-1536x1024.jpg 1536w, https:\/\/focotocantinense.com.br\/wp-content\/uploads\/2024\/06\/5-Zacaias-Martins-e-as-criancas-do-Nucleo-de-Educacao-Infantil-da-Aldeia-Porteira-da-comunidade-Xerente.-Foto-Higor-Batista-2048x1365.jpg 2048w, https:\/\/focotocantinense.com.br\/wp-content\/uploads\/2024\/06\/5-Zacaias-Martins-e-as-criancas-do-Nucleo-de-Educacao-Infantil-da-Aldeia-Porteira-da-comunidade-Xerente.-Foto-Higor-Batista-310x205.jpg 310w\" sizes=\"auto, (max-width: 1024px) 100vw, 1024px\" \/><\/figure>\n\n\n\n<p><\/p>\n\n\n\n<figure class=\"wp-block-image size-large\"><img loading=\"lazy\" decoding=\"async\" width=\"1024\" height=\"682\" src=\"https:\/\/focotocantinense.com.br\/wp-content\/uploads\/2024\/06\/7-Zacaias-Martins-e-as-criancas-do-Nucleo-de-Educacao-Infantil-da-Aldeia-Porteira-da-comunidade-Xerente.-Foto-Higor-Batista-1024x682.jpg\" alt=\"\" class=\"wp-image-7721\" srcset=\"https:\/\/focotocantinense.com.br\/wp-content\/uploads\/2024\/06\/7-Zacaias-Martins-e-as-criancas-do-Nucleo-de-Educacao-Infantil-da-Aldeia-Porteira-da-comunidade-Xerente.-Foto-Higor-Batista-1024x682.jpg 1024w, https:\/\/focotocantinense.com.br\/wp-content\/uploads\/2024\/06\/7-Zacaias-Martins-e-as-criancas-do-Nucleo-de-Educacao-Infantil-da-Aldeia-Porteira-da-comunidade-Xerente.-Foto-Higor-Batista-300x200.jpg 300w, https:\/\/focotocantinense.com.br\/wp-content\/uploads\/2024\/06\/7-Zacaias-Martins-e-as-criancas-do-Nucleo-de-Educacao-Infantil-da-Aldeia-Porteira-da-comunidade-Xerente.-Foto-Higor-Batista-768x512.jpg 768w, https:\/\/focotocantinense.com.br\/wp-content\/uploads\/2024\/06\/7-Zacaias-Martins-e-as-criancas-do-Nucleo-de-Educacao-Infantil-da-Aldeia-Porteira-da-comunidade-Xerente.-Foto-Higor-Batista-1536x1024.jpg 1536w, https:\/\/focotocantinense.com.br\/wp-content\/uploads\/2024\/06\/7-Zacaias-Martins-e-as-criancas-do-Nucleo-de-Educacao-Infantil-da-Aldeia-Porteira-da-comunidade-Xerente.-Foto-Higor-Batista-2048x1365.jpg 2048w, https:\/\/focotocantinense.com.br\/wp-content\/uploads\/2024\/06\/7-Zacaias-Martins-e-as-criancas-do-Nucleo-de-Educacao-Infantil-da-Aldeia-Porteira-da-comunidade-Xerente.-Foto-Higor-Batista-310x205.jpg 310w\" sizes=\"auto, (max-width: 1024px) 100vw, 1024px\" \/><\/figure>\n\n\n\n<p><\/p>\n\n\n\n<figure class=\"wp-block-image size-large\"><img loading=\"lazy\" decoding=\"async\" width=\"1024\" height=\"576\" src=\"https:\/\/focotocantinense.com.br\/wp-content\/uploads\/2024\/06\/8-Zacaias-Martins-e-as-criancas-do-Nucleo-de-Educacao-Infantil-da-Aldeia-Porteira-da-comunidade-Xerente.-Foto-Higor-Batista-1024x576.jpg\" alt=\"\" class=\"wp-image-7720\" srcset=\"https:\/\/focotocantinense.com.br\/wp-content\/uploads\/2024\/06\/8-Zacaias-Martins-e-as-criancas-do-Nucleo-de-Educacao-Infantil-da-Aldeia-Porteira-da-comunidade-Xerente.-Foto-Higor-Batista-1024x576.jpg 1024w, https:\/\/focotocantinense.com.br\/wp-content\/uploads\/2024\/06\/8-Zacaias-Martins-e-as-criancas-do-Nucleo-de-Educacao-Infantil-da-Aldeia-Porteira-da-comunidade-Xerente.-Foto-Higor-Batista-300x169.jpg 300w, https:\/\/focotocantinense.com.br\/wp-content\/uploads\/2024\/06\/8-Zacaias-Martins-e-as-criancas-do-Nucleo-de-Educacao-Infantil-da-Aldeia-Porteira-da-comunidade-Xerente.-Foto-Higor-Batista-768x432.jpg 768w, https:\/\/focotocantinense.com.br\/wp-content\/uploads\/2024\/06\/8-Zacaias-Martins-e-as-criancas-do-Nucleo-de-Educacao-Infantil-da-Aldeia-Porteira-da-comunidade-Xerente.-Foto-Higor-Batista-1536x864.jpg 1536w, https:\/\/focotocantinense.com.br\/wp-content\/uploads\/2024\/06\/8-Zacaias-Martins-e-as-criancas-do-Nucleo-de-Educacao-Infantil-da-Aldeia-Porteira-da-comunidade-Xerente.-Foto-Higor-Batista-2048x1152.jpg 2048w\" sizes=\"auto, (max-width: 1024px) 100vw, 1024px\" \/><\/figure>\n\n\n\n<p><\/p>\n\n\n\n<figure class=\"wp-block-image size-large\"><img loading=\"lazy\" decoding=\"async\" width=\"1024\" height=\"576\" src=\"https:\/\/focotocantinense.com.br\/wp-content\/uploads\/2024\/06\/9-Zacaias-Martins-e-as-criancas-do-Nucleo-de-Educacao-Infantil-da-Aldeia-Porteira-da-comunidade-Xerente.-Foto-Higor-Batista-1024x576.jpg\" alt=\"\" class=\"wp-image-7719\" srcset=\"https:\/\/focotocantinense.com.br\/wp-content\/uploads\/2024\/06\/9-Zacaias-Martins-e-as-criancas-do-Nucleo-de-Educacao-Infantil-da-Aldeia-Porteira-da-comunidade-Xerente.-Foto-Higor-Batista-1024x576.jpg 1024w, https:\/\/focotocantinense.com.br\/wp-content\/uploads\/2024\/06\/9-Zacaias-Martins-e-as-criancas-do-Nucleo-de-Educacao-Infantil-da-Aldeia-Porteira-da-comunidade-Xerente.-Foto-Higor-Batista-300x169.jpg 300w, https:\/\/focotocantinense.com.br\/wp-content\/uploads\/2024\/06\/9-Zacaias-Martins-e-as-criancas-do-Nucleo-de-Educacao-Infantil-da-Aldeia-Porteira-da-comunidade-Xerente.-Foto-Higor-Batista-768x432.jpg 768w, https:\/\/focotocantinense.com.br\/wp-content\/uploads\/2024\/06\/9-Zacaias-Martins-e-as-criancas-do-Nucleo-de-Educacao-Infantil-da-Aldeia-Porteira-da-comunidade-Xerente.-Foto-Higor-Batista-1536x864.jpg 1536w, https:\/\/focotocantinense.com.br\/wp-content\/uploads\/2024\/06\/9-Zacaias-Martins-e-as-criancas-do-Nucleo-de-Educacao-Infantil-da-Aldeia-Porteira-da-comunidade-Xerente.-Foto-Higor-Batista-2048x1152.jpg 2048w\" sizes=\"auto, (max-width: 1024px) 100vw, 1024px\" \/><\/figure>\n\n\n\n<p><\/p>\n\n\n\n<figure class=\"wp-block-image size-full\"><img loading=\"lazy\" decoding=\"async\" width=\"843\" height=\"251\" src=\"https:\/\/focotocantinense.com.br\/wp-content\/uploads\/2024\/06\/VINI_181-5.jpg\" alt=\"\" class=\"wp-image-7718\" srcset=\"https:\/\/focotocantinense.com.br\/wp-content\/uploads\/2024\/06\/VINI_181-5.jpg 843w, https:\/\/focotocantinense.com.br\/wp-content\/uploads\/2024\/06\/VINI_181-5-300x89.jpg 300w, https:\/\/focotocantinense.com.br\/wp-content\/uploads\/2024\/06\/VINI_181-5-768x229.jpg 768w\" sizes=\"auto, (max-width: 843px) 100vw, 843px\" \/><\/figure>\n","protected":false},"excerpt":{"rendered":"<p>Por:&nbsp;Ascom &#8211; Tocant\u00ednia \/ Fotos: Higor Batista Numa iniciativa da Prefeitura de Tocant\u00ednia, por meio da Secretaria Municipal de Educa\u00e7\u00e3o (Semed), o poeta e jornalista Zacarias Martins foi o convidado especial do Projeto Leitura Viva, quando participou de&nbsp; uma&nbsp; animada roda de conversa que&nbsp; foi realizada na manh\u00e3 desta ter\u00e7a-feira, dia 11,&nbsp; no N\u00facleo de &hellip;<\/p>\n","protected":false},"author":5,"featured_media":7726,"comment_status":"open","ping_status":"open","sticky":false,"template":"","format":"standard","meta":{"footnotes":""},"categories":[1,78],"tags":[],"class_list":["post-7717","post","type-post","status-publish","format-standard","has-post-thumbnail","","category-sem-categoria","category-tocantinia"],"_links":{"self":[{"href":"https:\/\/focotocantinense.com.br\/index.php?rest_route=\/wp\/v2\/posts\/7717","targetHints":{"allow":["GET"]}}],"collection":[{"href":"https:\/\/focotocantinense.com.br\/index.php?rest_route=\/wp\/v2\/posts"}],"about":[{"href":"https:\/\/focotocantinense.com.br\/index.php?rest_route=\/wp\/v2\/types\/post"}],"author":[{"embeddable":true,"href":"https:\/\/focotocantinense.com.br\/index.php?rest_route=\/wp\/v2\/users\/5"}],"replies":[{"embeddable":true,"href":"https:\/\/focotocantinense.com.br\/index.php?rest_route=%2Fwp%2Fv2%2Fcomments&post=7717"}],"version-history":[{"count":2,"href":"https:\/\/focotocantinense.com.br\/index.php?rest_route=\/wp\/v2\/posts\/7717\/revisions"}],"predecessor-version":[{"id":7727,"href":"https:\/\/focotocantinense.com.br\/index.php?rest_route=\/wp\/v2\/posts\/7717\/revisions\/7727"}],"wp:featuredmedia":[{"embeddable":true,"href":"https:\/\/focotocantinense.com.br\/index.php?rest_route=\/wp\/v2\/media\/7726"}],"wp:attachment":[{"href":"https:\/\/focotocantinense.com.br\/index.php?rest_route=%2Fwp%2Fv2%2Fmedia&parent=7717"}],"wp:term":[{"taxonomy":"category","embeddable":true,"href":"https:\/\/focotocantinense.com.br\/index.php?rest_route=%2Fwp%2Fv2%2Fcategories&post=7717"},{"taxonomy":"post_tag","embeddable":true,"href":"https:\/\/focotocantinense.com.br\/index.php?rest_route=%2Fwp%2Fv2%2Ftags&post=7717"}],"curies":[{"name":"wp","href":"https:\/\/api.w.org\/{rel}","templated":true}]}}