{"id":771,"date":"2021-02-23T13:30:06","date_gmt":"2021-02-23T16:30:06","guid":{"rendered":"http:\/\/focotocantinense.com.br\/?p=771"},"modified":"2023-06-18T07:53:15","modified_gmt":"2023-06-18T10:53:15","slug":"revista-do-curso-de-letras-da-unirg-destaca-o-universo-literario-de-zacarias-martins","status":"publish","type":"post","link":"https:\/\/focotocantinense.com.br\/?p=771","title":{"rendered":"Revista do curso de Letras da Unirg destaca o universo liter\u00e1rio de Zacarias Martins"},"content":{"rendered":"\n<figure class=\"wp-block-image is-resized\"><img loading=\"lazy\" decoding=\"async\" src=\"https:\/\/portaldoamaral.com.br\/wp-content\/uploads\/2021\/02\/zacarias.png\" alt=\"\" width=\"372\" height=\"208\"\/><\/figure>\n\n\n\n<p><em>A Coordena\u00e7\u00e3o do curso de Letras da Universidade de Gurupi (UnirG), acaba de lan\u00e7ar a oitava edi\u00e7\u00e3o&nbsp;da revista&nbsp;<strong>Ressaca Liter\u00e1ria<\/strong>, trazendo v\u00e1rios textos interessantes produzidos pelos acad\u00eamicos e professores do curso.<\/em><\/p>\n\n\n\n<p>A revista publica contos, poesias, artigos e ensaios liter\u00e1rios, estudos lingu\u00edsticos e comparados, al\u00e9m de textos sobre artes, cultura, did\u00e1tica de abordagem interdisciplinar com \u00e1reas afins,<\/p>\n\n\n\n<p>O&nbsp; trabalho tamb\u00e9m \u00e9 desenvolvido em parceria com a Academia Gurupiense de Letras (AGL) para a divulga\u00e7\u00e3o das obras e atividades liter\u00e1rias de seus integrantes.<\/p>\n\n\n\n<p>Nesta&nbsp; edi\u00e7\u00e3o, por exemplo,&nbsp; numa substanciosa entrevista de quatro p\u00e1ginas, as acad\u00eamicas do curso de Letras, Ana Maria Mariano e Louygrime Soares dos Reis, entrevistaram o poeta, cronista, jornalista e ativista cultural &nbsp;Zacarias Martins, um dos grandes destaques da literatura tocantinense contempor\u00e2nea e, tamb\u00e9m, membro fundador da Academia Gurupiense de Letras e da Academia Tocantinense de Letras.<\/p>\n\n\n\n<p><em><strong>Publica\u00e7\u00e3o impressa<\/strong><\/em><\/p>\n\n\n\n<p>Ao falar sobre a sua satisfa\u00e7\u00e3o em ter sido entrevistado para a essa publica\u00e7\u00e3o, Zacarias Martins destaca que as&nbsp;revistas liter\u00e1rias, &nbsp;publica\u00e7\u00f5es impressas com tiragens pequenas, como a&nbsp;<strong><em>Ressaca Liter\u00e1ria<\/em><\/strong>, comprovam, nos \u00faltimos meses, a chegada de novos leitores.<\/p>\n\n\n\n<p><em>\u201cAinda que n\u00e3o descartem suas edi\u00e7\u00f5es f\u00edsicas, elas t\u00eam aumentado o enfoque em seu modelo digital, em busca de novos assinantes, e essa \u00e9 uma tend\u00eancia que passou a se expandir, em pleno per\u00edodo de pandemia. Mesmo&nbsp; na era da globaliza\u00e7\u00e3o e das novas tecnologias, ainda \u00e9 expressivo o n\u00famero de pessoas apreciando&nbsp; publica\u00e7\u00f5es impressas, e esse formato da&nbsp;&nbsp;<strong>Ressaca Liter\u00e1ria<\/strong>&nbsp;\u00e9 o grande diferencial\u201d,<\/em>&nbsp;argumenta Martins. <strong><em>(Eliomar Veloso)<\/em><\/strong><\/p>\n","protected":false},"excerpt":{"rendered":"<p>A Coordena\u00e7\u00e3o do curso de Letras da Universidade de Gurupi (UnirG), acaba de lan\u00e7ar a oitava edi\u00e7\u00e3o&nbsp;da revista&nbsp;Ressaca Liter\u00e1ria, trazendo v\u00e1rios textos interessantes produzidos pelos acad\u00eamicos e professores do curso. A revista publica contos, poesias, artigos e ensaios liter\u00e1rios, estudos lingu\u00edsticos e comparados, al\u00e9m de textos sobre artes, cultura, did\u00e1tica de abordagem interdisciplinar com \u00e1reas &hellip;<\/p>\n","protected":false},"author":5,"featured_media":776,"comment_status":"open","ping_status":"open","sticky":true,"template":"","format":"standard","meta":{"footnotes":""},"categories":[38],"tags":[85,84],"class_list":["post-771","post","type-post","status-publish","format-standard","has-post-thumbnail","","category-gurupi","tag-poeta","tag-zacarias-martins"],"_links":{"self":[{"href":"https:\/\/focotocantinense.com.br\/index.php?rest_route=\/wp\/v2\/posts\/771","targetHints":{"allow":["GET"]}}],"collection":[{"href":"https:\/\/focotocantinense.com.br\/index.php?rest_route=\/wp\/v2\/posts"}],"about":[{"href":"https:\/\/focotocantinense.com.br\/index.php?rest_route=\/wp\/v2\/types\/post"}],"author":[{"embeddable":true,"href":"https:\/\/focotocantinense.com.br\/index.php?rest_route=\/wp\/v2\/users\/5"}],"replies":[{"embeddable":true,"href":"https:\/\/focotocantinense.com.br\/index.php?rest_route=%2Fwp%2Fv2%2Fcomments&post=771"}],"version-history":[{"count":4,"href":"https:\/\/focotocantinense.com.br\/index.php?rest_route=\/wp\/v2\/posts\/771\/revisions"}],"predecessor-version":[{"id":5137,"href":"https:\/\/focotocantinense.com.br\/index.php?rest_route=\/wp\/v2\/posts\/771\/revisions\/5137"}],"wp:featuredmedia":[{"embeddable":true,"href":"https:\/\/focotocantinense.com.br\/index.php?rest_route=\/wp\/v2\/media\/776"}],"wp:attachment":[{"href":"https:\/\/focotocantinense.com.br\/index.php?rest_route=%2Fwp%2Fv2%2Fmedia&parent=771"}],"wp:term":[{"taxonomy":"category","embeddable":true,"href":"https:\/\/focotocantinense.com.br\/index.php?rest_route=%2Fwp%2Fv2%2Fcategories&post=771"},{"taxonomy":"post_tag","embeddable":true,"href":"https:\/\/focotocantinense.com.br\/index.php?rest_route=%2Fwp%2Fv2%2Ftags&post=771"}],"curies":[{"name":"wp","href":"https:\/\/api.w.org\/{rel}","templated":true}]}}