{"id":7709,"date":"2024-06-09T17:53:57","date_gmt":"2024-06-09T20:53:57","guid":{"rendered":"https:\/\/focotocantinense.com.br\/?p=7709"},"modified":"2024-06-09T17:54:39","modified_gmt":"2024-06-09T20:54:39","slug":"lancamento-de-livro-com-resenhas-literarias-movimenta-academicos-de-geografia-da-ufnt","status":"publish","type":"post","link":"https:\/\/focotocantinense.com.br\/?p=7709","title":{"rendered":"Lan\u00e7amento de livro com resenhas liter\u00e1rias movimenta acad\u00eamicos de Geografia da UFNT"},"content":{"rendered":"\n<p><strong>Por Zacarias Martins<\/strong><\/p>\n\n\n\n<p>Ter\u00e1 lugar no Anfiteatro do bloco G da Universidade Federal do Norte do Tocantins (UFNT), em Aragua\u00edna, nesta segunda-feira, 10 de junho, \u00e0s 19 horas, a noite de aut\u00f3grafos para do livro de resenhas&nbsp; \u201c<strong><em>Torres Pereira e outros&nbsp; autores<\/em><\/strong>\u201d, publicado pela Editora Veloso.<\/p>\n\n\n\n<p>A obra&nbsp; foi preparada pela turma do Primeiro Per\u00edodo de Geografia da UFNT, sob orienta\u00e7\u00e3o do professor doutor Pedro Albeirice da Rocha, e apresenta&nbsp; resenhas realizadas pelos estudantes. Inclui, ainda, textos de seis professores do colegiado de Geografia e outros convidados especiais.<\/p>\n\n\n\n<p>Ao todo, 18 alunos participam do livro, mais quatro resenhistas convidados. Os trabalhos enfocam diversos autores brasileiros, mas seis das resenhas s\u00e3o dedicadas a livros do escritor Torres Pereira, grande homenageado da edi\u00e7\u00e3o.<\/p>\n\n\n\n<p>Iniciativas como essa engrandecem a Universidade e colocam em evid\u00eancia o curso de Geografia da UFNT, que se destaca pela preocupa\u00e7\u00e3o com o desenvolvimento intelectual de seus alunos.<\/p>\n\n\n\n<figure class=\"wp-block-image size-full is-resized\"><img loading=\"lazy\" decoding=\"async\" width=\"560\" height=\"427\" src=\"https:\/\/focotocantinense.com.br\/wp-content\/uploads\/2024\/06\/capa-do-livro.jpg\" alt=\"\" class=\"wp-image-7710\" style=\"width:375px;height:auto\" srcset=\"https:\/\/focotocantinense.com.br\/wp-content\/uploads\/2024\/06\/capa-do-livro.jpg 560w, https:\/\/focotocantinense.com.br\/wp-content\/uploads\/2024\/06\/capa-do-livro-300x229.jpg 300w\" sizes=\"auto, (max-width: 560px) 100vw, 560px\" \/><\/figure>\n\n\n\n<p><\/p>\n\n\n\n<figure class=\"wp-block-image size-large\"><img loading=\"lazy\" decoding=\"async\" width=\"1024\" height=\"768\" src=\"https:\/\/focotocantinense.com.br\/wp-content\/uploads\/2024\/06\/aaaaaaaaaaaaaaaaa-1024x768.jpg\" alt=\"\" class=\"wp-image-7712\" srcset=\"https:\/\/focotocantinense.com.br\/wp-content\/uploads\/2024\/06\/aaaaaaaaaaaaaaaaa-1024x768.jpg 1024w, https:\/\/focotocantinense.com.br\/wp-content\/uploads\/2024\/06\/aaaaaaaaaaaaaaaaa-300x225.jpg 300w, https:\/\/focotocantinense.com.br\/wp-content\/uploads\/2024\/06\/aaaaaaaaaaaaaaaaa-768x576.jpg 768w, https:\/\/focotocantinense.com.br\/wp-content\/uploads\/2024\/06\/aaaaaaaaaaaaaaaaa-1536x1152.jpg 1536w, https:\/\/focotocantinense.com.br\/wp-content\/uploads\/2024\/06\/aaaaaaaaaaaaaaaaa-2048x1536.jpg 2048w\" sizes=\"auto, (max-width: 1024px) 100vw, 1024px\" \/><\/figure>\n\n\n\n<p><strong><em>O Organizador da obra, Pedro Albeirice junto ao presidente da Comiss\u00e3o Editorial, Wesley Pereira da Silva.<\/em><\/strong><\/p>\n\n\n\n<figure class=\"wp-block-image size-full\"><img loading=\"lazy\" decoding=\"async\" width=\"843\" height=\"251\" src=\"https:\/\/focotocantinense.com.br\/wp-content\/uploads\/2024\/06\/VINI_181-4.jpg\" alt=\"\" class=\"wp-image-7711\" srcset=\"https:\/\/focotocantinense.com.br\/wp-content\/uploads\/2024\/06\/VINI_181-4.jpg 843w, https:\/\/focotocantinense.com.br\/wp-content\/uploads\/2024\/06\/VINI_181-4-300x89.jpg 300w, https:\/\/focotocantinense.com.br\/wp-content\/uploads\/2024\/06\/VINI_181-4-768x229.jpg 768w\" sizes=\"auto, (max-width: 843px) 100vw, 843px\" \/><\/figure>\n","protected":false},"excerpt":{"rendered":"<p>Por Zacarias Martins Ter\u00e1 lugar no Anfiteatro do bloco G da Universidade Federal do Norte do Tocantins (UFNT), em Aragua\u00edna, nesta segunda-feira, 10 de junho, \u00e0s 19 horas, a noite de aut\u00f3grafos para do livro de resenhas&nbsp; \u201cTorres Pereira e outros&nbsp; autores\u201d, publicado pela Editora Veloso. A obra&nbsp; foi preparada pela turma do Primeiro Per\u00edodo &hellip;<\/p>\n","protected":false},"author":5,"featured_media":7710,"comment_status":"open","ping_status":"open","sticky":false,"template":"","format":"standard","meta":{"footnotes":""},"categories":[45],"tags":[],"class_list":["post-7709","post","type-post","status-publish","format-standard","has-post-thumbnail","","category-araguaina"],"_links":{"self":[{"href":"https:\/\/focotocantinense.com.br\/index.php?rest_route=\/wp\/v2\/posts\/7709","targetHints":{"allow":["GET"]}}],"collection":[{"href":"https:\/\/focotocantinense.com.br\/index.php?rest_route=\/wp\/v2\/posts"}],"about":[{"href":"https:\/\/focotocantinense.com.br\/index.php?rest_route=\/wp\/v2\/types\/post"}],"author":[{"embeddable":true,"href":"https:\/\/focotocantinense.com.br\/index.php?rest_route=\/wp\/v2\/users\/5"}],"replies":[{"embeddable":true,"href":"https:\/\/focotocantinense.com.br\/index.php?rest_route=%2Fwp%2Fv2%2Fcomments&post=7709"}],"version-history":[{"count":2,"href":"https:\/\/focotocantinense.com.br\/index.php?rest_route=\/wp\/v2\/posts\/7709\/revisions"}],"predecessor-version":[{"id":7714,"href":"https:\/\/focotocantinense.com.br\/index.php?rest_route=\/wp\/v2\/posts\/7709\/revisions\/7714"}],"wp:featuredmedia":[{"embeddable":true,"href":"https:\/\/focotocantinense.com.br\/index.php?rest_route=\/wp\/v2\/media\/7710"}],"wp:attachment":[{"href":"https:\/\/focotocantinense.com.br\/index.php?rest_route=%2Fwp%2Fv2%2Fmedia&parent=7709"}],"wp:term":[{"taxonomy":"category","embeddable":true,"href":"https:\/\/focotocantinense.com.br\/index.php?rest_route=%2Fwp%2Fv2%2Fcategories&post=7709"},{"taxonomy":"post_tag","embeddable":true,"href":"https:\/\/focotocantinense.com.br\/index.php?rest_route=%2Fwp%2Fv2%2Ftags&post=7709"}],"curies":[{"name":"wp","href":"https:\/\/api.w.org\/{rel}","templated":true}]}}