{"id":7700,"date":"2024-06-07T21:23:20","date_gmt":"2024-06-08T00:23:20","guid":{"rendered":"https:\/\/focotocantinense.com.br\/?p=7700"},"modified":"2024-06-07T21:23:21","modified_gmt":"2024-06-08T00:23:21","slug":"2a-feira-de-ciencias-em-tocantinia-alerta-sobre-as-mudancas-climaticas","status":"publish","type":"post","link":"https:\/\/focotocantinense.com.br\/?p=7700","title":{"rendered":"2\u00aa Feira de Ci\u00eancias em Tocant\u00ednia alerta sobre as mudan\u00e7as clim\u00e1ticas"},"content":{"rendered":"\n<p><strong>Por Zacarias Martins<\/strong><\/p>\n\n\n\n<p>Nesta sexta-feira, 7 de junho,&nbsp; foi realizada no audit\u00f3rio da Escola Municipal de Educa\u00e7\u00e3o Integral (EMEI), Tereza Hil\u00e1rio Ribeiro&nbsp; a&nbsp; segunda edi\u00e7\u00e3o da Feira de Ci\u00eancias da Rede Municipal de Educa\u00e7\u00e3o em Tocant\u00ednia.&nbsp;<\/p>\n\n\n\n<p>A iniciativa integra um leque de a\u00e7\u00f5es que fazem parte do Projeto Ci\u00eancia Viva, um projeto da Secretaria Municipal de Educa\u00e7\u00e3o (Semed),&nbsp; que tem como objetivo a valoriza\u00e7\u00e3o e amplia\u00e7\u00e3o dos conhecimentos acerca da ci\u00eancia,&nbsp; bem como suscitar a forma\u00e7\u00e3o de novos cientistas entre os alunos.&nbsp;<\/p>\n\n\n\n<p>Na edi\u00e7\u00e3o deste ano, a&nbsp; &nbsp;Feira de Ci\u00eancias trouxe como tem\u00e1tica \u201cA rela\u00e7\u00e3o do povo ind\u00edgena Akwe Xerente com o meio ambiente e os impactos das mudan\u00e7as clim\u00e1ticas\u201d.&nbsp;&nbsp;<\/p>\n\n\n\n<p>Diversos integrantes da comunidade e autoridades participaram da Feira de Ci\u00eancias. tais como,&nbsp; o secret\u00e1rio de Esportes,&nbsp; Adalto Pereira, o secret\u00e1rio do Meio Ambiente, Raul Rodrigues, al\u00e9m da coordenadora do CRAS, Eliane Dantas e&nbsp; a Assessora de Munic\u00edpios e articuladora do Compromisso Nacional Crian\u00e7a Alfabetizada&nbsp; Let\u00edcia Apoliana da SRE de Miracema do Tocantins.&nbsp;&nbsp;<\/p>\n\n\n\n<p>Na abertura do evento,&nbsp; ocorreram v\u00e1rias apresenta\u00e7\u00f5es culturais como o grupo de Dan\u00e7a da Escola Municipal Ant\u00f4nio Benvindo da Luz, o coordenador pedag\u00f3gico Thiago Xerente,&nbsp; com c\u00e2nticos ind\u00edgenas Akwe e a participa\u00e7\u00e3o especial da aluna convidada do Cefya Frei Ant\u00f4nio,&nbsp; Sofia Vieira,&nbsp; que interpretou a m\u00fasica \u201c<em>Terra, planeta \u00c1gua<\/em>\u201d,&nbsp; de Guilherme Arantes.&nbsp;<\/p>\n\n\n\n<p>A cerim\u00f4nia de abertura contou ainda com a palestra da professora Mestre Eneida Brupahi Xerente, que discorreu sobre a tem\u00e1tica do evento \u201c O povo ind\u00edgena tem como par\u00e2metro para sua vida a natureza, os morros, as \u00e1rvores, os c\u00f3rregos e n\u00e3o par\u00e2metros que destroem a vida como vemos por a\u00ed\u201d.<\/p>\n\n\n\n<p><strong>Exposi\u00e7\u00e3o<\/strong><\/p>\n\n\n\n<p>As seis escolas da Rede Municipal de Educa\u00e7\u00e3o participaram da Feira de Ci\u00eancias e fizeram exposi\u00e7\u00e3o de pesquisas e experimentos cient\u00edficos que s\u00e3o resultados do processo de ensino e aprendizagem desenvolvido durante as aulas do primeiro semestre.&nbsp;&nbsp;<\/p>\n\n\n\n<p>Os alunos da&nbsp; EMEI Tereza Hil\u00e1rio Ribeiro apresentaram a experi\u00eancia dos brinquedos sustent\u00e1veis, onde, na oportunidade,&nbsp; mais de 100 brinquedos heur\u00edsticos,&nbsp; confeccionados a partir de materiais recicl\u00e1veis foram expostos pelos alunos de Educa\u00e7\u00e3o Infantil que s\u00e3o utilizados nas brincadeiras infantis.&nbsp;&nbsp;<\/p>\n\n\n\n<p>A EMEI Ind\u00edgena Sims\u00e3ri apresentou as sementes do cerrado utilizadas&nbsp; na confec\u00e7\u00e3o de&nbsp; colares e brinquedos infantis ind\u00edgenas. J\u00e1 a&nbsp; Escola Municipal Professor Constantino,&nbsp; apresentou o projeto de pesquisa Ra\u00edzes Verdes,&nbsp; onde os alunos pesquisaram mais de 38 plantas do cerrado,&nbsp; desde as ra\u00edzes, folhas, frutos e sementes,&nbsp; com o objetivo de compreender como melhoram a qualidade de vida e como podem ser melhor preservadas,&nbsp; &nbsp;sobretudo, as que correm risco de extin\u00e7\u00e3o.&nbsp;<\/p>\n\n\n\n<p><strong>Mais pesquisas<\/strong><\/p>\n\n\n\n<p>A Escola Municipal Ana Alves de Brito apresentou pesquisa sobre os animais da \u00e1rea rural e ind\u00edgena de Tocant\u00ednia que est\u00e3o em extin\u00e7\u00e3o e como contribuem para manter o ecossistema local intacto.<\/p>\n\n\n\n<p>&nbsp;A Escola Municipal Benvindo Sousa Luz trouxe apresenta\u00e7\u00e3o de pesquisa abordando a devasta\u00e7\u00e3o ocorrida na regi\u00e3o da Mata Grande e que faz limite com a comunidade do Assentamento \u00c1gua Fria. Enquanto isso, a Escola Municipal Ant\u00f4nio Benvindo da Luz abordou sobre a agress\u00e3o das queimadas criminosas no territ\u00f3rio ind\u00edgena,&nbsp; bem como, o trabalho dos Brigadistas do Prevfogo que combatem esse tipo de crime ambiental. A escola produziu ainda par\u00f3dias que foram apresentadas pelos alunos do primeiro ano.&nbsp;<\/p>\n\n\n\n<p><strong>Participa\u00e7\u00e3o especial<\/strong><\/p>\n\n\n\n<p>Participaram ainda das exposi\u00e7\u00f5es,&nbsp; os acad\u00eamicos da Universidade da Maturidade que apresentaram plantas medicinais que s\u00e3o usadas como ch\u00e1s e outros preparados da cultura ind\u00edgena Akwe que est\u00e3o em extin\u00e7\u00e3o dadas \u00e0s mudan\u00e7as clim\u00e1ticas.&nbsp;<\/p>\n\n\n\n<p>Para o coordenador da Feira de Ci\u00eancias, o bi\u00f3logo e pesquisador Samuel Marques, esse evento desperta o que temos de melhor em nossos alunos e professores para o desenvolvimento de pr\u00e1ticas educativas de valoriza\u00e7\u00e3o da ci\u00eancia, influenciando diretamente no combate \u00e0s a\u00e7\u00f5es que causam o descontrole do clima.<\/p>\n\n\n\n<p><strong>Um alerta<\/strong><\/p>\n\n\n\n<p>J\u00e1 o secret\u00e1rio de Educa\u00e7\u00e3o, professor Andr\u00e9 Goveia, ressaltou que a realiza\u00e7\u00e3o da Feira de Ci\u00eancias \u00e9 mais do que a sistematiza\u00e7\u00e3o e apresenta\u00e7\u00e3o de pesquisas realizadas pelos alunos com a orienta\u00e7\u00e3o dos professores.&nbsp;<\/p>\n\n\n\n<p>\u201cEssa a\u00e7\u00e3o, \u00e9, sobretudo, um chamamento e um alerta para que a sociedade possa empreender esfor\u00e7os urgentes com mais a\u00e7\u00f5es e menos discursos que venham incidir no respeito e na preserva\u00e7\u00e3o do meio ambiente principalmente as que causam desastres clim\u00e1ticos\u201d, frisou Goveia.<\/p>\n\n\n\n<figure class=\"wp-block-image size-large\"><img loading=\"lazy\" decoding=\"async\" width=\"1024\" height=\"648\" src=\"https:\/\/focotocantinense.com.br\/wp-content\/uploads\/2024\/06\/3-TOCANTINIA-1024x648.jpg\" alt=\"\" class=\"wp-image-7706\" srcset=\"https:\/\/focotocantinense.com.br\/wp-content\/uploads\/2024\/06\/3-TOCANTINIA-1024x648.jpg 1024w, https:\/\/focotocantinense.com.br\/wp-content\/uploads\/2024\/06\/3-TOCANTINIA-300x190.jpg 300w, https:\/\/focotocantinense.com.br\/wp-content\/uploads\/2024\/06\/3-TOCANTINIA-768x486.jpg 768w, https:\/\/focotocantinense.com.br\/wp-content\/uploads\/2024\/06\/3-TOCANTINIA-1536x972.jpg 1536w, https:\/\/focotocantinense.com.br\/wp-content\/uploads\/2024\/06\/3-TOCANTINIA.jpg 1600w\" sizes=\"auto, (max-width: 1024px) 100vw, 1024px\" \/><\/figure>\n\n\n\n<p><\/p>\n\n\n\n<figure class=\"wp-block-image size-large\"><img loading=\"lazy\" decoding=\"async\" width=\"1024\" height=\"682\" src=\"https:\/\/focotocantinense.com.br\/wp-content\/uploads\/2024\/06\/2-TOCANTINIA-1024x682.jpg\" alt=\"\" class=\"wp-image-7701\" srcset=\"https:\/\/focotocantinense.com.br\/wp-content\/uploads\/2024\/06\/2-TOCANTINIA-1024x682.jpg 1024w, https:\/\/focotocantinense.com.br\/wp-content\/uploads\/2024\/06\/2-TOCANTINIA-300x200.jpg 300w, https:\/\/focotocantinense.com.br\/wp-content\/uploads\/2024\/06\/2-TOCANTINIA-768x512.jpg 768w, https:\/\/focotocantinense.com.br\/wp-content\/uploads\/2024\/06\/2-TOCANTINIA-1536x1023.jpg 1536w, https:\/\/focotocantinense.com.br\/wp-content\/uploads\/2024\/06\/2-TOCANTINIA-310x205.jpg 310w, https:\/\/focotocantinense.com.br\/wp-content\/uploads\/2024\/06\/2-TOCANTINIA.jpg 1600w\" sizes=\"auto, (max-width: 1024px) 100vw, 1024px\" \/><\/figure>\n\n\n\n<p><\/p>\n\n\n\n<figure class=\"wp-block-image size-large\"><img loading=\"lazy\" decoding=\"async\" width=\"1024\" height=\"682\" src=\"https:\/\/focotocantinense.com.br\/wp-content\/uploads\/2024\/06\/1-TOCANTINIA-1024x682.jpg\" alt=\"\" class=\"wp-image-7705\" srcset=\"https:\/\/focotocantinense.com.br\/wp-content\/uploads\/2024\/06\/1-TOCANTINIA-1024x682.jpg 1024w, https:\/\/focotocantinense.com.br\/wp-content\/uploads\/2024\/06\/1-TOCANTINIA-300x200.jpg 300w, https:\/\/focotocantinense.com.br\/wp-content\/uploads\/2024\/06\/1-TOCANTINIA-768x512.jpg 768w, https:\/\/focotocantinense.com.br\/wp-content\/uploads\/2024\/06\/1-TOCANTINIA-1536x1023.jpg 1536w, https:\/\/focotocantinense.com.br\/wp-content\/uploads\/2024\/06\/1-TOCANTINIA-310x205.jpg 310w, https:\/\/focotocantinense.com.br\/wp-content\/uploads\/2024\/06\/1-TOCANTINIA.jpg 1600w\" sizes=\"auto, (max-width: 1024px) 100vw, 1024px\" \/><\/figure>\n\n\n\n<p><\/p>\n\n\n\n<figure class=\"wp-block-image size-large\"><img loading=\"lazy\" decoding=\"async\" width=\"1024\" height=\"682\" src=\"https:\/\/focotocantinense.com.br\/wp-content\/uploads\/2024\/06\/10-TOCANTINIA-1024x682.jpg\" alt=\"\" class=\"wp-image-7704\" srcset=\"https:\/\/focotocantinense.com.br\/wp-content\/uploads\/2024\/06\/10-TOCANTINIA-1024x682.jpg 1024w, https:\/\/focotocantinense.com.br\/wp-content\/uploads\/2024\/06\/10-TOCANTINIA-300x200.jpg 300w, https:\/\/focotocantinense.com.br\/wp-content\/uploads\/2024\/06\/10-TOCANTINIA-768x512.jpg 768w, https:\/\/focotocantinense.com.br\/wp-content\/uploads\/2024\/06\/10-TOCANTINIA-1536x1023.jpg 1536w, https:\/\/focotocantinense.com.br\/wp-content\/uploads\/2024\/06\/10-TOCANTINIA-310x205.jpg 310w, https:\/\/focotocantinense.com.br\/wp-content\/uploads\/2024\/06\/10-TOCANTINIA.jpg 1600w\" sizes=\"auto, (max-width: 1024px) 100vw, 1024px\" \/><\/figure>\n\n\n\n<p><\/p>\n\n\n\n<figure class=\"wp-block-image size-large\"><img loading=\"lazy\" decoding=\"async\" width=\"1024\" height=\"682\" src=\"https:\/\/focotocantinense.com.br\/wp-content\/uploads\/2024\/06\/12-TOCANTINIA-1024x682.jpg\" alt=\"\" class=\"wp-image-7703\" srcset=\"https:\/\/focotocantinense.com.br\/wp-content\/uploads\/2024\/06\/12-TOCANTINIA-1024x682.jpg 1024w, https:\/\/focotocantinense.com.br\/wp-content\/uploads\/2024\/06\/12-TOCANTINIA-300x200.jpg 300w, https:\/\/focotocantinense.com.br\/wp-content\/uploads\/2024\/06\/12-TOCANTINIA-768x512.jpg 768w, https:\/\/focotocantinense.com.br\/wp-content\/uploads\/2024\/06\/12-TOCANTINIA-1536x1023.jpg 1536w, https:\/\/focotocantinense.com.br\/wp-content\/uploads\/2024\/06\/12-TOCANTINIA-310x205.jpg 310w, https:\/\/focotocantinense.com.br\/wp-content\/uploads\/2024\/06\/12-TOCANTINIA.jpg 1600w\" sizes=\"auto, (max-width: 1024px) 100vw, 1024px\" \/><\/figure>\n\n\n\n<p><\/p>\n\n\n\n<figure class=\"wp-block-image size-full\"><img loading=\"lazy\" decoding=\"async\" width=\"843\" height=\"251\" src=\"https:\/\/focotocantinense.com.br\/wp-content\/uploads\/2024\/06\/VINI_181-3.jpg\" alt=\"\" class=\"wp-image-7702\" srcset=\"https:\/\/focotocantinense.com.br\/wp-content\/uploads\/2024\/06\/VINI_181-3.jpg 843w, https:\/\/focotocantinense.com.br\/wp-content\/uploads\/2024\/06\/VINI_181-3-300x89.jpg 300w, https:\/\/focotocantinense.com.br\/wp-content\/uploads\/2024\/06\/VINI_181-3-768x229.jpg 768w\" sizes=\"auto, (max-width: 843px) 100vw, 843px\" \/><\/figure>\n","protected":false},"excerpt":{"rendered":"<p>Por Zacarias Martins Nesta sexta-feira, 7 de junho,&nbsp; foi realizada no audit\u00f3rio da Escola Municipal de Educa\u00e7\u00e3o Integral (EMEI), Tereza Hil\u00e1rio Ribeiro&nbsp; a&nbsp; segunda edi\u00e7\u00e3o da Feira de Ci\u00eancias da Rede Municipal de Educa\u00e7\u00e3o em Tocant\u00ednia.&nbsp; A iniciativa integra um leque de a\u00e7\u00f5es que fazem parte do Projeto Ci\u00eancia Viva, um projeto da Secretaria Municipal &hellip;<\/p>\n","protected":false},"author":5,"featured_media":7701,"comment_status":"open","ping_status":"open","sticky":false,"template":"","format":"standard","meta":{"footnotes":""},"categories":[78],"tags":[],"class_list":["post-7700","post","type-post","status-publish","format-standard","has-post-thumbnail","","category-tocantinia"],"_links":{"self":[{"href":"https:\/\/focotocantinense.com.br\/index.php?rest_route=\/wp\/v2\/posts\/7700","targetHints":{"allow":["GET"]}}],"collection":[{"href":"https:\/\/focotocantinense.com.br\/index.php?rest_route=\/wp\/v2\/posts"}],"about":[{"href":"https:\/\/focotocantinense.com.br\/index.php?rest_route=\/wp\/v2\/types\/post"}],"author":[{"embeddable":true,"href":"https:\/\/focotocantinense.com.br\/index.php?rest_route=\/wp\/v2\/users\/5"}],"replies":[{"embeddable":true,"href":"https:\/\/focotocantinense.com.br\/index.php?rest_route=%2Fwp%2Fv2%2Fcomments&post=7700"}],"version-history":[{"count":1,"href":"https:\/\/focotocantinense.com.br\/index.php?rest_route=\/wp\/v2\/posts\/7700\/revisions"}],"predecessor-version":[{"id":7707,"href":"https:\/\/focotocantinense.com.br\/index.php?rest_route=\/wp\/v2\/posts\/7700\/revisions\/7707"}],"wp:featuredmedia":[{"embeddable":true,"href":"https:\/\/focotocantinense.com.br\/index.php?rest_route=\/wp\/v2\/media\/7701"}],"wp:attachment":[{"href":"https:\/\/focotocantinense.com.br\/index.php?rest_route=%2Fwp%2Fv2%2Fmedia&parent=7700"}],"wp:term":[{"taxonomy":"category","embeddable":true,"href":"https:\/\/focotocantinense.com.br\/index.php?rest_route=%2Fwp%2Fv2%2Fcategories&post=7700"},{"taxonomy":"post_tag","embeddable":true,"href":"https:\/\/focotocantinense.com.br\/index.php?rest_route=%2Fwp%2Fv2%2Ftags&post=7700"}],"curies":[{"name":"wp","href":"https:\/\/api.w.org\/{rel}","templated":true}]}}