{"id":7697,"date":"2024-06-07T10:27:31","date_gmt":"2024-06-07T13:27:31","guid":{"rendered":"https:\/\/focotocantinense.com.br\/?p=7697"},"modified":"2024-06-07T10:27:31","modified_gmt":"2024-06-07T13:27:31","slug":"deputado-federal-antonio-andrade-destina-mais-de-r-15-milhoes-em-emendas-para-a-saude-do-tocantins","status":"publish","type":"post","link":"https:\/\/focotocantinense.com.br\/?p=7697","title":{"rendered":"Deputado Federal Antonio Andrade destina mais de R$ 15 milh\u00f5es em emendas para a Sa\u00fade do Tocantins"},"content":{"rendered":"\n<p>O Deputado Federal Antonio Andrade (Republicanos-TO) anunciou nesta semana a destina\u00e7\u00e3o de mais de R$ 15 milh\u00f5es de reais em emendas parlamentares para a sa\u00fade do Estado do Tocantins. O recurso j\u00e1 est\u00e1 na conta das prefeituras.<\/p>\n\n\n\n<figure class=\"wp-block-gallery has-nested-images columns-default is-cropped wp-block-gallery-1 is-layout-flex wp-block-gallery-is-layout-flex\">\n<figure class=\"wp-block-image size-large\"><img loading=\"lazy\" decoding=\"async\" width=\"1000\" height=\"616\" data-id=\"7694\" src=\"https:\/\/focotocantinense.com.br\/wp-content\/uploads\/2024\/06\/WhatsApp-Image-2024-06-06-at-10.07.10.jpeg\" alt=\"\" class=\"wp-image-7694\" srcset=\"https:\/\/focotocantinense.com.br\/wp-content\/uploads\/2024\/06\/WhatsApp-Image-2024-06-06-at-10.07.10.jpeg 1000w, https:\/\/focotocantinense.com.br\/wp-content\/uploads\/2024\/06\/WhatsApp-Image-2024-06-06-at-10.07.10-300x185.jpeg 300w, https:\/\/focotocantinense.com.br\/wp-content\/uploads\/2024\/06\/WhatsApp-Image-2024-06-06-at-10.07.10-768x473.jpeg 768w\" sizes=\"auto, (max-width: 1000px) 100vw, 1000px\" \/><\/figure>\n<\/figure>\n\n\n\n<p>O montante ser\u00e1 distribu\u00eddo entre diversos munic\u00edpios, visando \u00e0 melhoria dos servi\u00e7os de sa\u00fade p\u00fablica e a amplia\u00e7\u00e3o do acesso da popula\u00e7\u00e3o aos atendimentos m\u00e9dicos.<\/p>\n\n\n\n<p>As emendas parlamentares, que somam um total de R$ 15.923.845,00 foram distribu\u00eddas para atender demandas de custeio em 14 munic\u00edpios.<\/p>\n\n\n\n<p>O objetivo \u00e9 fortalecer o sistema de sa\u00fade, que enfrenta desafios constantes, especialmente em \u00e1reas carentes. O parlamentar destacou a import\u00e2ncia de fortalecer a rede p\u00fablica de sa\u00fade para garantir um atendimento de qualidade aos tocantinenses.<\/p>\n\n\n\n<p>&#8220;\u00c9 com grande satisfa\u00e7\u00e3o que anuncio o pagamento de mais de R$ 15 milh\u00f5es em emendas parlamentares para a sa\u00fade do Tocantins. Este investimento \u00e9 fruto de um trabalho \u00e1rduo em Bras\u00edlia para garantir que os recursos federais cheguem ao nosso estado e sejam aplicados em melhorias concretas para a nossa popula\u00e7\u00e3o\u201d, afirmou o deputado.<\/p>\n\n\n\n<p>Benef\u00edcios para os munic\u00edpios<\/p>\n\n\n\n<p>Diversos munic\u00edpios foram contemplados com as emendas, dentre eles Porto Nacional, Almas, Silvan\u00f3polis, Tupiratins.<\/p>\n\n\n\n<p>Antonio Andrade reiterou seu compromisso com a sa\u00fade e ressaltou que continuar\u00e1 trabalhando para captar mais recursos para o Tocantins. \u201cA sa\u00fade \u00e9 uma \u00e1rea priorit\u00e1ria e temos que buscar sempre mais investimentos para atender as demandas da nossa popula\u00e7\u00e3o. Continuarei lutando para trazer mais verbas e melhorar a qualidade de vida dos tocantinenses\u201d, concluiu.<\/p>\n\n\n\n<p>Os recursos ser\u00e3o destinados para as seguintes cidades:<\/p>\n\n\n\n<ul class=\"wp-block-list\">\n<li>Almas: Custeio PAP (recurso extra). R$ 700.000,00<\/li>\n\n\n\n<li>APAE de Aragua\u00edna: Custeio MAC. R$ 462.463,00<\/li>\n\n\n\n<li>F\u00e1tima: Custeio PAP. R$ 941.892,00<\/li>\n\n\n\n<li>Formoso do Araguaia: Custeio PAP. R$ 500.000,00<\/li>\n\n\n\n<li>Hospital de Amor: Custeio PAP. R$ 5.000.000,00<\/li>\n\n\n\n<li>Juarina: Custeio PAP. R$ 400.000,00<\/li>\n\n\n\n<li>Paran\u00e3: Custeio PAP. R$ 458.108,00<\/li>\n\n\n\n<li>Pindorama do Tocantins: Custeio PAP. R$ 500.000,00<\/li>\n\n\n\n<li>Presidente Kennedy: Custeio PAP (recurso extra). R$ 230.000,00<\/li>\n\n\n\n<li>Silvan\u00f3polis: Custeio PAP (recurso extra). R$ 859.306,00<\/li>\n\n\n\n<li>Secretaria Estadual de Sa\u00fade: Custeio MAC para o Hospital Regional de Porto Nacional (recurso extra). R$ 2.090.432,00<\/li>\n\n\n\n<li>Secretaria Estadual de Sa\u00fade: Custeio MAC para o Centro Especializado em Transtorno Autista (recurso extra). R$ 700.000,00<\/li>\n\n\n\n<li>Tupiratins: Custeio PAP. R$ 500.000,00<\/li>\n\n\n\n<li>Porto Nacional: Custeio PAP UBS Luzimangues. R$ 781.644,00<\/li>\n\n\n\n<li>Porto Nacional: Custeio PAP UBS Porto. R$ 1.000.000,00<\/li>\n\n\n\n<li>Paran\u00e3: Custeio MAC. R$ 485.986,00<\/li>\n\n\n\n<li>Tocantin\u00f3polis: Custeio MAC. R$ 314.014,00<\/li>\n<\/ul>\n\n\n\n<p>O deputado j\u00e1 destinou at\u00e9 agora quase R$ 24 milh\u00f5es para a Sa\u00fade no ano de 2024, sendo que mais de R$ 15 milh\u00f5es j\u00e1 foram pagos, faltando pagar um pouco mais de R$ 8 milh\u00f5es e com o objetivo de buscar mais recursos.<\/p>\n\n\n\n<p>Assessoria de Comunica\u00e7\u00e3o \u2013 Deputado Federal Antonio Andrade<\/p>\n","protected":false},"excerpt":{"rendered":"<p>O Deputado Federal Antonio Andrade (Republicanos-TO) anunciou nesta semana a destina\u00e7\u00e3o de mais de R$ 15 milh\u00f5es de reais em emendas parlamentares para a sa\u00fade do Estado do Tocantins. O recurso j\u00e1 est\u00e1 na conta das prefeituras. O montante ser\u00e1 distribu\u00eddo entre diversos munic\u00edpios, visando \u00e0 melhoria dos servi\u00e7os de sa\u00fade p\u00fablica e a amplia\u00e7\u00e3o &hellip;<\/p>\n","protected":false},"author":5,"featured_media":7694,"comment_status":"open","ping_status":"open","sticky":false,"template":"","format":"standard","meta":{"footnotes":""},"categories":[1],"tags":[],"class_list":["post-7697","post","type-post","status-publish","format-standard","has-post-thumbnail","","category-sem-categoria"],"_links":{"self":[{"href":"https:\/\/focotocantinense.com.br\/index.php?rest_route=\/wp\/v2\/posts\/7697","targetHints":{"allow":["GET"]}}],"collection":[{"href":"https:\/\/focotocantinense.com.br\/index.php?rest_route=\/wp\/v2\/posts"}],"about":[{"href":"https:\/\/focotocantinense.com.br\/index.php?rest_route=\/wp\/v2\/types\/post"}],"author":[{"embeddable":true,"href":"https:\/\/focotocantinense.com.br\/index.php?rest_route=\/wp\/v2\/users\/5"}],"replies":[{"embeddable":true,"href":"https:\/\/focotocantinense.com.br\/index.php?rest_route=%2Fwp%2Fv2%2Fcomments&post=7697"}],"version-history":[{"count":1,"href":"https:\/\/focotocantinense.com.br\/index.php?rest_route=\/wp\/v2\/posts\/7697\/revisions"}],"predecessor-version":[{"id":7698,"href":"https:\/\/focotocantinense.com.br\/index.php?rest_route=\/wp\/v2\/posts\/7697\/revisions\/7698"}],"wp:featuredmedia":[{"embeddable":true,"href":"https:\/\/focotocantinense.com.br\/index.php?rest_route=\/wp\/v2\/media\/7694"}],"wp:attachment":[{"href":"https:\/\/focotocantinense.com.br\/index.php?rest_route=%2Fwp%2Fv2%2Fmedia&parent=7697"}],"wp:term":[{"taxonomy":"category","embeddable":true,"href":"https:\/\/focotocantinense.com.br\/index.php?rest_route=%2Fwp%2Fv2%2Fcategories&post=7697"},{"taxonomy":"post_tag","embeddable":true,"href":"https:\/\/focotocantinense.com.br\/index.php?rest_route=%2Fwp%2Fv2%2Ftags&post=7697"}],"curies":[{"name":"wp","href":"https:\/\/api.w.org\/{rel}","templated":true}]}}