{"id":7692,"date":"2024-06-07T10:25:21","date_gmt":"2024-06-07T13:25:21","guid":{"rendered":"https:\/\/focotocantinense.com.br\/?p=7692"},"modified":"2024-06-07T10:25:21","modified_gmt":"2024-06-07T13:25:21","slug":"antonio-andrade-aprova-relatorio-de-pl-que-permite-doacao-de-creditos-de-energia-eletrica-para-entidades-de-assistencia-social-e-beneficiarios-do-bolsa-familia","status":"publish","type":"post","link":"https:\/\/focotocantinense.com.br\/?p=7692","title":{"rendered":"Antonio Andrade aprova Relat\u00f3rio de PL que permite doa\u00e7\u00e3o de cr\u00e9ditos de energia el\u00e9trica para entidades de assist\u00eancia social e benefici\u00e1rios do Bolsa Fam\u00edlia"},"content":{"rendered":"\n<p>O deputado federal Antonio Andrade aprovou por unanimidade na Comiss\u00e3o de Sa\u00fade nesta quarta-feira (05\/06) o relat\u00f3rio de sua autoria ao Projeto de Lei 2893\/21, que permite aos micros e minigeradores de energia ceder cr\u00e9ditos decorrentes de excesso de energia el\u00e9trica gerada a entidades de assist\u00eancia sociais situadas na mesma \u00e1rea de concess\u00e3o.<\/p>\n\n\n\n<figure class=\"wp-block-gallery has-nested-images columns-default is-cropped wp-block-gallery-1 is-layout-flex wp-block-gallery-is-layout-flex\">\n<figure class=\"wp-block-image size-large\"><img loading=\"lazy\" decoding=\"async\" width=\"1024\" height=\"768\" data-id=\"7695\" src=\"https:\/\/focotocantinense.com.br\/wp-content\/uploads\/2024\/06\/WhatsApp-Image-2024-06-05-at-12.30.24-1-1024x768.jpeg\" alt=\"\" class=\"wp-image-7695\" srcset=\"https:\/\/focotocantinense.com.br\/wp-content\/uploads\/2024\/06\/WhatsApp-Image-2024-06-05-at-12.30.24-1-1024x768.jpeg 1024w, https:\/\/focotocantinense.com.br\/wp-content\/uploads\/2024\/06\/WhatsApp-Image-2024-06-05-at-12.30.24-1-300x225.jpeg 300w, https:\/\/focotocantinense.com.br\/wp-content\/uploads\/2024\/06\/WhatsApp-Image-2024-06-05-at-12.30.24-1-768x576.jpeg 768w, https:\/\/focotocantinense.com.br\/wp-content\/uploads\/2024\/06\/WhatsApp-Image-2024-06-05-at-12.30.24-1-1536x1152.jpeg 1536w, https:\/\/focotocantinense.com.br\/wp-content\/uploads\/2024\/06\/WhatsApp-Image-2024-06-05-at-12.30.24-1-2048x1536.jpeg 2048w\" sizes=\"auto, (max-width: 1024px) 100vw, 1024px\" \/><\/figure>\n<\/figure>\n\n\n\n<p>A proposta estabelece que a cess\u00e3o dos cr\u00e9ditos n\u00e3o possa ser objeto de contrato comercial, vedada qualquer contrapartida em favor do consumidor cedente. O texto original \u00e9 de autoria do deputado Marcelo Moraes (PL-RS).<\/p>\n\n\n\n<p>\u201cN\u00e3o podemos deixar de citar a import\u00e2ncia das diversas entidades do terceiro setor que atuam na \u00e1rea da sa\u00fade, ressaltando o papel das santas casas e hospitais filantr\u00f3picos, as organiza\u00e7\u00f5es sociais e as Organiza\u00e7\u00f5es da Sociedade Civil de Interesse P\u00fablico\u201d, diz Andrade.<\/p>\n\n\n\n<p>Vale destacar que, al\u00e9m das entidades de assist\u00eancia social que ir\u00e3o se beneficiar do projeto, as fam\u00edlias benefici\u00e1rias do Bolsa Fam\u00edlia tamb\u00e9m. \u201cTendo em conta a contribui\u00e7\u00e3o das propostas, definimos como p\u00fablico alvo as entidades que poder\u00e3o receber a doa\u00e7\u00e3o dos cr\u00e9ditos de energia el\u00e9trica como sendo as pessoas jur\u00eddicas sem fins lucrativos, que prestam servi\u00e7o nas \u00e1reas de assist\u00eancia social, de sa\u00fade e de educa\u00e7\u00e3o, em conformidade com a Lei Complementar n\u00ba 187 e fam\u00edlias benefici\u00e1rias do Programa Bolsa Fam\u00edlia.\u201d<\/p>\n\n\n\n<p>Regras<\/p>\n\n\n\n<p>Conforme o projeto, podem se beneficiar da cess\u00e3o de cr\u00e9ditos de energia as entidades de atendimento as institui\u00e7\u00f5es beneficentes sem fins lucrativos que atuam nas \u00e1reas de assist\u00eancia social, sa\u00fade ou educa\u00e7\u00e3o e os benefici\u00e1rios do Bolsa Fam\u00edlia.<\/p>\n\n\n\n<p>A cess\u00e3o do cr\u00e9dito ser\u00e1 antecedida de envio de declara\u00e7\u00f5es do consumidor cedente e do beneficiado \u00e0 distribuidora de energia local, confirmando a disponibiliza\u00e7\u00e3o dos cr\u00e9ditos. Os cr\u00e9ditos cedidos dever\u00e3o ser automaticamente considerados na conta de luz seguinte da unidade consumidora beneficiada.<\/p>\n\n\n\n<p>Assessoria de Comunica\u00e7\u00e3o \u2013 Deputado Federal Antonio Andrade<\/p>\n","protected":false},"excerpt":{"rendered":"<p>O deputado federal Antonio Andrade aprovou por unanimidade na Comiss\u00e3o de Sa\u00fade nesta quarta-feira (05\/06) o relat\u00f3rio de sua autoria ao Projeto de Lei 2893\/21, que permite aos micros e minigeradores de energia ceder cr\u00e9ditos decorrentes de excesso de energia el\u00e9trica gerada a entidades de assist\u00eancia sociais situadas na mesma \u00e1rea de concess\u00e3o. A proposta &hellip;<\/p>\n","protected":false},"author":5,"featured_media":7693,"comment_status":"open","ping_status":"open","sticky":false,"template":"","format":"standard","meta":{"footnotes":""},"categories":[1],"tags":[],"class_list":["post-7692","post","type-post","status-publish","format-standard","has-post-thumbnail","","category-sem-categoria"],"_links":{"self":[{"href":"https:\/\/focotocantinense.com.br\/index.php?rest_route=\/wp\/v2\/posts\/7692","targetHints":{"allow":["GET"]}}],"collection":[{"href":"https:\/\/focotocantinense.com.br\/index.php?rest_route=\/wp\/v2\/posts"}],"about":[{"href":"https:\/\/focotocantinense.com.br\/index.php?rest_route=\/wp\/v2\/types\/post"}],"author":[{"embeddable":true,"href":"https:\/\/focotocantinense.com.br\/index.php?rest_route=\/wp\/v2\/users\/5"}],"replies":[{"embeddable":true,"href":"https:\/\/focotocantinense.com.br\/index.php?rest_route=%2Fwp%2Fv2%2Fcomments&post=7692"}],"version-history":[{"count":1,"href":"https:\/\/focotocantinense.com.br\/index.php?rest_route=\/wp\/v2\/posts\/7692\/revisions"}],"predecessor-version":[{"id":7696,"href":"https:\/\/focotocantinense.com.br\/index.php?rest_route=\/wp\/v2\/posts\/7692\/revisions\/7696"}],"wp:featuredmedia":[{"embeddable":true,"href":"https:\/\/focotocantinense.com.br\/index.php?rest_route=\/wp\/v2\/media\/7693"}],"wp:attachment":[{"href":"https:\/\/focotocantinense.com.br\/index.php?rest_route=%2Fwp%2Fv2%2Fmedia&parent=7692"}],"wp:term":[{"taxonomy":"category","embeddable":true,"href":"https:\/\/focotocantinense.com.br\/index.php?rest_route=%2Fwp%2Fv2%2Fcategories&post=7692"},{"taxonomy":"post_tag","embeddable":true,"href":"https:\/\/focotocantinense.com.br\/index.php?rest_route=%2Fwp%2Fv2%2Ftags&post=7692"}],"curies":[{"name":"wp","href":"https:\/\/api.w.org\/{rel}","templated":true}]}}