{"id":7687,"date":"2024-06-05T20:25:48","date_gmt":"2024-06-05T23:25:48","guid":{"rendered":"https:\/\/focotocantinense.com.br\/?p=7687"},"modified":"2024-06-05T20:26:09","modified_gmt":"2024-06-05T23:26:09","slug":"rozilda-euzebio-lanca-livro-de-contos-infantojuvenis-em-araguaina","status":"publish","type":"post","link":"https:\/\/focotocantinense.com.br\/?p=7687","title":{"rendered":"Rozilda Euz\u00e9bio lan\u00e7a livro de contos infantojuvenis em Aragua\u00edna"},"content":{"rendered":"\n<p><strong>Por Zacarias Martins<\/strong><\/p>\n\n\n\n<p>Integrante da Academia de Letras de Aragua\u00edna (Acalanto), a escritora Rozilda Euz\u00e9bio Costa, lan\u00e7a nesta sexta-feira, dia 7, o livro intitulado de&nbsp; \u201c<strong><em>Leituras&nbsp; fant\u00e1sticas<\/em><\/strong>\u201d, publicado pela Big Time Editora. A noite de aut\u00f3grafos acontece no Clube da AABB, em Aragua\u00edna, a partir das 19h30.<\/p>\n\n\n\n<p>A obra re\u00fane&nbsp; uma colet\u00e2nea de contos infantojuvenis fict\u00edcios e com personagens diversos, abordando temas humanos e da fauna e flora, que, segundo a autora, tem o intuito de promover uma reflex\u00e3o positiva do leitor.&nbsp;<\/p>\n\n\n\n<figure class=\"wp-block-image size-large is-resized\"><img loading=\"lazy\" decoding=\"async\" width=\"757\" height=\"1024\" src=\"https:\/\/focotocantinense.com.br\/wp-content\/uploads\/2024\/06\/2-ROZILDA-757x1024.jpg\" alt=\"\" class=\"wp-image-7681\" style=\"width:378px;height:auto\" srcset=\"https:\/\/focotocantinense.com.br\/wp-content\/uploads\/2024\/06\/2-ROZILDA-757x1024.jpg 757w, https:\/\/focotocantinense.com.br\/wp-content\/uploads\/2024\/06\/2-ROZILDA-222x300.jpg 222w, https:\/\/focotocantinense.com.br\/wp-content\/uploads\/2024\/06\/2-ROZILDA-768x1039.jpg 768w, https:\/\/focotocantinense.com.br\/wp-content\/uploads\/2024\/06\/2-ROZILDA.jpg 1080w\" sizes=\"auto, (max-width: 757px) 100vw, 757px\" \/><\/figure>\n\n\n\n<p><strong><em>Rozilda explica que para cada conto foi pensado sobre um ponto de reflex\u00e3o a ser trabalhado no leitor. \u201cBusco trazer a conscientiza\u00e7\u00e3o da preserva\u00e7\u00e3o do meio ambiente para o p\u00fablico infantil, ajudando a promover desde a inf\u00e2ncia,&nbsp; uma vis\u00e3o da import\u00e2ncia da natureza para a vida humana e para a sa\u00fade do planeta\u201d, asseverou a autora.<\/em><\/strong><\/p>\n\n\n\n<figure class=\"wp-block-image size-full\"><img loading=\"lazy\" decoding=\"async\" width=\"843\" height=\"251\" src=\"https:\/\/focotocantinense.com.br\/wp-content\/uploads\/2024\/06\/VINI_181-2.jpg\" alt=\"\" class=\"wp-image-7679\" srcset=\"https:\/\/focotocantinense.com.br\/wp-content\/uploads\/2024\/06\/VINI_181-2.jpg 843w, https:\/\/focotocantinense.com.br\/wp-content\/uploads\/2024\/06\/VINI_181-2-300x89.jpg 300w, https:\/\/focotocantinense.com.br\/wp-content\/uploads\/2024\/06\/VINI_181-2-768x229.jpg 768w\" sizes=\"auto, (max-width: 843px) 100vw, 843px\" \/><\/figure>\n","protected":false},"excerpt":{"rendered":"<p>Por Zacarias Martins Integrante da Academia de Letras de Aragua\u00edna (Acalanto), a escritora Rozilda Euz\u00e9bio Costa, lan\u00e7a nesta sexta-feira, dia 7, o livro intitulado de&nbsp; \u201cLeituras&nbsp; fant\u00e1sticas\u201d, publicado pela Big Time Editora. A noite de aut\u00f3grafos acontece no Clube da AABB, em Aragua\u00edna, a partir das 19h30. A obra re\u00fane&nbsp; uma colet\u00e2nea de contos infantojuvenis &hellip;<\/p>\n","protected":false},"author":5,"featured_media":7684,"comment_status":"open","ping_status":"open","sticky":false,"template":"","format":"standard","meta":{"footnotes":""},"categories":[1],"tags":[],"class_list":["post-7687","post","type-post","status-publish","format-standard","has-post-thumbnail","","category-sem-categoria"],"_links":{"self":[{"href":"https:\/\/focotocantinense.com.br\/index.php?rest_route=\/wp\/v2\/posts\/7687","targetHints":{"allow":["GET"]}}],"collection":[{"href":"https:\/\/focotocantinense.com.br\/index.php?rest_route=\/wp\/v2\/posts"}],"about":[{"href":"https:\/\/focotocantinense.com.br\/index.php?rest_route=\/wp\/v2\/types\/post"}],"author":[{"embeddable":true,"href":"https:\/\/focotocantinense.com.br\/index.php?rest_route=\/wp\/v2\/users\/5"}],"replies":[{"embeddable":true,"href":"https:\/\/focotocantinense.com.br\/index.php?rest_route=%2Fwp%2Fv2%2Fcomments&post=7687"}],"version-history":[{"count":2,"href":"https:\/\/focotocantinense.com.br\/index.php?rest_route=\/wp\/v2\/posts\/7687\/revisions"}],"predecessor-version":[{"id":7689,"href":"https:\/\/focotocantinense.com.br\/index.php?rest_route=\/wp\/v2\/posts\/7687\/revisions\/7689"}],"wp:featuredmedia":[{"embeddable":true,"href":"https:\/\/focotocantinense.com.br\/index.php?rest_route=\/wp\/v2\/media\/7684"}],"wp:attachment":[{"href":"https:\/\/focotocantinense.com.br\/index.php?rest_route=%2Fwp%2Fv2%2Fmedia&parent=7687"}],"wp:term":[{"taxonomy":"category","embeddable":true,"href":"https:\/\/focotocantinense.com.br\/index.php?rest_route=%2Fwp%2Fv2%2Fcategories&post=7687"},{"taxonomy":"post_tag","embeddable":true,"href":"https:\/\/focotocantinense.com.br\/index.php?rest_route=%2Fwp%2Fv2%2Ftags&post=7687"}],"curies":[{"name":"wp","href":"https:\/\/api.w.org\/{rel}","templated":true}]}}