{"id":7675,"date":"2024-06-03T19:53:21","date_gmt":"2024-06-03T22:53:21","guid":{"rendered":"https:\/\/focotocantinense.com.br\/?p=7675"},"modified":"2024-06-03T19:53:22","modified_gmt":"2024-06-03T22:53:22","slug":"marcio-bello-e-doriva-representam-o-tocantins-no-1o-seminario-nacional-de-pontoes-de-cultura","status":"publish","type":"post","link":"https:\/\/focotocantinense.com.br\/?p=7675","title":{"rendered":"M\u00e1rcio Bello e Doriv\u00e3 representam o Tocantins no 1\u00ba Semin\u00e1rio Nacional de Pont\u00f5es de Cultura"},"content":{"rendered":"\n<p><\/p>\n\n\n\n<p>O estado do Tocantins est\u00e1 presente no 1\u00ba Semin\u00e1rio Nacional de Pont\u00f5es de Cultura, que teve in\u00edcio nesta segunda-feira, 03, e segue at\u00e9 a pr\u00f3xima quarta-feira, 05, em Bras\u00edlia (DF). O artes\u00e3o e m\u00fasico Marcio Bello e o cantor e compositor Doriv\u00e3 representam a cultura tocantinense no semin\u00e1rio.&nbsp;<\/p>\n\n\n\n<p>O evento tem como tema neste ano A Pol\u00edtica de Base Comunit\u00e1ria Reconstruindo o Brasil e acontece em celebra\u00e7\u00e3o aos 20 anos do programa Cultura Viva.<\/p>\n\n\n\n<p>De acordo com o artista Marcio Bello, que representa na ocasi\u00e3o o pont\u00e3o de Cultura Tambores do Tocantins da entidade ComSa\u00fade, de Porto Nacional, o encontro n\u00e3o destaca apenas a import\u00e2ncia do movimento cultural e comunit\u00e1rio no pa\u00eds, mas tamb\u00e9m reconhece o papel fundamental desempenhado pelos artistas, produtores culturais e ativistas locais na constru\u00e7\u00e3o de uma sociedade mais inclusiva e diversificada. J\u00e1 o artista Doriv\u00e3 participa representando o Pont\u00e3o Rede de Pontos de Cultura de Memoria Rural.<\/p>\n\n\n\n<p>Na programa\u00e7\u00e3o desta segunda-feira, 03, os artistas participaram de roda de conversa com a Ministra Margareth Menezes, secret\u00e1ria M\u00e1rcia Rollemberg e Pont\u00f5es de Cultura, al\u00e9m de debater estrat\u00e9gias para o fortalecimento da Pol\u00edtica Nacional de Cultura e os objetivos do Edital de Fomento \u00e0 Pont\u00f5es de Cultura e o papel dos pont\u00f5es no contexto atual da Pol\u00edtica Nacional Cultura.<\/p>\n\n\n\n<figure class=\"wp-block-image size-full is-resized\"><img loading=\"lazy\" decoding=\"async\" width=\"904\" height=\"510\" src=\"https:\/\/focotocantinense.com.br\/wp-content\/uploads\/2024\/06\/3edefcf4-c960-45a3-b3c4-2d139f9d45fe.jpg\" alt=\"\" class=\"wp-image-7676\" style=\"width:409px;height:auto\" srcset=\"https:\/\/focotocantinense.com.br\/wp-content\/uploads\/2024\/06\/3edefcf4-c960-45a3-b3c4-2d139f9d45fe.jpg 904w, https:\/\/focotocantinense.com.br\/wp-content\/uploads\/2024\/06\/3edefcf4-c960-45a3-b3c4-2d139f9d45fe-300x169.jpg 300w, https:\/\/focotocantinense.com.br\/wp-content\/uploads\/2024\/06\/3edefcf4-c960-45a3-b3c4-2d139f9d45fe-768x433.jpg 768w\" sizes=\"auto, (max-width: 904px) 100vw, 904px\" \/><\/figure>\n\n\n\n<p><\/p>\n\n\n\n<figure class=\"wp-block-image size-full\"><img loading=\"lazy\" decoding=\"async\" width=\"843\" height=\"251\" src=\"https:\/\/focotocantinense.com.br\/wp-content\/uploads\/2024\/06\/VINI_181-1.jpg\" alt=\"\" class=\"wp-image-7671\" srcset=\"https:\/\/focotocantinense.com.br\/wp-content\/uploads\/2024\/06\/VINI_181-1.jpg 843w, https:\/\/focotocantinense.com.br\/wp-content\/uploads\/2024\/06\/VINI_181-1-300x89.jpg 300w, https:\/\/focotocantinense.com.br\/wp-content\/uploads\/2024\/06\/VINI_181-1-768x229.jpg 768w\" sizes=\"auto, (max-width: 843px) 100vw, 843px\" \/><\/figure>\n","protected":false},"excerpt":{"rendered":"<p>O estado do Tocantins est\u00e1 presente no 1\u00ba Semin\u00e1rio Nacional de Pont\u00f5es de Cultura, que teve in\u00edcio nesta segunda-feira, 03, e segue at\u00e9 a pr\u00f3xima quarta-feira, 05, em Bras\u00edlia (DF). O artes\u00e3o e m\u00fasico Marcio Bello e o cantor e compositor Doriv\u00e3 representam a cultura tocantinense no semin\u00e1rio.&nbsp; O evento tem como tema neste ano &hellip;<\/p>\n","protected":false},"author":5,"featured_media":7676,"comment_status":"open","ping_status":"open","sticky":false,"template":"","format":"standard","meta":{"footnotes":""},"categories":[38],"tags":[],"class_list":["post-7675","post","type-post","status-publish","format-standard","has-post-thumbnail","","category-gurupi"],"_links":{"self":[{"href":"https:\/\/focotocantinense.com.br\/index.php?rest_route=\/wp\/v2\/posts\/7675","targetHints":{"allow":["GET"]}}],"collection":[{"href":"https:\/\/focotocantinense.com.br\/index.php?rest_route=\/wp\/v2\/posts"}],"about":[{"href":"https:\/\/focotocantinense.com.br\/index.php?rest_route=\/wp\/v2\/types\/post"}],"author":[{"embeddable":true,"href":"https:\/\/focotocantinense.com.br\/index.php?rest_route=\/wp\/v2\/users\/5"}],"replies":[{"embeddable":true,"href":"https:\/\/focotocantinense.com.br\/index.php?rest_route=%2Fwp%2Fv2%2Fcomments&post=7675"}],"version-history":[{"count":1,"href":"https:\/\/focotocantinense.com.br\/index.php?rest_route=\/wp\/v2\/posts\/7675\/revisions"}],"predecessor-version":[{"id":7677,"href":"https:\/\/focotocantinense.com.br\/index.php?rest_route=\/wp\/v2\/posts\/7675\/revisions\/7677"}],"wp:featuredmedia":[{"embeddable":true,"href":"https:\/\/focotocantinense.com.br\/index.php?rest_route=\/wp\/v2\/media\/7676"}],"wp:attachment":[{"href":"https:\/\/focotocantinense.com.br\/index.php?rest_route=%2Fwp%2Fv2%2Fmedia&parent=7675"}],"wp:term":[{"taxonomy":"category","embeddable":true,"href":"https:\/\/focotocantinense.com.br\/index.php?rest_route=%2Fwp%2Fv2%2Fcategories&post=7675"},{"taxonomy":"post_tag","embeddable":true,"href":"https:\/\/focotocantinense.com.br\/index.php?rest_route=%2Fwp%2Fv2%2Ftags&post=7675"}],"curies":[{"name":"wp","href":"https:\/\/api.w.org\/{rel}","templated":true}]}}