{"id":7668,"date":"2024-06-03T18:24:12","date_gmt":"2024-06-03T21:24:12","guid":{"rendered":"https:\/\/focotocantinense.com.br\/?p=7668"},"modified":"2024-06-03T18:25:05","modified_gmt":"2024-06-03T21:25:05","slug":"escola-incentiva-a-leitura-por-meio-da-literatura-de-cordel-em-tocantinia","status":"publish","type":"post","link":"https:\/\/focotocantinense.com.br\/?p=7668","title":{"rendered":"Escola incentiva a leitura por meio da literatura de cordel em Tocant\u00ednia"},"content":{"rendered":"\n<p><strong>Por Zacarias Martins&nbsp;<\/strong><\/p>\n\n\n\n<p>Na manh\u00e3 desta segunda-feira, 03,&nbsp; na Escola Municipal Professor Constantino Pedro de Castro, em Tocant\u00ednia, o professor e escritor &nbsp;Andr\u00e9 Goveia, secret\u00e1rio de Educa\u00e7\u00e3o do munic\u00edpio, foi o convidado para &nbsp;ser entrevistado pelos os alunos &nbsp;da turma do 5\u00b0 ano, sob a orienta\u00e7\u00e3o da professora Maria Elcione Ponto Lima.<\/p>\n\n\n\n<p>O objetivo dessa entrevista foi levar aos alunos um pouco mais de conhecimento sobre a &nbsp;trajet\u00f3ria &nbsp;liter\u00e1ria &nbsp;do secret\u00e1rio escritor,&nbsp; que \u00e9 autor de v\u00e1rios livros de poesias e membro correspondente da Academia Gurupiense de Letras (AGL), Academia Paraisense de Letras (APL) e da Academia de Letras de Aragua\u00edna (Acalanto).<\/p>\n\n\n\n<p>O&nbsp; principal motivo dessa iniciativa se deve ao fato da &nbsp;unidade escolar buscar mais informa\u00e7\u00f5es&nbsp; para os alunos sobre o universo liter\u00e1rio do professor Andr\u00e9 Goveia. Essas informa\u00e7\u00f5es &nbsp;&nbsp;dar\u00e3o&nbsp; embasamento para que os alunos possam &nbsp;desenvolver a tem\u00e1tica &nbsp;proposta pelo&nbsp;<strong>Projeto Leitura viva \u2013 &nbsp;minha regi\u00e3o<\/strong>. que a escola est\u00e1 trabalhando neste bimestre<\/p>\n\n\n\n<p>O desafio&nbsp; proposto \u00e9 &nbsp;para que os &nbsp;alunos &nbsp;contem, &nbsp;em forma de &nbsp;literatura de cordel, &nbsp;a hist\u00f3ria do professor e escritor Andr\u00e9 Goveia.<\/p>\n\n\n\n<p>O professor Andr\u00e9 Goveia frisou a import\u00e2ncia da leitura e escrita nas escolas, al\u00e9m de incentivar os alunos a serem escritores.<\/p>\n\n\n\n<figure class=\"wp-block-image size-large is-resized\"><img loading=\"lazy\" decoding=\"async\" width=\"1024\" height=\"488\" src=\"https:\/\/focotocantinense.com.br\/wp-content\/uploads\/2024\/06\/1-Professor-Andre-Goveia-Tocantinia-1024x488.jpg\" alt=\"\" class=\"wp-image-7669\" style=\"width:409px;height:auto\" srcset=\"https:\/\/focotocantinense.com.br\/wp-content\/uploads\/2024\/06\/1-Professor-Andre-Goveia-Tocantinia-1024x488.jpg 1024w, https:\/\/focotocantinense.com.br\/wp-content\/uploads\/2024\/06\/1-Professor-Andre-Goveia-Tocantinia-300x143.jpg 300w, https:\/\/focotocantinense.com.br\/wp-content\/uploads\/2024\/06\/1-Professor-Andre-Goveia-Tocantinia-768x366.jpg 768w, https:\/\/focotocantinense.com.br\/wp-content\/uploads\/2024\/06\/1-Professor-Andre-Goveia-Tocantinia.jpg 1105w\" sizes=\"auto, (max-width: 1024px) 100vw, 1024px\" \/><\/figure>\n\n\n\n<p><\/p>\n\n\n\n<figure class=\"wp-block-image size-large\"><img loading=\"lazy\" decoding=\"async\" width=\"1024\" height=\"768\" src=\"https:\/\/focotocantinense.com.br\/wp-content\/uploads\/2024\/06\/3-Professor-Andre-Goveia-Tocantinia-1024x768.jpg\" alt=\"\" class=\"wp-image-7672\" srcset=\"https:\/\/focotocantinense.com.br\/wp-content\/uploads\/2024\/06\/3-Professor-Andre-Goveia-Tocantinia-1024x768.jpg 1024w, https:\/\/focotocantinense.com.br\/wp-content\/uploads\/2024\/06\/3-Professor-Andre-Goveia-Tocantinia-300x225.jpg 300w, https:\/\/focotocantinense.com.br\/wp-content\/uploads\/2024\/06\/3-Professor-Andre-Goveia-Tocantinia-768x576.jpg 768w, https:\/\/focotocantinense.com.br\/wp-content\/uploads\/2024\/06\/3-Professor-Andre-Goveia-Tocantinia.jpg 1288w\" sizes=\"auto, (max-width: 1024px) 100vw, 1024px\" \/><\/figure>\n\n\n\n<p><\/p>\n\n\n\n<figure class=\"wp-block-image size-large is-resized\"><img loading=\"lazy\" decoding=\"async\" width=\"1024\" height=\"768\" src=\"https:\/\/focotocantinense.com.br\/wp-content\/uploads\/2024\/06\/2-Professor-Andre-Goveia-Tocantinia-1024x768.jpg\" alt=\"\" class=\"wp-image-7670\" style=\"width:840px;height:auto\" srcset=\"https:\/\/focotocantinense.com.br\/wp-content\/uploads\/2024\/06\/2-Professor-Andre-Goveia-Tocantinia-1024x768.jpg 1024w, https:\/\/focotocantinense.com.br\/wp-content\/uploads\/2024\/06\/2-Professor-Andre-Goveia-Tocantinia-300x225.jpg 300w, https:\/\/focotocantinense.com.br\/wp-content\/uploads\/2024\/06\/2-Professor-Andre-Goveia-Tocantinia-768x576.jpg 768w, https:\/\/focotocantinense.com.br\/wp-content\/uploads\/2024\/06\/2-Professor-Andre-Goveia-Tocantinia-1536x1152.jpg 1536w, https:\/\/focotocantinense.com.br\/wp-content\/uploads\/2024\/06\/2-Professor-Andre-Goveia-Tocantinia.jpg 1600w\" sizes=\"auto, (max-width: 1024px) 100vw, 1024px\" \/><\/figure>\n\n\n\n<p><\/p>\n\n\n\n<figure class=\"wp-block-image size-full\"><img loading=\"lazy\" decoding=\"async\" width=\"843\" height=\"251\" src=\"https:\/\/focotocantinense.com.br\/wp-content\/uploads\/2024\/06\/VINI_181-1.jpg\" alt=\"\" class=\"wp-image-7671\" srcset=\"https:\/\/focotocantinense.com.br\/wp-content\/uploads\/2024\/06\/VINI_181-1.jpg 843w, https:\/\/focotocantinense.com.br\/wp-content\/uploads\/2024\/06\/VINI_181-1-300x89.jpg 300w, https:\/\/focotocantinense.com.br\/wp-content\/uploads\/2024\/06\/VINI_181-1-768x229.jpg 768w\" sizes=\"auto, (max-width: 843px) 100vw, 843px\" \/><\/figure>\n","protected":false},"excerpt":{"rendered":"<p>Por Zacarias Martins&nbsp; Na manh\u00e3 desta segunda-feira, 03,&nbsp; na Escola Municipal Professor Constantino Pedro de Castro, em Tocant\u00ednia, o professor e escritor &nbsp;Andr\u00e9 Goveia, secret\u00e1rio de Educa\u00e7\u00e3o do munic\u00edpio, foi o convidado para &nbsp;ser entrevistado pelos os alunos &nbsp;da turma do 5\u00b0 ano, sob a orienta\u00e7\u00e3o da professora Maria Elcione Ponto Lima. O objetivo dessa &hellip;<\/p>\n","protected":false},"author":5,"featured_media":7669,"comment_status":"open","ping_status":"open","sticky":false,"template":"","format":"standard","meta":{"footnotes":""},"categories":[78],"tags":[],"class_list":["post-7668","post","type-post","status-publish","format-standard","has-post-thumbnail","","category-tocantinia"],"_links":{"self":[{"href":"https:\/\/focotocantinense.com.br\/index.php?rest_route=\/wp\/v2\/posts\/7668","targetHints":{"allow":["GET"]}}],"collection":[{"href":"https:\/\/focotocantinense.com.br\/index.php?rest_route=\/wp\/v2\/posts"}],"about":[{"href":"https:\/\/focotocantinense.com.br\/index.php?rest_route=\/wp\/v2\/types\/post"}],"author":[{"embeddable":true,"href":"https:\/\/focotocantinense.com.br\/index.php?rest_route=\/wp\/v2\/users\/5"}],"replies":[{"embeddable":true,"href":"https:\/\/focotocantinense.com.br\/index.php?rest_route=%2Fwp%2Fv2%2Fcomments&post=7668"}],"version-history":[{"count":2,"href":"https:\/\/focotocantinense.com.br\/index.php?rest_route=\/wp\/v2\/posts\/7668\/revisions"}],"predecessor-version":[{"id":7674,"href":"https:\/\/focotocantinense.com.br\/index.php?rest_route=\/wp\/v2\/posts\/7668\/revisions\/7674"}],"wp:featuredmedia":[{"embeddable":true,"href":"https:\/\/focotocantinense.com.br\/index.php?rest_route=\/wp\/v2\/media\/7669"}],"wp:attachment":[{"href":"https:\/\/focotocantinense.com.br\/index.php?rest_route=%2Fwp%2Fv2%2Fmedia&parent=7668"}],"wp:term":[{"taxonomy":"category","embeddable":true,"href":"https:\/\/focotocantinense.com.br\/index.php?rest_route=%2Fwp%2Fv2%2Fcategories&post=7668"},{"taxonomy":"post_tag","embeddable":true,"href":"https:\/\/focotocantinense.com.br\/index.php?rest_route=%2Fwp%2Fv2%2Ftags&post=7668"}],"curies":[{"name":"wp","href":"https:\/\/api.w.org\/{rel}","templated":true}]}}