{"id":7663,"date":"2024-06-03T15:43:57","date_gmt":"2024-06-03T18:43:57","guid":{"rendered":"https:\/\/focotocantinense.com.br\/?p=7663"},"modified":"2024-06-03T15:43:58","modified_gmt":"2024-06-03T18:43:58","slug":"prefeitura-de-gurupi-prorroga-prazo-para-pagamento-do-iptu-para-10-de-junho","status":"publish","type":"post","link":"https:\/\/focotocantinense.com.br\/?p=7663","title":{"rendered":"Prefeitura de Gurupi prorroga prazo para pagamento do IPTU para 10 de Junho"},"content":{"rendered":"\n<p>A Prefeitura de Gurupi, por meio da Secretaria Municipal de Planejamento e Finan\u00e7as, vai prorrogar o prazo para o pagamento da primeira parcela ou parcela \u00fanica do Imposto Predial e Territorial Urbano (IPTU), bem como dos pagamentos da Taxa de Coleta de Lixo e Remo\u00e7\u00e3o de Res\u00edduos (TCL) e da Contribui\u00e7\u00e3o de Custeio do Servi\u00e7o de Ilumina\u00e7\u00e3o P\u00fablica (CIP) de 2024, para o dia 10 de junho.<\/p>\n\n\n\n<p>O prazo anterior para pagamento com desconto de 10% \u00e0 vista e mais 10% para contribuintes que est\u00e3o em dia com todos os tributos, se encerrava nesta segunda-feira, 03 de junho. No entanto, um problema no servi\u00e7o de internet da Prefeitura deixou o servidor Datacenter do Munic\u00edpio inacess\u00edvel por tempo indeterminado, levando \u00e0 extens\u00e3o do prazo. A portaria de prorroga\u00e7\u00e3o ser\u00e1 publicada no Di\u00e1rio Oficial do Munic\u00edpio ainda na segunda-feira, 03.<\/p>\n\n\n\n<p>O secret\u00e1rio Municipal de Planejamento e Finan\u00e7as, Lucas Lemes, destacou que as demais parcelas de 2 a 8, permanecem inalteradas, com vencimentos conforme as datas originalmente previstas.<\/p>\n\n\n\n<p>A Secretaria Municipal de Ci\u00eancia, Tecnologia e Inova\u00e7\u00e3o est\u00e1 em contato com a empresa provedora do servi\u00e7o de internet para garantir o restabelecimento do servi\u00e7o o mais breve poss\u00edvel. Assim que o servidor for restabelecido, os documentos de arrecada\u00e7\u00e3o para pagamento dos tributos estar\u00e3o dispon\u00edveis no no atendimento presencial da Secretaria Municipal de Planejamento e Finan\u00e7as, localizada na sede da Prefeitura, na Rua 14 de Novembro, n.\u00ba 1500, Centro, das 8h \u00e0s 14h.<\/p>\n\n\n\n<p>Para mais informa\u00e7\u00f5es, os contatos dispon\u00edveis s\u00e3o: (63) 3315-0030 ou (63) 3315-0020.<\/p>\n\n\n\n<figure class=\"wp-block-image size-large\"><img loading=\"lazy\" decoding=\"async\" width=\"1024\" height=\"587\" src=\"https:\/\/focotocantinense.com.br\/wp-content\/uploads\/2024\/06\/FOTO_GURUPI_A_NOITE_1_61f3f527d72d6-1024x587.jpg\" alt=\"\" class=\"wp-image-7666\" srcset=\"https:\/\/focotocantinense.com.br\/wp-content\/uploads\/2024\/06\/FOTO_GURUPI_A_NOITE_1_61f3f527d72d6-1024x587.jpg 1024w, https:\/\/focotocantinense.com.br\/wp-content\/uploads\/2024\/06\/FOTO_GURUPI_A_NOITE_1_61f3f527d72d6-300x172.jpg 300w, https:\/\/focotocantinense.com.br\/wp-content\/uploads\/2024\/06\/FOTO_GURUPI_A_NOITE_1_61f3f527d72d6-768x440.jpg 768w, https:\/\/focotocantinense.com.br\/wp-content\/uploads\/2024\/06\/FOTO_GURUPI_A_NOITE_1_61f3f527d72d6.jpg 1080w\" sizes=\"auto, (max-width: 1024px) 100vw, 1024px\" \/><\/figure>\n\n\n\n<p><\/p>\n\n\n\n<figure class=\"wp-block-image size-full\"><img loading=\"lazy\" decoding=\"async\" width=\"843\" height=\"251\" src=\"https:\/\/focotocantinense.com.br\/wp-content\/uploads\/2024\/06\/VINI_181.jpg\" alt=\"\" class=\"wp-image-7665\" srcset=\"https:\/\/focotocantinense.com.br\/wp-content\/uploads\/2024\/06\/VINI_181.jpg 843w, https:\/\/focotocantinense.com.br\/wp-content\/uploads\/2024\/06\/VINI_181-300x89.jpg 300w, https:\/\/focotocantinense.com.br\/wp-content\/uploads\/2024\/06\/VINI_181-768x229.jpg 768w\" sizes=\"auto, (max-width: 843px) 100vw, 843px\" \/><\/figure>\n","protected":false},"excerpt":{"rendered":"<p>A Prefeitura de Gurupi, por meio da Secretaria Municipal de Planejamento e Finan\u00e7as, vai prorrogar o prazo para o pagamento da primeira parcela ou parcela \u00fanica do Imposto Predial e Territorial Urbano (IPTU), bem como dos pagamentos da Taxa de Coleta de Lixo e Remo\u00e7\u00e3o de Res\u00edduos (TCL) e da Contribui\u00e7\u00e3o de Custeio do Servi\u00e7o &hellip;<\/p>\n","protected":false},"author":5,"featured_media":7664,"comment_status":"open","ping_status":"open","sticky":false,"template":"","format":"standard","meta":{"footnotes":""},"categories":[1],"tags":[],"class_list":["post-7663","post","type-post","status-publish","format-standard","has-post-thumbnail","","category-sem-categoria"],"_links":{"self":[{"href":"https:\/\/focotocantinense.com.br\/index.php?rest_route=\/wp\/v2\/posts\/7663","targetHints":{"allow":["GET"]}}],"collection":[{"href":"https:\/\/focotocantinense.com.br\/index.php?rest_route=\/wp\/v2\/posts"}],"about":[{"href":"https:\/\/focotocantinense.com.br\/index.php?rest_route=\/wp\/v2\/types\/post"}],"author":[{"embeddable":true,"href":"https:\/\/focotocantinense.com.br\/index.php?rest_route=\/wp\/v2\/users\/5"}],"replies":[{"embeddable":true,"href":"https:\/\/focotocantinense.com.br\/index.php?rest_route=%2Fwp%2Fv2%2Fcomments&post=7663"}],"version-history":[{"count":1,"href":"https:\/\/focotocantinense.com.br\/index.php?rest_route=\/wp\/v2\/posts\/7663\/revisions"}],"predecessor-version":[{"id":7667,"href":"https:\/\/focotocantinense.com.br\/index.php?rest_route=\/wp\/v2\/posts\/7663\/revisions\/7667"}],"wp:featuredmedia":[{"embeddable":true,"href":"https:\/\/focotocantinense.com.br\/index.php?rest_route=\/wp\/v2\/media\/7664"}],"wp:attachment":[{"href":"https:\/\/focotocantinense.com.br\/index.php?rest_route=%2Fwp%2Fv2%2Fmedia&parent=7663"}],"wp:term":[{"taxonomy":"category","embeddable":true,"href":"https:\/\/focotocantinense.com.br\/index.php?rest_route=%2Fwp%2Fv2%2Fcategories&post=7663"},{"taxonomy":"post_tag","embeddable":true,"href":"https:\/\/focotocantinense.com.br\/index.php?rest_route=%2Fwp%2Fv2%2Ftags&post=7663"}],"curies":[{"name":"wp","href":"https:\/\/api.w.org\/{rel}","templated":true}]}}