{"id":7654,"date":"2024-05-30T11:09:04","date_gmt":"2024-05-30T14:09:04","guid":{"rendered":"https:\/\/focotocantinense.com.br\/?p=7654"},"modified":"2024-05-30T11:09:04","modified_gmt":"2024-05-30T14:09:04","slug":"maio-amarelo-brk-realiza-campanha-interna-reforcando-o-comportamento-seguro-no-transito-para-seus-funcionarios-e-contratados","status":"publish","type":"post","link":"https:\/\/focotocantinense.com.br\/?p=7654","title":{"rendered":"Maio Amarelo: BRK realiza campanha interna refor\u00e7ando o comportamento seguro no tr\u00e2nsito para seus funcion\u00e1rios e contratados"},"content":{"rendered":"\n<p><\/p>\n\n\n\n<p>Maio Amarelo \u00e9 uma iniciativa que busca chamar a aten\u00e7\u00e3o da sociedade para o alto \u00edndice de mortes e feridos no tr\u00e2nsito em todo o mundo. Em 11 de maio de 2011, a Organiza\u00e7\u00e3o das Na\u00e7\u00f5es Unidas (ONU) decretou a D\u00e9cada de A\u00e7\u00e3o para Seguran\u00e7a no Tr\u00e2nsito. Com isso, o m\u00eas de maio se tornou refer\u00eancia mundial para balan\u00e7o das a\u00e7\u00f5es que o mundo inteiro realiza. A iniciativa utiliza a cor amarela, que simboliza aten\u00e7\u00e3o e tamb\u00e9m a sinaliza\u00e7\u00e3o e advert\u00eancia no tr\u00e2nsito.<\/p>\n\n\n\n<p>A BRK, concession\u00e1ria respons\u00e1vel pelos servi\u00e7os de \u00e1gua e esgoto no Tocantins e Par\u00e1, apoia o Movimento e realizou durante o m\u00eas uma s\u00e9rie de palestras e interven\u00e7\u00f5es para seus funcion\u00e1rios (as) e contratados, com o intuito de refor\u00e7ar o comportamento seguro no tr\u00e2nsito.<\/p>\n\n\n\n<p>Entre as abordagens, a empresa contou com a participa\u00e7\u00e3o do Departamento Estadual de Tr\u00e2nsito do Tocantins (Detran\/Tocantins), Superintend\u00eancia de Tr\u00e2nsito e Transporte de Palmas (ATTM) &nbsp;e da Ag\u00eancia de Seguran\u00e7a Transporte e Tr\u00e2nsito (ASTT) de Aragua\u00edna para palestras refor\u00e7ando temas como a pr\u00e1tica da dire\u00e7\u00e3o defensiva, o uso do cinto de seguran\u00e7a por todos os ocupantes do ve\u00edculo, o h\u00e1bito de n\u00e3o atender ou manusear o celular enquanto dirige, respeito a limite de velocidade das vias, cuidados na pilotagem de motos, entre outros.<\/p>\n\n\n\n<p>\u201cA seguran\u00e7a vi\u00e1ria \u00e9 um compromisso cont\u00ednuo na BRK. Aqui, seguir as regras de tr\u00e2nsito vai al\u00e9m de uma obriga\u00e7\u00e3o legal, \u00e9 um ato que promove a harmonia e a seguran\u00e7a nas estradas, e \u00e9 capaz de reduzir o n\u00famero de incidentes\u201d, destaca Ant\u00f4nio Rodrigues, gerente de qualidade, sa\u00fade, seguran\u00e7a e meio ambiente da BRK.<\/p>\n\n\n\n<p>\u00c9 fundamental que os funcion\u00e1rios da companhia percebam a import\u00e2ncia da preven\u00e7\u00e3o de incidentes no tr\u00e2nsito, as interven\u00e7\u00f5es realizadas refor\u00e7am que a seguran\u00e7a e a integridade s\u00e3o valores inegoci\u00e1veis na BRK.<\/p>\n\n\n\n<figure class=\"wp-block-image size-large\"><img loading=\"lazy\" decoding=\"async\" width=\"1024\" height=\"459\" src=\"https:\/\/focotocantinense.com.br\/wp-content\/uploads\/2024\/05\/AAA-7-1024x459.jpg\" alt=\"\" class=\"wp-image-7657\" srcset=\"https:\/\/focotocantinense.com.br\/wp-content\/uploads\/2024\/05\/AAA-7-1024x459.jpg 1024w, https:\/\/focotocantinense.com.br\/wp-content\/uploads\/2024\/05\/AAA-7-300x134.jpg 300w, https:\/\/focotocantinense.com.br\/wp-content\/uploads\/2024\/05\/AAA-7-768x344.jpg 768w, https:\/\/focotocantinense.com.br\/wp-content\/uploads\/2024\/05\/AAA-7.jpg 1156w\" sizes=\"auto, (max-width: 1024px) 100vw, 1024px\" \/><\/figure>\n\n\n\n<p><\/p>\n\n\n\n<figure class=\"wp-block-image size-full\"><img loading=\"lazy\" decoding=\"async\" width=\"843\" height=\"251\" src=\"https:\/\/focotocantinense.com.br\/wp-content\/uploads\/2024\/05\/VINI_181-13.jpg\" alt=\"\" class=\"wp-image-7656\" srcset=\"https:\/\/focotocantinense.com.br\/wp-content\/uploads\/2024\/05\/VINI_181-13.jpg 843w, https:\/\/focotocantinense.com.br\/wp-content\/uploads\/2024\/05\/VINI_181-13-300x89.jpg 300w, https:\/\/focotocantinense.com.br\/wp-content\/uploads\/2024\/05\/VINI_181-13-768x229.jpg 768w\" sizes=\"auto, (max-width: 843px) 100vw, 843px\" \/><\/figure>\n","protected":false},"excerpt":{"rendered":"<p>Maio Amarelo \u00e9 uma iniciativa que busca chamar a aten\u00e7\u00e3o da sociedade para o alto \u00edndice de mortes e feridos no tr\u00e2nsito em todo o mundo. Em 11 de maio de 2011, a Organiza\u00e7\u00e3o das Na\u00e7\u00f5es Unidas (ONU) decretou a D\u00e9cada de A\u00e7\u00e3o para Seguran\u00e7a no Tr\u00e2nsito. Com isso, o m\u00eas de maio se tornou &hellip;<\/p>\n","protected":false},"author":5,"featured_media":7655,"comment_status":"open","ping_status":"open","sticky":false,"template":"","format":"standard","meta":{"footnotes":""},"categories":[39],"tags":[],"class_list":["post-7654","post","type-post","status-publish","format-standard","has-post-thumbnail","","category-estado"],"_links":{"self":[{"href":"https:\/\/focotocantinense.com.br\/index.php?rest_route=\/wp\/v2\/posts\/7654","targetHints":{"allow":["GET"]}}],"collection":[{"href":"https:\/\/focotocantinense.com.br\/index.php?rest_route=\/wp\/v2\/posts"}],"about":[{"href":"https:\/\/focotocantinense.com.br\/index.php?rest_route=\/wp\/v2\/types\/post"}],"author":[{"embeddable":true,"href":"https:\/\/focotocantinense.com.br\/index.php?rest_route=\/wp\/v2\/users\/5"}],"replies":[{"embeddable":true,"href":"https:\/\/focotocantinense.com.br\/index.php?rest_route=%2Fwp%2Fv2%2Fcomments&post=7654"}],"version-history":[{"count":1,"href":"https:\/\/focotocantinense.com.br\/index.php?rest_route=\/wp\/v2\/posts\/7654\/revisions"}],"predecessor-version":[{"id":7658,"href":"https:\/\/focotocantinense.com.br\/index.php?rest_route=\/wp\/v2\/posts\/7654\/revisions\/7658"}],"wp:featuredmedia":[{"embeddable":true,"href":"https:\/\/focotocantinense.com.br\/index.php?rest_route=\/wp\/v2\/media\/7655"}],"wp:attachment":[{"href":"https:\/\/focotocantinense.com.br\/index.php?rest_route=%2Fwp%2Fv2%2Fmedia&parent=7654"}],"wp:term":[{"taxonomy":"category","embeddable":true,"href":"https:\/\/focotocantinense.com.br\/index.php?rest_route=%2Fwp%2Fv2%2Fcategories&post=7654"},{"taxonomy":"post_tag","embeddable":true,"href":"https:\/\/focotocantinense.com.br\/index.php?rest_route=%2Fwp%2Fv2%2Ftags&post=7654"}],"curies":[{"name":"wp","href":"https:\/\/api.w.org\/{rel}","templated":true}]}}