{"id":7642,"date":"2024-05-27T19:54:27","date_gmt":"2024-05-27T22:54:27","guid":{"rendered":"https:\/\/focotocantinense.com.br\/?p=7642"},"modified":"2024-05-27T19:54:28","modified_gmt":"2024-05-27T22:54:28","slug":"lancamento-de-livro-destaca-a-producao-literaria-de-alunos-de-miracema-do-tocantins","status":"publish","type":"post","link":"https:\/\/focotocantinense.com.br\/?p=7642","title":{"rendered":"Lan\u00e7amento de livro destaca a produ\u00e7\u00e3o liter\u00e1ria de alunos de Miracema do Tocantins"},"content":{"rendered":"\n<p><strong>Por Zacarias Martins<\/strong><\/p>\n\n\n\n<p>Idealizado pela professora Mauric\u00e9ia Bastos, a partir da Eletiva \u201c<strong><em>Penso, logo escrevo!<\/em><\/strong>\u201d, foi realizado o lan\u00e7amento do livro \u201cTocantins \u2013 Tuas Margens t\u00eam hist\u00f3rias\u201d, publicado pela Editora Veloso, tendo como autores um grupo de alunos do Centro de Ensino M\u00e9dio Dona Filomena Moreira de Paula, de Miracema do Tocantins.<\/p>\n\n\n\n<p><strong>Curiosidade<\/strong><\/p>\n\n\n\n<p>A obra possui 19 contos muito bem elaborados que despertam curiosidade de diferentes aspectos sobre quest\u00f5es regionais tocantinenses.<\/p>\n\n\n\n<p><strong>Refor\u00e7ando habilidades<\/strong><\/p>\n\n\n\n<p>Por meio da ministra\u00e7\u00e3o das aulas de L\u00edngua Portuguesa e Reda\u00e7\u00e3o, percebeu-se a necessidade de refor\u00e7ar algumas habilidades e compet\u00eancias relacionadas \u00e0 leitura, interpreta\u00e7\u00e3o e produ\u00e7\u00e3o de texto junto aos alunos, buscando fortalecer e incentivar o processo de cria\u00e7\u00e3o. Foi dessa forma que nasceu a ideia de se produzir o livro, conforme explicou a professora Mauric\u00e9ia.<\/p>\n\n\n\n<p><strong>Subs\u00eddios<\/strong><\/p>\n\n\n\n<p>Para o levantamento de informa\u00e7\u00f5es que subsidiam a cria\u00e7\u00e3o do livro, foi realizada uma visita ao centro hist\u00f3rico de Porto Nacional, onde&nbsp; os alunos tiveram acesso aos acontecimentos que marcaram e registram um pouco da hist\u00f3ria do&nbsp; Estado do Tocantins, como&nbsp; artefatos guardados, documentos e tamb\u00e9m os casar\u00f5es hist\u00f3ricos.<\/p>\n\n\n\n<p><strong>Contribui\u00e7\u00e3o<\/strong><\/p>\n\n\n\n<p>No pref\u00e1cio da publica\u00e7\u00e3o, a professora de L\u00edngua Portuguesa Leiliane Alves da Silva, assegura que este livro contribuir\u00e1 significativamente para enriquecer os estudos\u00a0 \u00a0sobre a cultura e costumes no qual estamos inseridos. \u201cNele somos convidados a acompanhar relatos\u00a0<\/p>\n\n\n\n<figure class=\"wp-block-image size-full\"><img loading=\"lazy\" decoding=\"async\" width=\"1024\" height=\"476\" src=\"https:\/\/focotocantinense.com.br\/wp-content\/uploads\/2024\/05\/Alunos-de-Miracema-lancam-livro-foto-Divulgacao-1024x476-1.jpg\" alt=\"\" class=\"wp-image-7643\" srcset=\"https:\/\/focotocantinense.com.br\/wp-content\/uploads\/2024\/05\/Alunos-de-Miracema-lancam-livro-foto-Divulgacao-1024x476-1.jpg 1024w, https:\/\/focotocantinense.com.br\/wp-content\/uploads\/2024\/05\/Alunos-de-Miracema-lancam-livro-foto-Divulgacao-1024x476-1-300x139.jpg 300w, https:\/\/focotocantinense.com.br\/wp-content\/uploads\/2024\/05\/Alunos-de-Miracema-lancam-livro-foto-Divulgacao-1024x476-1-768x357.jpg 768w\" sizes=\"auto, (max-width: 1024px) 100vw, 1024px\" \/><\/figure>\n\n\n\n<p><\/p>\n\n\n\n<figure class=\"wp-block-image size-full\"><img loading=\"lazy\" decoding=\"async\" width=\"843\" height=\"251\" src=\"https:\/\/focotocantinense.com.br\/wp-content\/uploads\/2024\/05\/VINI_181-11.jpg\" alt=\"\" class=\"wp-image-7626\" srcset=\"https:\/\/focotocantinense.com.br\/wp-content\/uploads\/2024\/05\/VINI_181-11.jpg 843w, https:\/\/focotocantinense.com.br\/wp-content\/uploads\/2024\/05\/VINI_181-11-300x89.jpg 300w, https:\/\/focotocantinense.com.br\/wp-content\/uploads\/2024\/05\/VINI_181-11-768x229.jpg 768w\" sizes=\"auto, (max-width: 843px) 100vw, 843px\" \/><\/figure>\n","protected":false},"excerpt":{"rendered":"<p>Por Zacarias Martins Idealizado pela professora Mauric\u00e9ia Bastos, a partir da Eletiva \u201cPenso, logo escrevo!\u201d, foi realizado o lan\u00e7amento do livro \u201cTocantins \u2013 Tuas Margens t\u00eam hist\u00f3rias\u201d, publicado pela Editora Veloso, tendo como autores um grupo de alunos do Centro de Ensino M\u00e9dio Dona Filomena Moreira de Paula, de Miracema do Tocantins. Curiosidade A obra &hellip;<\/p>\n","protected":false},"author":5,"featured_media":7643,"comment_status":"open","ping_status":"open","sticky":false,"template":"","format":"standard","meta":{"footnotes":""},"categories":[49],"tags":[],"class_list":["post-7642","post","type-post","status-publish","format-standard","has-post-thumbnail","","category-miracema"],"_links":{"self":[{"href":"https:\/\/focotocantinense.com.br\/index.php?rest_route=\/wp\/v2\/posts\/7642","targetHints":{"allow":["GET"]}}],"collection":[{"href":"https:\/\/focotocantinense.com.br\/index.php?rest_route=\/wp\/v2\/posts"}],"about":[{"href":"https:\/\/focotocantinense.com.br\/index.php?rest_route=\/wp\/v2\/types\/post"}],"author":[{"embeddable":true,"href":"https:\/\/focotocantinense.com.br\/index.php?rest_route=\/wp\/v2\/users\/5"}],"replies":[{"embeddable":true,"href":"https:\/\/focotocantinense.com.br\/index.php?rest_route=%2Fwp%2Fv2%2Fcomments&post=7642"}],"version-history":[{"count":1,"href":"https:\/\/focotocantinense.com.br\/index.php?rest_route=\/wp\/v2\/posts\/7642\/revisions"}],"predecessor-version":[{"id":7644,"href":"https:\/\/focotocantinense.com.br\/index.php?rest_route=\/wp\/v2\/posts\/7642\/revisions\/7644"}],"wp:featuredmedia":[{"embeddable":true,"href":"https:\/\/focotocantinense.com.br\/index.php?rest_route=\/wp\/v2\/media\/7643"}],"wp:attachment":[{"href":"https:\/\/focotocantinense.com.br\/index.php?rest_route=%2Fwp%2Fv2%2Fmedia&parent=7642"}],"wp:term":[{"taxonomy":"category","embeddable":true,"href":"https:\/\/focotocantinense.com.br\/index.php?rest_route=%2Fwp%2Fv2%2Fcategories&post=7642"},{"taxonomy":"post_tag","embeddable":true,"href":"https:\/\/focotocantinense.com.br\/index.php?rest_route=%2Fwp%2Fv2%2Ftags&post=7642"}],"curies":[{"name":"wp","href":"https:\/\/api.w.org\/{rel}","templated":true}]}}