{"id":7633,"date":"2024-05-27T10:10:20","date_gmt":"2024-05-27T13:10:20","guid":{"rendered":"https:\/\/focotocantinense.com.br\/?p=7633"},"modified":"2024-05-27T10:12:57","modified_gmt":"2024-05-27T13:12:57","slug":"evento-lotado-em-porto-nacional-com-presenca-do-governador-wanderlei-barbosa-oficializa-pre-candidatura-de-antonio-andrade-a-prefeito-do-municipio","status":"publish","type":"post","link":"https:\/\/focotocantinense.com.br\/?p=7633","title":{"rendered":"Evento lotado em Porto Nacional com presen\u00e7a do governador Wanderlei Barbosa, oficializa pr\u00e9-candidatura de Antonio Andrade a prefeito do munic\u00edpio"},"content":{"rendered":"\n<p>A participa\u00e7\u00e3o marcante do grande p\u00fablico foi uma manifesta\u00e7\u00e3o ampla do desejo de mudan\u00e7a da popula\u00e7\u00e3o portuense<\/p>\n\n\n\n<figure class=\"wp-block-image size-large is-resized\"><img loading=\"lazy\" decoding=\"async\" width=\"1024\" height=\"682\" src=\"https:\/\/focotocantinense.com.br\/wp-content\/uploads\/2024\/05\/lancamento-candidatura-toinho-porto-vice-pref-1024x682.jpeg\" alt=\"\" class=\"wp-image-7634\" style=\"width:318px;height:auto\" srcset=\"https:\/\/focotocantinense.com.br\/wp-content\/uploads\/2024\/05\/lancamento-candidatura-toinho-porto-vice-pref-1024x682.jpeg 1024w, https:\/\/focotocantinense.com.br\/wp-content\/uploads\/2024\/05\/lancamento-candidatura-toinho-porto-vice-pref-300x200.jpeg 300w, https:\/\/focotocantinense.com.br\/wp-content\/uploads\/2024\/05\/lancamento-candidatura-toinho-porto-vice-pref-768x512.jpeg 768w, https:\/\/focotocantinense.com.br\/wp-content\/uploads\/2024\/05\/lancamento-candidatura-toinho-porto-vice-pref-1536x1024.jpeg 1536w, https:\/\/focotocantinense.com.br\/wp-content\/uploads\/2024\/05\/lancamento-candidatura-toinho-porto-vice-pref-2048x1365.jpeg 2048w, https:\/\/focotocantinense.com.br\/wp-content\/uploads\/2024\/05\/lancamento-candidatura-toinho-porto-vice-pref-310x205.jpeg 310w\" sizes=\"auto, (max-width: 1024px) 100vw, 1024px\" \/><\/figure>\n\n\n\n<p>Uma noite para ficar na mem\u00f3ria do povo portuense! Cerca de 3 mil pessoas lotaram a Quadra Poliesportiva e a Pra\u00e7a Juquinha Pereira no Setor Nova Capita, neste s\u00e1bado, 25, para prestigiar o lan\u00e7amento das pr\u00e9-candidaturas de Antonio Andrade e Soares Filho a prefeito e vice-prefeito de Porto Nacional respectivamente. Tamb\u00e9m foi apresentada a pr\u00e9-campanha das lideran\u00e7as que disputar\u00e3o a elei\u00e7\u00e3o para vereador deste ano e apoiam Andrade.<\/p>\n\n\n\n<p>Antonio Andrade, foi o deputado federal mais votado do Tocantins nas \u00faltimas elei\u00e7\u00f5es, duas vezes presidente da Assembleia Legislativa do Tocantins, quatro vezes deputado estadual, e \u00e9 filho de Porto Nacional.<\/p>\n\n\n\n<p>Em seu discurso, ele destacou que o projeto pol\u00edtico que seu grupo prepara para Porto Nacional une sua longa e promissora experi\u00eancia na vida p\u00fablica, com a garra, juventude e determina\u00e7\u00e3o de seu pr\u00e9-candidato \u00e0 vice-prefeito, Soares Filho, para apresentar pol\u00edticas p\u00fablicas de resultado.<\/p>\n\n\n\n<p>O parlamentar ressaltou ainda os grandes feitos das gest\u00f5es dos ex-prefeitos, F\u00e1bio Martins, Vicentinho Alves, Tereza Martins e Otoniel Andrade, que tornaram poss\u00edvel muitos avan\u00e7os para Porto Nacional gra\u00e7as a boa governan\u00e7a p\u00fablica em seus mandatos. Pontuando que \u00e9 disso que a cidade precisa novamente.<\/p>\n\n\n\n<p>Antonio Andrade mostrou a diferen\u00e7a de discurso em rela\u00e7\u00e3o aos seus advers\u00e1rios<\/p>\n\n\n\n<p>Sobre os ataques que vem sofrendo por parte de opositores, Antonio Andrade foi taxativo, limitou-se a dizer que \u201cquem antecipa elei\u00e7\u00e3o e gera diverg\u00eancias \u00e9 a oposi\u00e7\u00e3o\u201d, afirmando que est\u00e1 focado nas pautas municipais. \u201cQuero ser gestor do munic\u00edpio para fazer mais e muito melhor, de modo que n\u00e3o est\u00e1 na minha lista de interesses discutir coisas que n\u00e3o ir\u00e3o contribuir em nada para a melhoria de vida da popula\u00e7\u00e3o portuense\u201d, pontuou.<\/p>\n\n\n\n<p>Apoio total<\/p>\n\n\n\n<figure class=\"wp-block-image size-large is-resized\"><img loading=\"lazy\" decoding=\"async\" width=\"1024\" height=\"682\" src=\"https:\/\/focotocantinense.com.br\/wp-content\/uploads\/2024\/05\/lancamento-candidatura-toinho-porto-2-1024x682.jpeg\" alt=\"\" class=\"wp-image-7635\" style=\"width:331px;height:auto\" srcset=\"https:\/\/focotocantinense.com.br\/wp-content\/uploads\/2024\/05\/lancamento-candidatura-toinho-porto-2-1024x682.jpeg 1024w, https:\/\/focotocantinense.com.br\/wp-content\/uploads\/2024\/05\/lancamento-candidatura-toinho-porto-2-300x200.jpeg 300w, https:\/\/focotocantinense.com.br\/wp-content\/uploads\/2024\/05\/lancamento-candidatura-toinho-porto-2-768x512.jpeg 768w, https:\/\/focotocantinense.com.br\/wp-content\/uploads\/2024\/05\/lancamento-candidatura-toinho-porto-2-1536x1024.jpeg 1536w, https:\/\/focotocantinense.com.br\/wp-content\/uploads\/2024\/05\/lancamento-candidatura-toinho-porto-2-2048x1365.jpeg 2048w, https:\/\/focotocantinense.com.br\/wp-content\/uploads\/2024\/05\/lancamento-candidatura-toinho-porto-2-310x205.jpeg 310w\" sizes=\"auto, (max-width: 1024px) 100vw, 1024px\" \/><\/figure>\n\n\n\n<p>\u201cToinho trabalha pelo povo com dedica\u00e7\u00e3o, compromisso e com a verdade. \u00c9 por isso que estamos juntos nesse projeto de constru\u00e7\u00e3o da Porto Nacional que queremos, uma Porto de avan\u00e7os e desenvolvimento. Juntos, vamos transformar essa cidade\u201d, destacou o governador Wanderlei Barbosa.<\/p>\n\n\n\n<p>Endossando as palavras do governador, Vicentinho J\u00fanior refor\u00e7ou seu compromisso com Antonio Andrade: Toinho \u00e9 a for\u00e7a do trabalho, e ele j\u00e1 mostrou que \u00e9 o melhor nome para Porto Nacional, est\u00e1 preparado. Estamos juntos meu irm\u00e3o, para mudar Porto Nacional com um trabalho s\u00e9rio, transparente, honesto, e que propicie o crescimento da nossa cidade, vamos cuidar das pessoas\u201d, frisou o deputado federal do PP.<\/p>\n\n\n\n<figure class=\"wp-block-image size-large is-resized\"><img loading=\"lazy\" decoding=\"async\" width=\"1024\" height=\"682\" src=\"https:\/\/focotocantinense.com.br\/wp-content\/uploads\/2024\/05\/lancamento-candidatura-toinho-porto-4-1024x682.jpeg\" alt=\"\" class=\"wp-image-7639\" style=\"width:613px;height:auto\" srcset=\"https:\/\/focotocantinense.com.br\/wp-content\/uploads\/2024\/05\/lancamento-candidatura-toinho-porto-4-1024x682.jpeg 1024w, https:\/\/focotocantinense.com.br\/wp-content\/uploads\/2024\/05\/lancamento-candidatura-toinho-porto-4-300x200.jpeg 300w, https:\/\/focotocantinense.com.br\/wp-content\/uploads\/2024\/05\/lancamento-candidatura-toinho-porto-4-768x512.jpeg 768w, https:\/\/focotocantinense.com.br\/wp-content\/uploads\/2024\/05\/lancamento-candidatura-toinho-porto-4-1536x1024.jpeg 1536w, https:\/\/focotocantinense.com.br\/wp-content\/uploads\/2024\/05\/lancamento-candidatura-toinho-porto-4-2048x1365.jpeg 2048w, https:\/\/focotocantinense.com.br\/wp-content\/uploads\/2024\/05\/lancamento-candidatura-toinho-porto-4-310x205.jpeg 310w\" sizes=\"auto, (max-width: 1024px) 100vw, 1024px\" \/><\/figure>\n\n\n\n<p>Estiveram presentes no evento, o governador, Wanderlei Barbosa; o vice-governador, Laurez Moreira; o senador, Eduardo Gomes; o deputado federal, Vicentinho J\u00fanior; Virg\u00ednia Andrade; os ex-prefeitos de Porto Nacional, Vicentinho Alves, F\u00e1bio Martins, Tereza Martins e Otoniel Andrade, deputados estaduais, secret\u00e1rios de Estado, lideran\u00e7as, correligion\u00e1rios e a popula\u00e7\u00e3o em geral.<\/p>\n\n\n\n<p>Em resumo, foi um evento marcante, um time de peso unido no mesmo objetivo, melhorar Porto Nacional.<\/p>\n\n\n\n<p>Assessoria de Comunica\u00e7\u00e3o &#8211; Deputado Federal Antonio Andrade<\/p>\n","protected":false},"excerpt":{"rendered":"<p>A participa\u00e7\u00e3o marcante do grande p\u00fablico foi uma manifesta\u00e7\u00e3o ampla do desejo de mudan\u00e7a da popula\u00e7\u00e3o portuense Uma noite para ficar na mem\u00f3ria do povo portuense! Cerca de 3 mil pessoas lotaram a Quadra Poliesportiva e a Pra\u00e7a Juquinha Pereira no Setor Nova Capita, neste s\u00e1bado, 25, para prestigiar o lan\u00e7amento das pr\u00e9-candidaturas de Antonio &hellip;<\/p>\n","protected":false},"author":5,"featured_media":7636,"comment_status":"open","ping_status":"open","sticky":false,"template":"","format":"standard","meta":{"footnotes":""},"categories":[1],"tags":[],"class_list":["post-7633","post","type-post","status-publish","format-standard","has-post-thumbnail","","category-sem-categoria"],"_links":{"self":[{"href":"https:\/\/focotocantinense.com.br\/index.php?rest_route=\/wp\/v2\/posts\/7633","targetHints":{"allow":["GET"]}}],"collection":[{"href":"https:\/\/focotocantinense.com.br\/index.php?rest_route=\/wp\/v2\/posts"}],"about":[{"href":"https:\/\/focotocantinense.com.br\/index.php?rest_route=\/wp\/v2\/types\/post"}],"author":[{"embeddable":true,"href":"https:\/\/focotocantinense.com.br\/index.php?rest_route=\/wp\/v2\/users\/5"}],"replies":[{"embeddable":true,"href":"https:\/\/focotocantinense.com.br\/index.php?rest_route=%2Fwp%2Fv2%2Fcomments&post=7633"}],"version-history":[{"count":3,"href":"https:\/\/focotocantinense.com.br\/index.php?rest_route=\/wp\/v2\/posts\/7633\/revisions"}],"predecessor-version":[{"id":7641,"href":"https:\/\/focotocantinense.com.br\/index.php?rest_route=\/wp\/v2\/posts\/7633\/revisions\/7641"}],"wp:featuredmedia":[{"embeddable":true,"href":"https:\/\/focotocantinense.com.br\/index.php?rest_route=\/wp\/v2\/media\/7636"}],"wp:attachment":[{"href":"https:\/\/focotocantinense.com.br\/index.php?rest_route=%2Fwp%2Fv2%2Fmedia&parent=7633"}],"wp:term":[{"taxonomy":"category","embeddable":true,"href":"https:\/\/focotocantinense.com.br\/index.php?rest_route=%2Fwp%2Fv2%2Fcategories&post=7633"},{"taxonomy":"post_tag","embeddable":true,"href":"https:\/\/focotocantinense.com.br\/index.php?rest_route=%2Fwp%2Fv2%2Ftags&post=7633"}],"curies":[{"name":"wp","href":"https:\/\/api.w.org\/{rel}","templated":true}]}}