{"id":763,"date":"2021-02-23T12:19:45","date_gmt":"2021-02-23T15:19:45","guid":{"rendered":"http:\/\/focotocantinense.com.br\/?p=763"},"modified":"2021-02-24T13:20:03","modified_gmt":"2021-02-24T16:20:03","slug":"vereador-romivaldo-martins-defende-a-isencao-do-iptu-para-os-imoveis-do-setor-balneario-em-lagoa-da-confusao","status":"publish","type":"post","link":"https:\/\/focotocantinense.com.br\/?p=763","title":{"rendered":"Vereador Romivaldo Martins defende a isen\u00e7\u00e3o do IPTU para os im\u00f3veis do Setor Balne\u00e1rio em Lagoa da Confus\u00e3o"},"content":{"rendered":"\n<figure class=\"wp-block-image\"><img decoding=\"async\" src=\"https:\/\/portaldoamaral.com.br\/wp-content\/uploads\/2021\/02\/Lagoa-1.jpeg\" alt=\"\"\/><\/figure>\n\n\n\n<p>O vereador Romivaldo Martins, do Partido solidariedade, teve requerimento aprovado pela C\u00e2mara Municipal de Lagoa da Confus\u00e3o, onde prop\u00f5e ao prefeito Thiago Carlos para que determine a realiza\u00e7\u00e3o de estudos t\u00e9cnicos visando a isen\u00e7\u00e3o ou a reavalia\u00e7\u00e3o do IPTU cobrado dos im\u00f3veis situados no Setor Balne\u00e1rio.<\/p>\n\n\n\n<p>Romivaldo Martins defende que o IPTU n\u00e3o deveria se aplicado aos im\u00f3veis do Setor Balne\u00e1rio, uma vez que aquela localidade&nbsp; n\u00e3o recebe quase nenhum benef\u00edcio urbano, como por exemplo, rede de energia el\u00e9trica, \u00e1gua, esgoto, coleta regular de lixo dom\u00e9stico, muito menos, unidade de sa\u00fade, asfalto, ilumina\u00e7\u00e3o p\u00fablica, escola ou creche.<\/p>\n\n\n\n<p>&#8220;Como os propriet\u00e1rios de im\u00f3veis do Setor Balne\u00e1rio n\u00e3o recebem os devidos benef\u00edcios do Poder P\u00fablico, como os demais bairros da cidade, \u00e9 injusta essa cobran\u00e7a do IPTU, j\u00e1 que n\u00e3o tem a contrapartida do imposto que lhes \u00e9 cobrado&#8221;, afirmou o vereador. <strong>(Zacarias Martins)<\/strong><\/p>\n","protected":false},"excerpt":{"rendered":"<p>O vereador Romivaldo Martins, do Partido solidariedade, teve requerimento aprovado pela C\u00e2mara Municipal de Lagoa da Confus\u00e3o, onde prop\u00f5e ao prefeito Thiago Carlos para que determine a realiza\u00e7\u00e3o de estudos t\u00e9cnicos visando a isen\u00e7\u00e3o ou a reavalia\u00e7\u00e3o do IPTU cobrado dos im\u00f3veis situados no Setor Balne\u00e1rio. Romivaldo Martins defende que o IPTU n\u00e3o deveria se &hellip;<\/p>\n","protected":false},"author":5,"featured_media":764,"comment_status":"open","ping_status":"open","sticky":false,"template":"","format":"standard","meta":{"footnotes":""},"categories":[1],"tags":[],"class_list":["post-763","post","type-post","status-publish","format-standard","has-post-thumbnail","","category-sem-categoria"],"_links":{"self":[{"href":"https:\/\/focotocantinense.com.br\/index.php?rest_route=\/wp\/v2\/posts\/763","targetHints":{"allow":["GET"]}}],"collection":[{"href":"https:\/\/focotocantinense.com.br\/index.php?rest_route=\/wp\/v2\/posts"}],"about":[{"href":"https:\/\/focotocantinense.com.br\/index.php?rest_route=\/wp\/v2\/types\/post"}],"author":[{"embeddable":true,"href":"https:\/\/focotocantinense.com.br\/index.php?rest_route=\/wp\/v2\/users\/5"}],"replies":[{"embeddable":true,"href":"https:\/\/focotocantinense.com.br\/index.php?rest_route=%2Fwp%2Fv2%2Fcomments&post=763"}],"version-history":[{"count":2,"href":"https:\/\/focotocantinense.com.br\/index.php?rest_route=\/wp\/v2\/posts\/763\/revisions"}],"predecessor-version":[{"id":779,"href":"https:\/\/focotocantinense.com.br\/index.php?rest_route=\/wp\/v2\/posts\/763\/revisions\/779"}],"wp:featuredmedia":[{"embeddable":true,"href":"https:\/\/focotocantinense.com.br\/index.php?rest_route=\/wp\/v2\/media\/764"}],"wp:attachment":[{"href":"https:\/\/focotocantinense.com.br\/index.php?rest_route=%2Fwp%2Fv2%2Fmedia&parent=763"}],"wp:term":[{"taxonomy":"category","embeddable":true,"href":"https:\/\/focotocantinense.com.br\/index.php?rest_route=%2Fwp%2Fv2%2Fcategories&post=763"},{"taxonomy":"post_tag","embeddable":true,"href":"https:\/\/focotocantinense.com.br\/index.php?rest_route=%2Fwp%2Fv2%2Ftags&post=763"}],"curies":[{"name":"wp","href":"https:\/\/api.w.org\/{rel}","templated":true}]}}