{"id":7629,"date":"2024-05-26T07:04:00","date_gmt":"2024-05-26T10:04:00","guid":{"rendered":"https:\/\/focotocantinense.com.br\/?p=7629"},"modified":"2024-05-26T07:04:01","modified_gmt":"2024-05-26T10:04:01","slug":"moradores-do-parque-residencial-sao-jose-recebem-esclarecimentos-sobre-a-regularizacao-fundiaria-do-setor","status":"publish","type":"post","link":"https:\/\/focotocantinense.com.br\/?p=7629","title":{"rendered":"Moradores do Parque Residencial S\u00e3o Jos\u00e9 recebem esclarecimentos sobre a regulariza\u00e7\u00e3o fundi\u00e1ria do setor"},"content":{"rendered":"\n<p>Com o objetivo de iniciar o processo de regulariza\u00e7\u00e3o fundi\u00e1ria do setor Parque Residencial S\u00e3o Jos\u00e9 e orientar os moradores sobre cada etapa necess\u00e1ria, a Prefeitura de Gurupi, por meio da Secretaria Municipal de Desenvolvimento Urbano, realizou na noite desta quinta-feira, 23, uma audi\u00eancia p\u00fablica com moradores.&nbsp; A iniciativa faz parte do programa \u201cEscritura Gurupi\u201d e vai beneficiar 38 fam\u00edlias do setor.<\/p>\n\n\n\n<p>Na audi\u00eancia foram repassadas aos moradores informa\u00e7\u00f5es sobre a import\u00e2ncia e os benef\u00edcios de terem seus im\u00f3veis regularizados e esclarecimentos sobre os passos necess\u00e1rios durante o processo. No setor, h\u00e1 moradores que aguardam o benef\u00edcio h\u00e1 30 anos.<\/p>\n\n\n\n<p>A prefeita Josi Nunes ressaltou que uma das metas da sua gest\u00e3o \u00e9 regularizar os im\u00f3veis de v\u00e1rios bairros da cidade que ainda se encontram sem a devida escritura\u00e7\u00e3o. \u201c\u00c9 um dos nossos projetos que realizamos e que traz dignidade para as fam\u00edlias que vivem h\u00e1 tantos anos com seus im\u00f3veis irregulares. Gradativamente estamos avan\u00e7ando com o Escritura Gurupi, promovendo a legaliza\u00e7\u00e3o dos im\u00f3veis e a seguran\u00e7a aos moradores de que eles s\u00e3o propriet\u00e1rios de fato e de direito das suas casas\u201d, comentou.<\/p>\n\n\n\n<p>Durante a audi\u00eancia, o secret\u00e1rio Municipal de Desenvolvimento Urbano, Eremilson Leite, destacou que o encontro \u00e9 uma das etapas necess\u00e1rias e fundamentais para a regulariza\u00e7\u00e3o fundi\u00e1ria, pois os moradores podem tirar suas d\u00favidas quanto \u00e0 documenta\u00e7\u00e3o necess\u00e1ria. Ele explicou que ap\u00f3s a audi\u00eancia, \u00e9 feita a topografia do terreno e ser\u00e1 iniciado o cadastro social das fam\u00edlias, depois, a an\u00e1lise jur\u00eddica, o registro em cart\u00f3rio e, por fim, as escrituras.<\/p>\n\n\n\n<p>Darlene Guilherme, que mora no setor h\u00e1 21 anos, chegou \u00e0 audi\u00eancia com o contrato de compra e venda do im\u00f3vel e o sonho de agora poder garantir a escritura. \u201c\u00c9 um sonho antigo, que agora parece estar perto de ser concretizado\u201d, relatou.<\/p>\n\n\n\n<p>O aposentado Ildemar Sampaio se mudou para o Parque Residencial S\u00e3o Jos\u00e9 h\u00e1 mais de 10 anos e durante todo esse tempo vive a inseguran\u00e7a de n\u00e3o ter o documento de seu im\u00f3vel. \u201cTenho apenas o contrato de compra e venda e tenho vontade de ter em m\u00e3os a escritura da minha casa e isso far\u00e1 com que a gente se sinta at\u00e9 mais seguro para poder investir na casa\u201d, disse.<\/p>\n\n\n\n<p><strong>Escritura Gurupi<\/strong><\/p>\n\n\n\n<p>Lan\u00e7ado em fevereiro de 2022 pela Prefeitura de Gurupi, o Programa Escritura Gurupi intensificou as atividades de regulariza\u00e7\u00e3o fundi\u00e1ria no munic\u00edpio e visa proporcionar mais dignidade e seguran\u00e7a jur\u00eddica para 10.400 fam\u00edlias gurupienses que ainda n\u00e3o possuem escrituras de seus im\u00f3veis.<\/p>\n\n\n\n<p>O programa conta com a parceria do Tribunal de Justi\u00e7a do Estado do Tocantins, por meio do N\u00facleo de Preven\u00e7\u00e3o e Regulariza\u00e7\u00e3o Fundi\u00e1ria (Nupref); do Governo do Tocantins, por meio da Companhia Imobili\u00e1ria de Participa\u00e7\u00f5es, Investimentos e Parcerias (Tocantins Parcerias), e do Cart\u00f3rio de Registro de Im\u00f3veis de Gurupi.<\/p>\n\n\n\n<figure class=\"wp-block-image size-full\"><img loading=\"lazy\" decoding=\"async\" width=\"877\" height=\"486\" src=\"https:\/\/focotocantinense.com.br\/wp-content\/uploads\/2024\/05\/AAA-5.jpg\" alt=\"\" class=\"wp-image-7630\" srcset=\"https:\/\/focotocantinense.com.br\/wp-content\/uploads\/2024\/05\/AAA-5.jpg 877w, https:\/\/focotocantinense.com.br\/wp-content\/uploads\/2024\/05\/AAA-5-300x166.jpg 300w, https:\/\/focotocantinense.com.br\/wp-content\/uploads\/2024\/05\/AAA-5-768x426.jpg 768w\" sizes=\"auto, (max-width: 877px) 100vw, 877px\" \/><\/figure>\n\n\n\n<p><\/p>\n\n\n\n<figure class=\"wp-block-image size-full\"><img loading=\"lazy\" decoding=\"async\" width=\"843\" height=\"251\" src=\"https:\/\/focotocantinense.com.br\/wp-content\/uploads\/2024\/05\/VINI_181-11.jpg\" alt=\"\" class=\"wp-image-7626\" srcset=\"https:\/\/focotocantinense.com.br\/wp-content\/uploads\/2024\/05\/VINI_181-11.jpg 843w, https:\/\/focotocantinense.com.br\/wp-content\/uploads\/2024\/05\/VINI_181-11-300x89.jpg 300w, https:\/\/focotocantinense.com.br\/wp-content\/uploads\/2024\/05\/VINI_181-11-768x229.jpg 768w\" sizes=\"auto, (max-width: 843px) 100vw, 843px\" \/><\/figure>\n","protected":false},"excerpt":{"rendered":"<p>Com o objetivo de iniciar o processo de regulariza\u00e7\u00e3o fundi\u00e1ria do setor Parque Residencial S\u00e3o Jos\u00e9 e orientar os moradores sobre cada etapa necess\u00e1ria, a Prefeitura de Gurupi, por meio da Secretaria Municipal de Desenvolvimento Urbano, realizou na noite desta quinta-feira, 23, uma audi\u00eancia p\u00fablica com moradores.&nbsp; A iniciativa faz parte do programa \u201cEscritura Gurupi\u201d &hellip;<\/p>\n","protected":false},"author":5,"featured_media":7630,"comment_status":"open","ping_status":"open","sticky":false,"template":"","format":"standard","meta":{"footnotes":""},"categories":[38],"tags":[],"class_list":["post-7629","post","type-post","status-publish","format-standard","has-post-thumbnail","","category-gurupi"],"_links":{"self":[{"href":"https:\/\/focotocantinense.com.br\/index.php?rest_route=\/wp\/v2\/posts\/7629","targetHints":{"allow":["GET"]}}],"collection":[{"href":"https:\/\/focotocantinense.com.br\/index.php?rest_route=\/wp\/v2\/posts"}],"about":[{"href":"https:\/\/focotocantinense.com.br\/index.php?rest_route=\/wp\/v2\/types\/post"}],"author":[{"embeddable":true,"href":"https:\/\/focotocantinense.com.br\/index.php?rest_route=\/wp\/v2\/users\/5"}],"replies":[{"embeddable":true,"href":"https:\/\/focotocantinense.com.br\/index.php?rest_route=%2Fwp%2Fv2%2Fcomments&post=7629"}],"version-history":[{"count":1,"href":"https:\/\/focotocantinense.com.br\/index.php?rest_route=\/wp\/v2\/posts\/7629\/revisions"}],"predecessor-version":[{"id":7631,"href":"https:\/\/focotocantinense.com.br\/index.php?rest_route=\/wp\/v2\/posts\/7629\/revisions\/7631"}],"wp:featuredmedia":[{"embeddable":true,"href":"https:\/\/focotocantinense.com.br\/index.php?rest_route=\/wp\/v2\/media\/7630"}],"wp:attachment":[{"href":"https:\/\/focotocantinense.com.br\/index.php?rest_route=%2Fwp%2Fv2%2Fmedia&parent=7629"}],"wp:term":[{"taxonomy":"category","embeddable":true,"href":"https:\/\/focotocantinense.com.br\/index.php?rest_route=%2Fwp%2Fv2%2Fcategories&post=7629"},{"taxonomy":"post_tag","embeddable":true,"href":"https:\/\/focotocantinense.com.br\/index.php?rest_route=%2Fwp%2Fv2%2Ftags&post=7629"}],"curies":[{"name":"wp","href":"https:\/\/api.w.org\/{rel}","templated":true}]}}