{"id":7624,"date":"2024-05-24T20:19:54","date_gmt":"2024-05-24T23:19:54","guid":{"rendered":"https:\/\/focotocantinense.com.br\/?p=7624"},"modified":"2024-05-24T20:19:54","modified_gmt":"2024-05-24T23:19:54","slug":"em-tocantinia-a-escola-municipal-benvindo-souza-luz-elege-nova-diretoria-do-gremio-estudantil","status":"publish","type":"post","link":"https:\/\/focotocantinense.com.br\/?p=7624","title":{"rendered":"Em Tocant\u00ednia, a Escola Municipal Benvindo Souza Luz elege nova diretoria do Gr\u00eamio Estudantil"},"content":{"rendered":"\n<p><strong>Por Zacarias Martins<\/strong><\/p>\n\n\n\n<p>A Chapa 01, denominada de For\u00e7a e Coragem,&nbsp; foi a grande &nbsp;vencedora da elei\u00e7\u00e3o para a nova diretoria do Gr\u00eamio Estudantil da Escola Municipal Benvindo Souza Luz, localizada no Assentamento \u00c1gua Fria II, munic\u00edpio de Tocant\u00ednia.<\/p>\n\n\n\n<p>O processo de vota\u00e7\u00e3o aconteceu na quinta-feira, 23, tendo tr\u00eas chapas na disputa.&nbsp; Ap\u00f3s a contagem de votos que aconteceu nesta sexta-feira dia 24, constatou-se &nbsp;&nbsp;a vit\u00f3ria da Chapa 1, com 40 votos. &nbsp;&nbsp;A Chapa 02, &nbsp;tendo \u00e0 frente&nbsp; a aluna Lorena Santos, &nbsp;&nbsp;obteve 11, &nbsp;e a&nbsp; &nbsp;Chapa 03, &nbsp;encabe\u00e7ada pelo aluno Francisco Heitor, conquistou 13 votos.<\/p>\n\n\n\n<p>Com esse resultado, a Diretoria da Chapa 01 &#8211; &nbsp;For\u00e7a e Coragem,&nbsp; &nbsp;foi empossada e ficou assim constitu\u00edda:<\/p>\n\n\n\n<p><strong>Presidente:<\/strong>&nbsp;Thiago Pereira<\/p>\n\n\n\n<p><strong>Vice-presidente:<\/strong>&nbsp;Ana Lu\u00edsa<\/p>\n\n\n\n<p><strong>Secret\u00e1ria Geral:<\/strong>&nbsp;Jaqueline Alves<\/p>\n\n\n\n<p><strong>1\u00aa&nbsp;Secret\u00e1ria:<\/strong>&nbsp;Hiorrane Larisse<\/p>\n\n\n\n<p><strong>Tesoureiro Geral:<\/strong>&nbsp;Marcos Felipe<\/p>\n\n\n\n<p><strong>1\u00b0 Tesoureiro:<\/strong>&nbsp;Jo\u00e3o Emanuel<\/p>\n\n\n\n<p><strong>Diretora Social:<\/strong>&nbsp;Jeane Sofia<\/p>\n\n\n\n<p><strong>Diretora de Imprensa:<\/strong>&nbsp;Brunna Kaoanna<\/p>\n\n\n\n<p><strong>Diretor de Esportes:<\/strong>&nbsp;Jo\u00e3o Pedro Coutinho Diretora de cultura: Ana Clara Barbosa.<\/p>\n\n\n\n<p><strong>Diretor de Sa\u00fade e Meio Ambiente:<\/strong>&nbsp;Mikael Fernandes.<\/p>\n\n\n\n<p><strong>Agradecimentos<\/strong><\/p>\n\n\n\n<p>O novo presidente do Gr\u00eamio Estudantil, Thiago Pereira fez o uso da palavra para agradecer os votos recebidos e falou tamb\u00e9m que estava muito feliz com a vit\u00f3ria, se comprometendo ser atuante na representatividade dos alunos.<\/p>\n\n\n\n<p>O processo eleitoral integra mais uma a\u00e7\u00e3o do &nbsp;PPP &nbsp;&#8211; Projeto Pol\u00edtico Pedag\u00f3gico daquela unidade escolar, que tem como gestor o professor Nilton Nonato da Costa Gomes.<\/p>\n\n\n\n<p><strong>A import\u00e2ncia do Gr\u00eamio Estudantil<\/strong><\/p>\n\n\n\n<p>O professor Nilton fez quest\u00e3o de destacar que a import\u00e2ncia de um Gr\u00eamio Estudantil \u00e9 demonstrada pela capacidade de envolver ativamente os alunos nas discuss\u00f5es do ambiente escolar e na sociedade como um todo, proporcionando um canal para que os estudantes expressem suas preocupa\u00e7\u00f5es e sugest\u00f5es, muitas vezes n\u00e3o percebidas pela diretoria ou pelos professores, que podem n\u00e3o estar totalmente familiarizados com a realidade dos alunos.<\/p>\n\n\n\n<p>\u201cParticipar de um Gr\u00eamio proporciona aos estudantes experi\u00eancias de cidadania, conceitos de um sistema democr\u00e1tico, responsabilidade pol\u00edtica, e ainda desenvolver habilidades como: tomada de decis\u00f5es, comunica\u00e7\u00e3o e gest\u00e3o financeira\u201d, concluiu o gestor.<\/p>\n\n\n\n<figure class=\"wp-block-image size-full\"><img loading=\"lazy\" decoding=\"async\" width=\"761\" height=\"453\" src=\"https:\/\/focotocantinense.com.br\/wp-content\/uploads\/2024\/05\/DIRETORIA-ELEITA.jpg\" alt=\"\" class=\"wp-image-7625\" srcset=\"https:\/\/focotocantinense.com.br\/wp-content\/uploads\/2024\/05\/DIRETORIA-ELEITA.jpg 761w, https:\/\/focotocantinense.com.br\/wp-content\/uploads\/2024\/05\/DIRETORIA-ELEITA-300x179.jpg 300w\" sizes=\"auto, (max-width: 761px) 100vw, 761px\" \/><\/figure>\n\n\n\n<p><strong>Diretoria eleita para o Gr\u00eamio Estudantil<\/strong><\/p>\n\n\n\n<figure class=\"wp-block-image size-full is-resized\"><img loading=\"lazy\" decoding=\"async\" width=\"667\" height=\"590\" src=\"https:\/\/focotocantinense.com.br\/wp-content\/uploads\/2024\/05\/O-processo-eleitoral-movimentou-alunos-e-professores-da-escola.jpg\" alt=\"\" class=\"wp-image-7627\" style=\"width:818px;height:auto\" srcset=\"https:\/\/focotocantinense.com.br\/wp-content\/uploads\/2024\/05\/O-processo-eleitoral-movimentou-alunos-e-professores-da-escola.jpg 667w, https:\/\/focotocantinense.com.br\/wp-content\/uploads\/2024\/05\/O-processo-eleitoral-movimentou-alunos-e-professores-da-escola-300x265.jpg 300w\" sizes=\"auto, (max-width: 667px) 100vw, 667px\" \/><\/figure>\n\n\n\n<p><strong><em>O processo eleiroral  envolveu alunos e professores da escola.<\/em><\/strong><\/p>\n\n\n\n<figure class=\"wp-block-image size-full\"><img loading=\"lazy\" decoding=\"async\" width=\"843\" height=\"251\" src=\"https:\/\/focotocantinense.com.br\/wp-content\/uploads\/2024\/05\/VINI_181-11.jpg\" alt=\"\" class=\"wp-image-7626\" srcset=\"https:\/\/focotocantinense.com.br\/wp-content\/uploads\/2024\/05\/VINI_181-11.jpg 843w, https:\/\/focotocantinense.com.br\/wp-content\/uploads\/2024\/05\/VINI_181-11-300x89.jpg 300w, https:\/\/focotocantinense.com.br\/wp-content\/uploads\/2024\/05\/VINI_181-11-768x229.jpg 768w\" sizes=\"auto, (max-width: 843px) 100vw, 843px\" \/><\/figure>\n","protected":false},"excerpt":{"rendered":"<p>Por Zacarias Martins A Chapa 01, denominada de For\u00e7a e Coragem,&nbsp; foi a grande &nbsp;vencedora da elei\u00e7\u00e3o para a nova diretoria do Gr\u00eamio Estudantil da Escola Municipal Benvindo Souza Luz, localizada no Assentamento \u00c1gua Fria II, munic\u00edpio de Tocant\u00ednia. O processo de vota\u00e7\u00e3o aconteceu na quinta-feira, 23, tendo tr\u00eas chapas na disputa.&nbsp; Ap\u00f3s a contagem &hellip;<\/p>\n","protected":false},"author":5,"featured_media":7625,"comment_status":"open","ping_status":"open","sticky":false,"template":"","format":"standard","meta":{"footnotes":""},"categories":[78],"tags":[],"class_list":["post-7624","post","type-post","status-publish","format-standard","has-post-thumbnail","","category-tocantinia"],"_links":{"self":[{"href":"https:\/\/focotocantinense.com.br\/index.php?rest_route=\/wp\/v2\/posts\/7624","targetHints":{"allow":["GET"]}}],"collection":[{"href":"https:\/\/focotocantinense.com.br\/index.php?rest_route=\/wp\/v2\/posts"}],"about":[{"href":"https:\/\/focotocantinense.com.br\/index.php?rest_route=\/wp\/v2\/types\/post"}],"author":[{"embeddable":true,"href":"https:\/\/focotocantinense.com.br\/index.php?rest_route=\/wp\/v2\/users\/5"}],"replies":[{"embeddable":true,"href":"https:\/\/focotocantinense.com.br\/index.php?rest_route=%2Fwp%2Fv2%2Fcomments&post=7624"}],"version-history":[{"count":1,"href":"https:\/\/focotocantinense.com.br\/index.php?rest_route=\/wp\/v2\/posts\/7624\/revisions"}],"predecessor-version":[{"id":7628,"href":"https:\/\/focotocantinense.com.br\/index.php?rest_route=\/wp\/v2\/posts\/7624\/revisions\/7628"}],"wp:featuredmedia":[{"embeddable":true,"href":"https:\/\/focotocantinense.com.br\/index.php?rest_route=\/wp\/v2\/media\/7625"}],"wp:attachment":[{"href":"https:\/\/focotocantinense.com.br\/index.php?rest_route=%2Fwp%2Fv2%2Fmedia&parent=7624"}],"wp:term":[{"taxonomy":"category","embeddable":true,"href":"https:\/\/focotocantinense.com.br\/index.php?rest_route=%2Fwp%2Fv2%2Fcategories&post=7624"},{"taxonomy":"post_tag","embeddable":true,"href":"https:\/\/focotocantinense.com.br\/index.php?rest_route=%2Fwp%2Fv2%2Ftags&post=7624"}],"curies":[{"name":"wp","href":"https:\/\/api.w.org\/{rel}","templated":true}]}}