{"id":7621,"date":"2024-05-22T21:04:06","date_gmt":"2024-05-23T00:04:06","guid":{"rendered":"https:\/\/focotocantinense.com.br\/?p=7621"},"modified":"2024-05-22T21:04:07","modified_gmt":"2024-05-23T00:04:07","slug":"feira-gurupi-tem-valoriza-a-economia-local-e-cultura-regional-em-gurupi","status":"publish","type":"post","link":"https:\/\/focotocantinense.com.br\/?p=7621","title":{"rendered":"Feira Gurupi Tem valoriza a economia local e cultura regional em Gurupi"},"content":{"rendered":"\n<p><\/p>\n\n\n\n<p><em><strong>Evento movimenta a cidade com programa\u00e7\u00e3o diversificada e novidades para os visitantes<\/strong><\/em><\/p>\n\n\n\n<p>&nbsp;Entre os dias 05 e 08 de junho, a cidade de Gurupi recebe a 4\u00aa edi\u00e7\u00e3o da Gurupi Tem, a maior feira de neg\u00f3cios da regi\u00e3o sul do Estado. O evento, realizado pelo Sebrae Tocantins, tem o objetivo aquecer a economia local, destacar as potencialidades da regi\u00e3o e oferecer um espa\u00e7o de entretenimento para o p\u00fablico.<\/p>\n\n\n\n<p>A programa\u00e7\u00e3o inclui exposi\u00e7\u00e3o de produtos e servi\u00e7os de Gurupi, apresenta\u00e7\u00f5es culturais, desfiles de moda, desfile pet e infantil, al\u00e9m de presen\u00e7a e artistas regionais.<\/p>\n\n\n\n<p>Al\u00e9m da \u00e1rea de mais de 6m\u00b2, a novidade deste ano na feira \u00e9 a Arena Beleza e a Expo Beleza, que prometem atrair ainda mais visitantes interessados em conhecer e adquirir produtos e servi\u00e7os locais.<\/p>\n\n\n\n<p>Paula Alencar, gerente do Sebrae, explica que a Gurupi Tem \u00e9 uma forma de viabilizar as potencialidades locais com fomento \u00e0 economia, gera\u00e7\u00e3o de renda e empregos indiretos. \u201cApostamos em uma programa\u00e7\u00e3o inovadora, cheia de conhecimentos e cultural. Nossa proposta \u00e9 dar mais valores \u00e0s marcas e produtos do nosso munic\u00edpio&#8221;, destaca.<\/p>\n\n\n\n<p>Nas tr\u00eas edi\u00e7\u00f5es anteriores, a feira gerou mais de 10 milh\u00f5es em neg\u00f3cios e contou com a participa\u00e7\u00e3o de 305 expositores e aproximadamente 40.000 visitantes. Para 2024, a previs\u00e3o \u00e9 de um p\u00fablico de 30 mil visitantes, 138 expositores e mais de 25 milh\u00f5es em gera\u00e7\u00e3o de neg\u00f3cios. Os empreendedores que tiverem interesse em expor na feira, podem procurar o Sebrae em Gurupi.<\/p>\n\n\n\n<p>A Gurupi Tem \u00e9 uma oportunidade para empres\u00e1rios locais exporem seus produtos e servi\u00e7os, al\u00e9m de gerar entretenimento e cultura para toda a comunidade.\u00a0<\/p>\n\n\n\n<figure class=\"wp-block-image size-full is-resized\"><img loading=\"lazy\" decoding=\"async\" width=\"522\" height=\"518\" src=\"https:\/\/focotocantinense.com.br\/wp-content\/uploads\/2024\/05\/LINA-3.jpg\" alt=\"\" class=\"wp-image-7622\" style=\"width:435px;height:auto\" srcset=\"https:\/\/focotocantinense.com.br\/wp-content\/uploads\/2024\/05\/LINA-3.jpg 522w, https:\/\/focotocantinense.com.br\/wp-content\/uploads\/2024\/05\/LINA-3-300x298.jpg 300w, https:\/\/focotocantinense.com.br\/wp-content\/uploads\/2024\/05\/LINA-3-150x150.jpg 150w\" sizes=\"auto, (max-width: 522px) 100vw, 522px\" \/><\/figure>\n\n\n\n<p><\/p>\n\n\n\n<figure class=\"wp-block-image size-full\"><img loading=\"lazy\" decoding=\"async\" width=\"843\" height=\"251\" src=\"https:\/\/focotocantinense.com.br\/wp-content\/uploads\/2024\/05\/VINI_181-10.jpg\" alt=\"\" class=\"wp-image-7618\" srcset=\"https:\/\/focotocantinense.com.br\/wp-content\/uploads\/2024\/05\/VINI_181-10.jpg 843w, https:\/\/focotocantinense.com.br\/wp-content\/uploads\/2024\/05\/VINI_181-10-300x89.jpg 300w, https:\/\/focotocantinense.com.br\/wp-content\/uploads\/2024\/05\/VINI_181-10-768x229.jpg 768w\" sizes=\"auto, (max-width: 843px) 100vw, 843px\" \/><\/figure>\n","protected":false},"excerpt":{"rendered":"<p>Evento movimenta a cidade com programa\u00e7\u00e3o diversificada e novidades para os visitantes &nbsp;Entre os dias 05 e 08 de junho, a cidade de Gurupi recebe a 4\u00aa edi\u00e7\u00e3o da Gurupi Tem, a maior feira de neg\u00f3cios da regi\u00e3o sul do Estado. O evento, realizado pelo Sebrae Tocantins, tem o objetivo aquecer a economia local, destacar &hellip;<\/p>\n","protected":false},"author":5,"featured_media":7622,"comment_status":"open","ping_status":"open","sticky":false,"template":"","format":"standard","meta":{"footnotes":""},"categories":[38],"tags":[],"class_list":["post-7621","post","type-post","status-publish","format-standard","has-post-thumbnail","","category-gurupi"],"_links":{"self":[{"href":"https:\/\/focotocantinense.com.br\/index.php?rest_route=\/wp\/v2\/posts\/7621","targetHints":{"allow":["GET"]}}],"collection":[{"href":"https:\/\/focotocantinense.com.br\/index.php?rest_route=\/wp\/v2\/posts"}],"about":[{"href":"https:\/\/focotocantinense.com.br\/index.php?rest_route=\/wp\/v2\/types\/post"}],"author":[{"embeddable":true,"href":"https:\/\/focotocantinense.com.br\/index.php?rest_route=\/wp\/v2\/users\/5"}],"replies":[{"embeddable":true,"href":"https:\/\/focotocantinense.com.br\/index.php?rest_route=%2Fwp%2Fv2%2Fcomments&post=7621"}],"version-history":[{"count":1,"href":"https:\/\/focotocantinense.com.br\/index.php?rest_route=\/wp\/v2\/posts\/7621\/revisions"}],"predecessor-version":[{"id":7623,"href":"https:\/\/focotocantinense.com.br\/index.php?rest_route=\/wp\/v2\/posts\/7621\/revisions\/7623"}],"wp:featuredmedia":[{"embeddable":true,"href":"https:\/\/focotocantinense.com.br\/index.php?rest_route=\/wp\/v2\/media\/7622"}],"wp:attachment":[{"href":"https:\/\/focotocantinense.com.br\/index.php?rest_route=%2Fwp%2Fv2%2Fmedia&parent=7621"}],"wp:term":[{"taxonomy":"category","embeddable":true,"href":"https:\/\/focotocantinense.com.br\/index.php?rest_route=%2Fwp%2Fv2%2Fcategories&post=7621"},{"taxonomy":"post_tag","embeddable":true,"href":"https:\/\/focotocantinense.com.br\/index.php?rest_route=%2Fwp%2Fv2%2Ftags&post=7621"}],"curies":[{"name":"wp","href":"https:\/\/api.w.org\/{rel}","templated":true}]}}