{"id":7616,"date":"2024-05-22T21:00:02","date_gmt":"2024-05-23T00:00:02","guid":{"rendered":"https:\/\/focotocantinense.com.br\/?p=7616"},"modified":"2024-05-22T21:00:04","modified_gmt":"2024-05-23T00:00:04","slug":"prefeitura-de-gurupi-lanca-projeto-acolhendo-as-cores-para-atendimento-a-pessoas-com-tea-e-tdha","status":"publish","type":"post","link":"https:\/\/focotocantinense.com.br\/?p=7616","title":{"rendered":"Prefeitura de Gurupi lan\u00e7a projeto &#8220;Acolhendo as Cores&#8221; para atendimento a pessoas com TEA e TDHA"},"content":{"rendered":"\n<p>As crian\u00e7as com Transtorno do Espectro Autista (TEA) ou Transtorno do D\u00e9ficit de Aten\u00e7\u00e3o com Hiperatividade (TDAH) do Munic\u00edpio de Gurupi ter\u00e3o atendimento gratuito na rede de sa\u00fade municipal.<\/p>\n\n\n\n<p>O p\u00fablico ser\u00e1 atendido por meio do projeto &#8220;Acolhendo as Cores&#8221;, implementado pela Prefeitura de Gurupi, por meio da Secretaria Municipal de Sa\u00fade (Semus), neste m\u00eas de maio. Os atendimentos ser\u00e3o realizados na Unidade de Sa\u00fade da Fam\u00edlia (USF) Ney Luz, no setor Nova Fronteira, a partir da pr\u00f3xima segunda-feira, 27.<\/p>\n\n\n\n<p>O projeto &#8220;Acolhendo as Cores&#8221; ir\u00e1 proporcionar um atendimento multidisciplinar e especializado, incluindo servi\u00e7os de neuropediatra, psiquiatra, psic\u00f3logos, fonoaudi\u00f3logo, fisioterapeutas, assistente social, nutricionista e terapeuta ocupacional.<\/p>\n\n\n\n<p>Para a secret\u00e1ria de Sa\u00fade, Luana Nunes, a iniciativa representa um grande avan\u00e7o no cuidado de pessoas com TEA ou TDAH no munic\u00edpio. &#8220;Lutamos muito por isso e finalmente conseguimos. Esta semana n\u00f3s entraremos em contato com os pacientes da APAE para o retorno dos atendimentos que j\u00e1 eram feitos nas unidades. Tamb\u00e9m entraremos em contato com os pacientes que est\u00e3o na fila da regula\u00e7\u00e3o para as outras especialidades&#8221;, afirmou a secret\u00e1ria.<\/p>\n\n\n\n<figure class=\"wp-block-image size-full is-resized\"><img loading=\"lazy\" decoding=\"async\" width=\"779\" height=\"519\" src=\"https:\/\/focotocantinense.com.br\/wp-content\/uploads\/2024\/05\/bbb-1.jpg\" alt=\"\" class=\"wp-image-7619\" style=\"width:409px;height:auto\" srcset=\"https:\/\/focotocantinense.com.br\/wp-content\/uploads\/2024\/05\/bbb-1.jpg 779w, https:\/\/focotocantinense.com.br\/wp-content\/uploads\/2024\/05\/bbb-1-300x200.jpg 300w, https:\/\/focotocantinense.com.br\/wp-content\/uploads\/2024\/05\/bbb-1-768x512.jpg 768w\" sizes=\"auto, (max-width: 779px) 100vw, 779px\" \/><\/figure>\n\n\n\n<p>Os primeiros pacientes atendidos ser\u00e3o os alunos da APAE que j\u00e1 eram assistidos pelo Munic\u00edpio, e n\u00e3o precisar\u00e3o de novo encaminhamento. Pacientes que possuem encaminhamentos entregues na regula\u00e7\u00e3o tamb\u00e9m ser\u00e3o contatados para iniciar o tratamento. Quem precisar de acompanhamento ou algum paciente que necessite de novas especialidades para as quais ainda n\u00e3o tem encaminhamento, deve seguir o tr\u00e2mite normal da regula\u00e7\u00e3o: procurar a USF, passar pela consulta e ser encaminhado.<\/p>\n\n\n\n<p>A Central de Controle e Regula\u00e7\u00e3o da Semus est\u00e1 dispon\u00edvel para esclarecer quaisquer d\u00favidas dos pacientes ou interessados em buscar atendimento, basta entrar em contato pelos telefones: Mais informa\u00e7\u00f5es: (63) 9 9117-1966, 3315-0082 ou 3315-0086. A partir de segunda-feira, a UBS Ney Luz, localizada no setor Nova Fronteira, estar\u00e1 aberta para atender a partir das 7h.<\/p>\n\n\n\n<figure class=\"wp-block-image size-full\"><img loading=\"lazy\" decoding=\"async\" width=\"889\" height=\"505\" src=\"https:\/\/focotocantinense.com.br\/wp-content\/uploads\/2024\/05\/LINA-2.jpg\" alt=\"\" class=\"wp-image-7617\" srcset=\"https:\/\/focotocantinense.com.br\/wp-content\/uploads\/2024\/05\/LINA-2.jpg 889w, https:\/\/focotocantinense.com.br\/wp-content\/uploads\/2024\/05\/LINA-2-300x170.jpg 300w, https:\/\/focotocantinense.com.br\/wp-content\/uploads\/2024\/05\/LINA-2-768x436.jpg 768w\" sizes=\"auto, (max-width: 889px) 100vw, 889px\" \/><\/figure>\n\n\n\n<p><\/p>\n\n\n\n<figure class=\"wp-block-image size-full\"><img loading=\"lazy\" decoding=\"async\" width=\"843\" height=\"251\" src=\"https:\/\/focotocantinense.com.br\/wp-content\/uploads\/2024\/05\/VINI_181-10.jpg\" alt=\"\" class=\"wp-image-7618\" srcset=\"https:\/\/focotocantinense.com.br\/wp-content\/uploads\/2024\/05\/VINI_181-10.jpg 843w, https:\/\/focotocantinense.com.br\/wp-content\/uploads\/2024\/05\/VINI_181-10-300x89.jpg 300w, https:\/\/focotocantinense.com.br\/wp-content\/uploads\/2024\/05\/VINI_181-10-768x229.jpg 768w\" sizes=\"auto, (max-width: 843px) 100vw, 843px\" \/><\/figure>\n","protected":false},"excerpt":{"rendered":"<p>As crian\u00e7as com Transtorno do Espectro Autista (TEA) ou Transtorno do D\u00e9ficit de Aten\u00e7\u00e3o com Hiperatividade (TDAH) do Munic\u00edpio de Gurupi ter\u00e3o atendimento gratuito na rede de sa\u00fade municipal. O p\u00fablico ser\u00e1 atendido por meio do projeto &#8220;Acolhendo as Cores&#8221;, implementado pela Prefeitura de Gurupi, por meio da Secretaria Municipal de Sa\u00fade (Semus), neste m\u00eas &hellip;<\/p>\n","protected":false},"author":5,"featured_media":7617,"comment_status":"open","ping_status":"open","sticky":false,"template":"","format":"standard","meta":{"footnotes":""},"categories":[38],"tags":[],"class_list":["post-7616","post","type-post","status-publish","format-standard","has-post-thumbnail","","category-gurupi"],"_links":{"self":[{"href":"https:\/\/focotocantinense.com.br\/index.php?rest_route=\/wp\/v2\/posts\/7616","targetHints":{"allow":["GET"]}}],"collection":[{"href":"https:\/\/focotocantinense.com.br\/index.php?rest_route=\/wp\/v2\/posts"}],"about":[{"href":"https:\/\/focotocantinense.com.br\/index.php?rest_route=\/wp\/v2\/types\/post"}],"author":[{"embeddable":true,"href":"https:\/\/focotocantinense.com.br\/index.php?rest_route=\/wp\/v2\/users\/5"}],"replies":[{"embeddable":true,"href":"https:\/\/focotocantinense.com.br\/index.php?rest_route=%2Fwp%2Fv2%2Fcomments&post=7616"}],"version-history":[{"count":1,"href":"https:\/\/focotocantinense.com.br\/index.php?rest_route=\/wp\/v2\/posts\/7616\/revisions"}],"predecessor-version":[{"id":7620,"href":"https:\/\/focotocantinense.com.br\/index.php?rest_route=\/wp\/v2\/posts\/7616\/revisions\/7620"}],"wp:featuredmedia":[{"embeddable":true,"href":"https:\/\/focotocantinense.com.br\/index.php?rest_route=\/wp\/v2\/media\/7617"}],"wp:attachment":[{"href":"https:\/\/focotocantinense.com.br\/index.php?rest_route=%2Fwp%2Fv2%2Fmedia&parent=7616"}],"wp:term":[{"taxonomy":"category","embeddable":true,"href":"https:\/\/focotocantinense.com.br\/index.php?rest_route=%2Fwp%2Fv2%2Fcategories&post=7616"},{"taxonomy":"post_tag","embeddable":true,"href":"https:\/\/focotocantinense.com.br\/index.php?rest_route=%2Fwp%2Fv2%2Ftags&post=7616"}],"curies":[{"name":"wp","href":"https:\/\/api.w.org\/{rel}","templated":true}]}}