{"id":7610,"date":"2024-05-22T18:59:00","date_gmt":"2024-05-22T21:59:00","guid":{"rendered":"https:\/\/focotocantinense.com.br\/?p=7610"},"modified":"2024-05-22T19:01:38","modified_gmt":"2024-05-22T22:01:38","slug":"presidente-interino-da-camara-de-formoso-do-araguaia-divulga-agenda-de-sessoes-ordinarias-para-maio","status":"publish","type":"post","link":"https:\/\/focotocantinense.com.br\/?p=7610","title":{"rendered":"Presidente interino da C\u00e2mara de Formoso do Araguaia divulga Agenda de Sess\u00f5es Ordin\u00e1rias para maio"},"content":{"rendered":"\n<blockquote class=\"wp-block-quote is-layout-flow wp-block-quote-is-layout-flow\">\n<p><strong>Por Jonas Amaral<\/strong><\/p>\n<\/blockquote>\n\n\n\n<p>O presidente interino da C\u00e2mara Municipal de Formoso do Araguaia, vereador Ad\u00e3o Coutinho, anunciou ontem, dia 21 de maio, a Agenda do m\u00eas de maio das Sess\u00f5es Ordin\u00e1rias que ser\u00e3o realizadas no Plen\u00e1rio da C\u00e2mara Municipal Meroveu Alves Parri\u00e3o.<\/p>\n\n\n\n<p>Conforme divulgado, as Sess\u00f5es ter\u00e3o in\u00edcio nesta quinta-feira, dia 23 de maio, e seguir\u00e3o at\u00e9 a pr\u00f3xima quarta-feira, dia 29 de maio de 2024, sempre iniciando \u00e0s 8 horas da manh\u00e3.<\/p>\n\n\n\n<p>O presidente interino enfatizou a import\u00e2ncia da participa\u00e7\u00e3o ativa da popula\u00e7\u00e3o nas sess\u00f5es, convidando os cidad\u00e3os a acompanharem de perto as proposituras apresentadas e aprovadas pelos vereadores. Essa intera\u00e7\u00e3o \u00e9 fundamental para o fortalecimento da democracia local e para a constru\u00e7\u00e3o de uma cidade cada vez melhor para todos.<\/p>\n\n\n\n<p>A comunidade de Formoso do Araguaia est\u00e1 convidada a participar das sess\u00f5es ordin\u00e1rias, contribuindo com suas opini\u00f5es e sugest\u00f5es para o desenvolvimento do munic\u00edpio.<\/p>\n\n\n\n<p>N\u00e3o perca a oportunidade de acompanhar de perto os trabalhos legislativos e fazer parte desse importante processo democr\u00e1tico. A presen\u00e7a e a participa\u00e7\u00e3o de todos s\u00e3o essenciais para uma gest\u00e3o transparente e eficaz.<\/p>\n\n\n\n<figure class=\"wp-block-image size-large is-resized\"><img loading=\"lazy\" decoding=\"async\" width=\"1024\" height=\"669\" src=\"https:\/\/focotocantinense.com.br\/wp-content\/uploads\/2024\/05\/LINA-1-1024x669.jpg\" alt=\"\" class=\"wp-image-7611\" style=\"width:411px;height:auto\" srcset=\"https:\/\/focotocantinense.com.br\/wp-content\/uploads\/2024\/05\/LINA-1-1024x669.jpg 1024w, https:\/\/focotocantinense.com.br\/wp-content\/uploads\/2024\/05\/LINA-1-300x196.jpg 300w, https:\/\/focotocantinense.com.br\/wp-content\/uploads\/2024\/05\/LINA-1-768x502.jpg 768w, https:\/\/focotocantinense.com.br\/wp-content\/uploads\/2024\/05\/LINA-1.jpg 1496w\" sizes=\"auto, (max-width: 1024px) 100vw, 1024px\" \/><\/figure>\n\n\n\n<p><em><strong>Vereador Ad\u00e3o Coutinho ressalta import\u00e2ncia da participa\u00e7\u00e3o da popula\u00e7\u00e3o nas sess\u00f5es no Plen\u00e1rio da C\u00e2mara Municipal Meroveu Alves Parri\u00e3o<\/strong><\/em><\/p>\n\n\n\n<figure class=\"wp-block-image size-full\"><img loading=\"lazy\" decoding=\"async\" width=\"843\" height=\"251\" src=\"https:\/\/focotocantinense.com.br\/wp-content\/uploads\/2024\/05\/VINI_181-9.jpg\" alt=\"\" class=\"wp-image-7612\" srcset=\"https:\/\/focotocantinense.com.br\/wp-content\/uploads\/2024\/05\/VINI_181-9.jpg 843w, https:\/\/focotocantinense.com.br\/wp-content\/uploads\/2024\/05\/VINI_181-9-300x89.jpg 300w, https:\/\/focotocantinense.com.br\/wp-content\/uploads\/2024\/05\/VINI_181-9-768x229.jpg 768w\" sizes=\"auto, (max-width: 843px) 100vw, 843px\" \/><\/figure>\n","protected":false},"excerpt":{"rendered":"<p>Por Jonas Amaral O presidente interino da C\u00e2mara Municipal de Formoso do Araguaia, vereador Ad\u00e3o Coutinho, anunciou ontem, dia 21 de maio, a Agenda do m\u00eas de maio das Sess\u00f5es Ordin\u00e1rias que ser\u00e3o realizadas no Plen\u00e1rio da C\u00e2mara Municipal Meroveu Alves Parri\u00e3o. Conforme divulgado, as Sess\u00f5es ter\u00e3o in\u00edcio nesta quinta-feira, dia 23 de maio, e &hellip;<\/p>\n","protected":false},"author":5,"featured_media":7611,"comment_status":"open","ping_status":"open","sticky":false,"template":"","format":"standard","meta":{"footnotes":""},"categories":[51],"tags":[],"class_list":["post-7610","post","type-post","status-publish","format-standard","has-post-thumbnail","","category-formoso-do-araguaia"],"_links":{"self":[{"href":"https:\/\/focotocantinense.com.br\/index.php?rest_route=\/wp\/v2\/posts\/7610","targetHints":{"allow":["GET"]}}],"collection":[{"href":"https:\/\/focotocantinense.com.br\/index.php?rest_route=\/wp\/v2\/posts"}],"about":[{"href":"https:\/\/focotocantinense.com.br\/index.php?rest_route=\/wp\/v2\/types\/post"}],"author":[{"embeddable":true,"href":"https:\/\/focotocantinense.com.br\/index.php?rest_route=\/wp\/v2\/users\/5"}],"replies":[{"embeddable":true,"href":"https:\/\/focotocantinense.com.br\/index.php?rest_route=%2Fwp%2Fv2%2Fcomments&post=7610"}],"version-history":[{"count":2,"href":"https:\/\/focotocantinense.com.br\/index.php?rest_route=\/wp\/v2\/posts\/7610\/revisions"}],"predecessor-version":[{"id":7615,"href":"https:\/\/focotocantinense.com.br\/index.php?rest_route=\/wp\/v2\/posts\/7610\/revisions\/7615"}],"wp:featuredmedia":[{"embeddable":true,"href":"https:\/\/focotocantinense.com.br\/index.php?rest_route=\/wp\/v2\/media\/7611"}],"wp:attachment":[{"href":"https:\/\/focotocantinense.com.br\/index.php?rest_route=%2Fwp%2Fv2%2Fmedia&parent=7610"}],"wp:term":[{"taxonomy":"category","embeddable":true,"href":"https:\/\/focotocantinense.com.br\/index.php?rest_route=%2Fwp%2Fv2%2Fcategories&post=7610"},{"taxonomy":"post_tag","embeddable":true,"href":"https:\/\/focotocantinense.com.br\/index.php?rest_route=%2Fwp%2Fv2%2Ftags&post=7610"}],"curies":[{"name":"wp","href":"https:\/\/api.w.org\/{rel}","templated":true}]}}