{"id":7606,"date":"2024-05-22T09:35:47","date_gmt":"2024-05-22T12:35:47","guid":{"rendered":"https:\/\/focotocantinense.com.br\/?p=7606"},"modified":"2024-05-22T09:36:22","modified_gmt":"2024-05-22T12:36:22","slug":"prefeito-de-tocantinia-joao-alberto-participa-em-brasilia-da-25a-edicao-da-marcha-dos-prefeitos","status":"publish","type":"post","link":"https:\/\/focotocantinense.com.br\/?p=7606","title":{"rendered":"Prefeito de Tocant\u00ednia, Jo\u00e3o Alberto, participa em Bras\u00edlia da 25\u00aa edi\u00e7\u00e3o da Marcha dos Prefeitos"},"content":{"rendered":"\n<p>O prefeito, de Tocant\u00ednia, &nbsp;Jo\u00e3o Alberto Coelho Machado, acompanhado da comitiva de vereadores composta pelos parlamentares S\u00e9rgio Caldeira (presidente da C\u00e2mara), Afonso Tavares, Cimar Carvalho, Edney Reis, Isaias Xerente e Reginaldo Xerente, est\u00e1 participando da 25\u00aa Marcha dos Prefeitos, que &nbsp;come\u00e7ou na \u00faltima segunda-feira, &nbsp;dia 20 e termina na quinta-feira, dia 23, em Bras\u00edlia.<\/p>\n\n\n\n<p>O evento re\u00fane &nbsp;prefeitos, vice-prefeitos, vereadores, secret\u00e1rios municipais e diversas autoridades locais em busca de solu\u00e7\u00f5es para quest\u00f5es que s\u00e3o priorit\u00e1rias aos munic\u00edpios. A Marcha a Bras\u00edlia em Defesa dos Munic\u00edpios \u00e9 um evento pol\u00edtico com o maior n\u00famero de autoridades p\u00fablicas reunidas em um \u00fanico local.<\/p>\n\n\n\n<p>Este ano, com o tema Pacto Federativo: um olhar para a popula\u00e7\u00e3o desprotegida, o evento est\u00e1 &nbsp;contando com &nbsp;62 duas horas de programa\u00e7\u00e3o para debater assuntos de interesse dos munic\u00edpios.<\/p>\n\n\n\n<p>\u201dEstou participando juntamente com nossos vereadores da 25\u00aa Marcha dos Prefeitos aqui em Bras\u00edlia, empenhados em buscar melhorias para a Tocant\u00ednia, sobretudo, &nbsp;no que diz respeito \u00e0 tem\u00e1tica da desonera\u00e7\u00e3o da folha de pagamento abordada neste evento\u201d, pontuou prefeito Jo\u00e3o Alberto.<\/p>\n\n\n\n<figure class=\"wp-block-image size-full is-resized\"><img loading=\"lazy\" decoding=\"async\" width=\"847\" height=\"502\" src=\"https:\/\/focotocantinense.com.br\/wp-content\/uploads\/2024\/05\/LINA.jpg\" alt=\"\" class=\"wp-image-7607\" style=\"width:407px;height:auto\" srcset=\"https:\/\/focotocantinense.com.br\/wp-content\/uploads\/2024\/05\/LINA.jpg 847w, https:\/\/focotocantinense.com.br\/wp-content\/uploads\/2024\/05\/LINA-300x178.jpg 300w, https:\/\/focotocantinense.com.br\/wp-content\/uploads\/2024\/05\/LINA-768x455.jpg 768w\" sizes=\"auto, (max-width: 847px) 100vw, 847px\" \/><\/figure>\n\n\n\n<p><\/p>\n\n\n\n<figure class=\"wp-block-image size-full\"><img loading=\"lazy\" decoding=\"async\" width=\"843\" height=\"251\" src=\"https:\/\/focotocantinense.com.br\/wp-content\/uploads\/2024\/05\/VINI_181-8.jpg\" alt=\"\" class=\"wp-image-7594\" srcset=\"https:\/\/focotocantinense.com.br\/wp-content\/uploads\/2024\/05\/VINI_181-8.jpg 843w, https:\/\/focotocantinense.com.br\/wp-content\/uploads\/2024\/05\/VINI_181-8-300x89.jpg 300w, https:\/\/focotocantinense.com.br\/wp-content\/uploads\/2024\/05\/VINI_181-8-768x229.jpg 768w\" sizes=\"auto, (max-width: 843px) 100vw, 843px\" \/><\/figure>\n","protected":false},"excerpt":{"rendered":"<p>O prefeito, de Tocant\u00ednia, &nbsp;Jo\u00e3o Alberto Coelho Machado, acompanhado da comitiva de vereadores composta pelos parlamentares S\u00e9rgio Caldeira (presidente da C\u00e2mara), Afonso Tavares, Cimar Carvalho, Edney Reis, Isaias Xerente e Reginaldo Xerente, est\u00e1 participando da 25\u00aa Marcha dos Prefeitos, que &nbsp;come\u00e7ou na \u00faltima segunda-feira, &nbsp;dia 20 e termina na quinta-feira, dia 23, em Bras\u00edlia. O &hellip;<\/p>\n","protected":false},"author":5,"featured_media":7607,"comment_status":"open","ping_status":"open","sticky":false,"template":"","format":"standard","meta":{"footnotes":""},"categories":[78],"tags":[],"class_list":["post-7606","post","type-post","status-publish","format-standard","has-post-thumbnail","","category-tocantinia"],"_links":{"self":[{"href":"https:\/\/focotocantinense.com.br\/index.php?rest_route=\/wp\/v2\/posts\/7606","targetHints":{"allow":["GET"]}}],"collection":[{"href":"https:\/\/focotocantinense.com.br\/index.php?rest_route=\/wp\/v2\/posts"}],"about":[{"href":"https:\/\/focotocantinense.com.br\/index.php?rest_route=\/wp\/v2\/types\/post"}],"author":[{"embeddable":true,"href":"https:\/\/focotocantinense.com.br\/index.php?rest_route=\/wp\/v2\/users\/5"}],"replies":[{"embeddable":true,"href":"https:\/\/focotocantinense.com.br\/index.php?rest_route=%2Fwp%2Fv2%2Fcomments&post=7606"}],"version-history":[{"count":2,"href":"https:\/\/focotocantinense.com.br\/index.php?rest_route=\/wp\/v2\/posts\/7606\/revisions"}],"predecessor-version":[{"id":7609,"href":"https:\/\/focotocantinense.com.br\/index.php?rest_route=\/wp\/v2\/posts\/7606\/revisions\/7609"}],"wp:featuredmedia":[{"embeddable":true,"href":"https:\/\/focotocantinense.com.br\/index.php?rest_route=\/wp\/v2\/media\/7607"}],"wp:attachment":[{"href":"https:\/\/focotocantinense.com.br\/index.php?rest_route=%2Fwp%2Fv2%2Fmedia&parent=7606"}],"wp:term":[{"taxonomy":"category","embeddable":true,"href":"https:\/\/focotocantinense.com.br\/index.php?rest_route=%2Fwp%2Fv2%2Fcategories&post=7606"},{"taxonomy":"post_tag","embeddable":true,"href":"https:\/\/focotocantinense.com.br\/index.php?rest_route=%2Fwp%2Fv2%2Ftags&post=7606"}],"curies":[{"name":"wp","href":"https:\/\/api.w.org\/{rel}","templated":true}]}}