{"id":7591,"date":"2024-05-20T17:26:09","date_gmt":"2024-05-20T20:26:09","guid":{"rendered":"https:\/\/focotocantinense.com.br\/?p=7591"},"modified":"2024-05-20T17:37:57","modified_gmt":"2024-05-20T20:37:57","slug":"com-apoio-do-vereador-napoleao-dionisio-festa-das-maes-movimenta-lagoa-da-confusao","status":"publish","type":"post","link":"https:\/\/focotocantinense.com.br\/?p=7591","title":{"rendered":"Com apoio do vereador Napole\u00e3o Dion\u00edsio, Festa das M\u00e3es movimenta Lagoa da Confus\u00e3o"},"content":{"rendered":"\n<p><\/p>\n\n\n\n<p><strong>Por Zacarias Martins<\/strong><\/p>\n\n\n\n<p>Pelo 30\u00ba ano consecutivo, a dona de casa Rita Dion\u00edsio, de Lagoa da Confus\u00e3o, promoveu a sua &nbsp;j\u00e1 tradicional Festa das M\u00e3es, na Ch\u00e1cara &nbsp;2 Irm\u00e3os. Ela \u00e9 m\u00e3e do vereador&nbsp; Napole\u00e3o Dion\u00edsio, que n\u00e3o poupou esfor\u00e7os para que a festa repetisse o sucesso das edi\u00e7\u00f5es dos anos anteriores.<br><br>O evento aconteceu no domingo, dia 19, com direito a uma movimentada programa\u00e7\u00e3o festiva, que teve churrasco, m\u00fasica gospel e sorteio de brindes entre as m\u00e3es presentes ao acontecimento. Houve ainda, um momento devocional com o pastor Rui Abreu.<br><br>Para facilitar &nbsp;o acesso das m\u00e3es que residem em v\u00e1rios setores da cidade at\u00e9 o local da festa, o vereador Napole\u00e3o Dion\u00edsio, filho do casal, disponibilizou o seu Gabinete M\u00f3vel, al\u00e9m de outros ve\u00edculos.<br><br>Ao final, al\u00e9m do almo\u00e7o servido &nbsp;aos convidados, aconteceu, tamb\u00e9m, um momento de ora\u00e7\u00e3o especial pela realiza\u00e7\u00e3o de mais uma edi\u00e7\u00e3o desse evento que j\u00e1 se &nbsp;tornou tradicional na cidade.<\/p>\n\n\n\n<p><\/p>\n\n\n\n<figure class=\"wp-block-image size-full is-resized\"><img loading=\"lazy\" decoding=\"async\" width=\"624\" height=\"499\" src=\"https:\/\/focotocantinense.com.br\/wp-content\/uploads\/2024\/05\/NAPO-E-PM-1.jpg\" alt=\"\" class=\"wp-image-7596\" style=\"width:399px;height:auto\" srcset=\"https:\/\/focotocantinense.com.br\/wp-content\/uploads\/2024\/05\/NAPO-E-PM-1.jpg 624w, https:\/\/focotocantinense.com.br\/wp-content\/uploads\/2024\/05\/NAPO-E-PM-1-300x240.jpg 300w\" sizes=\"auto, (max-width: 624px) 100vw, 624px\" \/><\/figure>\n\n\n\n<p><\/p>\n\n\n\n<figure class=\"wp-block-image size-large\"><img loading=\"lazy\" decoding=\"async\" width=\"1024\" height=\"576\" src=\"https:\/\/focotocantinense.com.br\/wp-content\/uploads\/2024\/05\/1-FESTA-DAS-MAES-1024x576.jpg\" alt=\"\" class=\"wp-image-7592\" srcset=\"https:\/\/focotocantinense.com.br\/wp-content\/uploads\/2024\/05\/1-FESTA-DAS-MAES-1024x576.jpg 1024w, https:\/\/focotocantinense.com.br\/wp-content\/uploads\/2024\/05\/1-FESTA-DAS-MAES-300x169.jpg 300w, https:\/\/focotocantinense.com.br\/wp-content\/uploads\/2024\/05\/1-FESTA-DAS-MAES-768x432.jpg 768w, https:\/\/focotocantinense.com.br\/wp-content\/uploads\/2024\/05\/1-FESTA-DAS-MAES-1536x864.jpg 1536w, https:\/\/focotocantinense.com.br\/wp-content\/uploads\/2024\/05\/1-FESTA-DAS-MAES-2048x1152.jpg 2048w\" sizes=\"auto, (max-width: 1024px) 100vw, 1024px\" \/><\/figure>\n\n\n\n<p><\/p>\n\n\n\n<p><\/p>\n\n\n\n<figure class=\"wp-block-image size-large is-resized\"><img loading=\"lazy\" decoding=\"async\" width=\"576\" height=\"1024\" src=\"https:\/\/focotocantinense.com.br\/wp-content\/uploads\/2024\/05\/2-FESTA-DAS-MAES-576x1024.jpg\" alt=\"\" class=\"wp-image-7595\" style=\"width:833px;height:auto\" srcset=\"https:\/\/focotocantinense.com.br\/wp-content\/uploads\/2024\/05\/2-FESTA-DAS-MAES-576x1024.jpg 576w, https:\/\/focotocantinense.com.br\/wp-content\/uploads\/2024\/05\/2-FESTA-DAS-MAES-169x300.jpg 169w, https:\/\/focotocantinense.com.br\/wp-content\/uploads\/2024\/05\/2-FESTA-DAS-MAES-768x1365.jpg 768w, https:\/\/focotocantinense.com.br\/wp-content\/uploads\/2024\/05\/2-FESTA-DAS-MAES-864x1536.jpg 864w, https:\/\/focotocantinense.com.br\/wp-content\/uploads\/2024\/05\/2-FESTA-DAS-MAES-1152x2048.jpg 1152w, https:\/\/focotocantinense.com.br\/wp-content\/uploads\/2024\/05\/2-FESTA-DAS-MAES-scaled.jpg 1440w\" sizes=\"auto, (max-width: 576px) 100vw, 576px\" \/><\/figure>\n\n\n\n<p><\/p>\n\n\n\n<figure class=\"wp-block-image size-full is-resized\"><img loading=\"lazy\" decoding=\"async\" width=\"491\" height=\"486\" src=\"https:\/\/focotocantinense.com.br\/wp-content\/uploads\/2024\/05\/3ba2267c-1ec3-480f-ad77-a55c3125d83d.jpg\" alt=\"\" class=\"wp-image-7602\" style=\"width:840px;height:auto\" srcset=\"https:\/\/focotocantinense.com.br\/wp-content\/uploads\/2024\/05\/3ba2267c-1ec3-480f-ad77-a55c3125d83d.jpg 491w, https:\/\/focotocantinense.com.br\/wp-content\/uploads\/2024\/05\/3ba2267c-1ec3-480f-ad77-a55c3125d83d-300x297.jpg 300w\" sizes=\"auto, (max-width: 491px) 100vw, 491px\" \/><\/figure>\n\n\n\n<p><\/p>\n\n\n\n<p><\/p>\n\n\n\n<figure class=\"wp-block-image size-full\"><img loading=\"lazy\" decoding=\"async\" width=\"843\" height=\"251\" src=\"https:\/\/focotocantinense.com.br\/wp-content\/uploads\/2024\/05\/VINI_181-8.jpg\" alt=\"\" class=\"wp-image-7594\" srcset=\"https:\/\/focotocantinense.com.br\/wp-content\/uploads\/2024\/05\/VINI_181-8.jpg 843w, https:\/\/focotocantinense.com.br\/wp-content\/uploads\/2024\/05\/VINI_181-8-300x89.jpg 300w, https:\/\/focotocantinense.com.br\/wp-content\/uploads\/2024\/05\/VINI_181-8-768x229.jpg 768w\" sizes=\"auto, (max-width: 843px) 100vw, 843px\" \/><\/figure>\n","protected":false},"excerpt":{"rendered":"<p>Por Zacarias Martins Pelo 30\u00ba ano consecutivo, a dona de casa Rita Dion\u00edsio, de Lagoa da Confus\u00e3o, promoveu a sua &nbsp;j\u00e1 tradicional Festa das M\u00e3es, na Ch\u00e1cara &nbsp;2 Irm\u00e3os. Ela \u00e9 m\u00e3e do vereador&nbsp; Napole\u00e3o Dion\u00edsio, que n\u00e3o poupou esfor\u00e7os para que a festa repetisse o sucesso das edi\u00e7\u00f5es dos anos anteriores.O evento aconteceu no &hellip;<\/p>\n","protected":false},"author":5,"featured_media":7592,"comment_status":"open","ping_status":"open","sticky":false,"template":"","format":"standard","meta":{"footnotes":""},"categories":[71],"tags":[],"class_list":["post-7591","post","type-post","status-publish","format-standard","has-post-thumbnail","","category-lagoa-da-confusao"],"_links":{"self":[{"href":"https:\/\/focotocantinense.com.br\/index.php?rest_route=\/wp\/v2\/posts\/7591","targetHints":{"allow":["GET"]}}],"collection":[{"href":"https:\/\/focotocantinense.com.br\/index.php?rest_route=\/wp\/v2\/posts"}],"about":[{"href":"https:\/\/focotocantinense.com.br\/index.php?rest_route=\/wp\/v2\/types\/post"}],"author":[{"embeddable":true,"href":"https:\/\/focotocantinense.com.br\/index.php?rest_route=\/wp\/v2\/users\/5"}],"replies":[{"embeddable":true,"href":"https:\/\/focotocantinense.com.br\/index.php?rest_route=%2Fwp%2Fv2%2Fcomments&post=7591"}],"version-history":[{"count":6,"href":"https:\/\/focotocantinense.com.br\/index.php?rest_route=\/wp\/v2\/posts\/7591\/revisions"}],"predecessor-version":[{"id":7605,"href":"https:\/\/focotocantinense.com.br\/index.php?rest_route=\/wp\/v2\/posts\/7591\/revisions\/7605"}],"wp:featuredmedia":[{"embeddable":true,"href":"https:\/\/focotocantinense.com.br\/index.php?rest_route=\/wp\/v2\/media\/7592"}],"wp:attachment":[{"href":"https:\/\/focotocantinense.com.br\/index.php?rest_route=%2Fwp%2Fv2%2Fmedia&parent=7591"}],"wp:term":[{"taxonomy":"category","embeddable":true,"href":"https:\/\/focotocantinense.com.br\/index.php?rest_route=%2Fwp%2Fv2%2Fcategories&post=7591"},{"taxonomy":"post_tag","embeddable":true,"href":"https:\/\/focotocantinense.com.br\/index.php?rest_route=%2Fwp%2Fv2%2Ftags&post=7591"}],"curies":[{"name":"wp","href":"https:\/\/api.w.org\/{rel}","templated":true}]}}