{"id":7577,"date":"2024-05-18T07:59:41","date_gmt":"2024-05-18T10:59:41","guid":{"rendered":"https:\/\/focotocantinense.com.br\/?p=7577"},"modified":"2024-05-18T08:00:16","modified_gmt":"2024-05-18T11:00:16","slug":"sesc-em-gurupi-recebe-oficina-gratuita-de-arte-educacao-e-contacao-de-historias-indigenas","status":"publish","type":"post","link":"https:\/\/focotocantinense.com.br\/?p=7577","title":{"rendered":"Sesc em Gurupi recebe oficina gratuita de arte-educa\u00e7\u00e3o e conta\u00e7\u00e3o de hist\u00f3rias ind\u00edgenas"},"content":{"rendered":"\n<p>Neste m\u00eas de maio, o&nbsp;Sesc em Gurupi&nbsp;recebe a apresenta\u00e7\u00e3o de conta\u00e7\u00e3o de hist\u00f3rias \u201cSentada na rede, minha av\u00f3 cantava e contava hist\u00f3rias: narrativas orais ind\u00edgenas\u201d&nbsp;e a&nbsp;Oficina de Arte-Educa\u00e7\u00e3o Ind\u00edgena: um territ\u00f3rio criativo de saberes, com a mediadora e arte-educadora&nbsp;Ali\u00e3 Wamiri Guajajara&nbsp;(PI).<\/p>\n\n\n\n<p><strong>Sobre a apresenta\u00e7\u00e3o<\/strong><\/p>\n\n\n\n<p>Na apresenta\u00e7\u00e3o, a artista narra e canta uma s\u00e9rie de hist\u00f3rias que juntas tornam-se palco de mem\u00f3rias da inf\u00e2ncia e cosmovis\u00e3o do seu povo origin\u00e1rio.<\/p>\n\n\n\n<p>A apresenta\u00e7\u00e3o acontece no dia&nbsp;29 de maio, na&nbsp;Biblioteca do Centro de Atividades do Sesc em Gurupi, em dois hor\u00e1rios,&nbsp;\u00e0s 10h e \u00e0s 15h. A classifica\u00e7\u00e3o indicativa \u00e9 livre e a entrada \u00e9&nbsp;gratuita e a dura\u00e7\u00e3o \u00e9 de aproximadamente 40 minutos.<\/p>\n\n\n\n<p><strong>Sobre a oficina<\/strong><\/p>\n\n\n\n<p>Com o objetivo de compartilhar saberes e experi\u00eancias vivenciadas nas aldeias ind\u00edgenas e para demonstrar a diversidade cultural ind\u00edgena do territ\u00f3rio nacional, ser\u00e3o apresentadas narrativas orais, cantos, palavras e ilustra\u00e7\u00f5es tradicionais ind\u00edgenas. Assim, a oficina visa oferecer conte\u00fados e m\u00e9tricas de Arte-educa\u00e7\u00e3o a partir dos saberes ind\u00edgenas, conhecendo, valorizando e incluindo a cultura dos povos origin\u00e1rios com pr\u00e1ticas educativas na sala de aula formal e n\u00e3o formal.<\/p>\n\n\n\n<p>A oficina acontece no dia&nbsp;30 de maio, no&nbsp;Centro de Atividades do Sesc em Gurupi&nbsp;e ser\u00e1 realizada em dois per\u00edodos,&nbsp;das 9h \u00e0s 12h e das 14h \u00e0s 18h, com intervalo para o almo\u00e7o. A classifica\u00e7\u00e3o indicativa \u00e9 para&nbsp;maiores de 18 anos.<\/p>\n\n\n\n<p><strong>Sobre a mediadora<\/strong><\/p>\n\n\n\n<p>Ali\u00e3 Wamiri Guajajara\u00a0\u00e9 graduada em Educa\u00e7\u00e3o Art\u00edstica pela Universidade Federal do Piau\u00ed (UFPI) e tem especializa\u00e7\u00e3o em Educa\u00e7\u00e3o Profissional pelo Instituto Federal do Piau\u00ed (IFPI). Ela tamb\u00e9m \u00e9 educadora art\u00edstica, produtora cultural, fitoterapeuta, ilustradora de literatura infantil e contadora de hist\u00f3rias. Tem experi\u00eancia na \u00e1rea de Arte-educa\u00e7\u00e3o voltados \u00e0 cultura ind\u00edgena para o p\u00fablico infanto-juvenil, educadores e pesquisadores. Atualmente, reside na comunidade Aldeia Ukair, em Teresina (PI), onde \u00e9 lideran\u00e7a espiritual.<\/p>\n\n\n\n<figure class=\"wp-block-image size-full\"><img loading=\"lazy\" decoding=\"async\" width=\"869\" height=\"463\" src=\"https:\/\/focotocantinense.com.br\/wp-content\/uploads\/2024\/05\/aaa-4.jpg\" alt=\"\" class=\"wp-image-7579\" srcset=\"https:\/\/focotocantinense.com.br\/wp-content\/uploads\/2024\/05\/aaa-4.jpg 869w, https:\/\/focotocantinense.com.br\/wp-content\/uploads\/2024\/05\/aaa-4-300x160.jpg 300w, https:\/\/focotocantinense.com.br\/wp-content\/uploads\/2024\/05\/aaa-4-768x409.jpg 768w, https:\/\/focotocantinense.com.br\/wp-content\/uploads\/2024\/05\/aaa-4-310x165.jpg 310w\" sizes=\"auto, (max-width: 869px) 100vw, 869px\" \/><\/figure>\n\n\n\n<p><\/p>\n\n\n\n<figure class=\"wp-block-image size-full\"><img loading=\"lazy\" decoding=\"async\" width=\"843\" height=\"251\" src=\"https:\/\/focotocantinense.com.br\/wp-content\/uploads\/2024\/05\/VINI_181-7.jpg\" alt=\"\" class=\"wp-image-7578\" srcset=\"https:\/\/focotocantinense.com.br\/wp-content\/uploads\/2024\/05\/VINI_181-7.jpg 843w, https:\/\/focotocantinense.com.br\/wp-content\/uploads\/2024\/05\/VINI_181-7-300x89.jpg 300w, https:\/\/focotocantinense.com.br\/wp-content\/uploads\/2024\/05\/VINI_181-7-768x229.jpg 768w\" sizes=\"auto, (max-width: 843px) 100vw, 843px\" \/><\/figure>\n","protected":false},"excerpt":{"rendered":"<p>Neste m\u00eas de maio, o&nbsp;Sesc em Gurupi&nbsp;recebe a apresenta\u00e7\u00e3o de conta\u00e7\u00e3o de hist\u00f3rias \u201cSentada na rede, minha av\u00f3 cantava e contava hist\u00f3rias: narrativas orais ind\u00edgenas\u201d&nbsp;e a&nbsp;Oficina de Arte-Educa\u00e7\u00e3o Ind\u00edgena: um territ\u00f3rio criativo de saberes, com a mediadora e arte-educadora&nbsp;Ali\u00e3 Wamiri Guajajara&nbsp;(PI). Sobre a apresenta\u00e7\u00e3o Na apresenta\u00e7\u00e3o, a artista narra e canta uma s\u00e9rie de hist\u00f3rias &hellip;<\/p>\n","protected":false},"author":5,"featured_media":7579,"comment_status":"open","ping_status":"open","sticky":false,"template":"","format":"standard","meta":{"footnotes":""},"categories":[38,1],"tags":[],"class_list":["post-7577","post","type-post","status-publish","format-standard","has-post-thumbnail","","category-gurupi","category-sem-categoria"],"_links":{"self":[{"href":"https:\/\/focotocantinense.com.br\/index.php?rest_route=\/wp\/v2\/posts\/7577","targetHints":{"allow":["GET"]}}],"collection":[{"href":"https:\/\/focotocantinense.com.br\/index.php?rest_route=\/wp\/v2\/posts"}],"about":[{"href":"https:\/\/focotocantinense.com.br\/index.php?rest_route=\/wp\/v2\/types\/post"}],"author":[{"embeddable":true,"href":"https:\/\/focotocantinense.com.br\/index.php?rest_route=\/wp\/v2\/users\/5"}],"replies":[{"embeddable":true,"href":"https:\/\/focotocantinense.com.br\/index.php?rest_route=%2Fwp%2Fv2%2Fcomments&post=7577"}],"version-history":[{"count":1,"href":"https:\/\/focotocantinense.com.br\/index.php?rest_route=\/wp\/v2\/posts\/7577\/revisions"}],"predecessor-version":[{"id":7580,"href":"https:\/\/focotocantinense.com.br\/index.php?rest_route=\/wp\/v2\/posts\/7577\/revisions\/7580"}],"wp:featuredmedia":[{"embeddable":true,"href":"https:\/\/focotocantinense.com.br\/index.php?rest_route=\/wp\/v2\/media\/7579"}],"wp:attachment":[{"href":"https:\/\/focotocantinense.com.br\/index.php?rest_route=%2Fwp%2Fv2%2Fmedia&parent=7577"}],"wp:term":[{"taxonomy":"category","embeddable":true,"href":"https:\/\/focotocantinense.com.br\/index.php?rest_route=%2Fwp%2Fv2%2Fcategories&post=7577"},{"taxonomy":"post_tag","embeddable":true,"href":"https:\/\/focotocantinense.com.br\/index.php?rest_route=%2Fwp%2Fv2%2Ftags&post=7577"}],"curies":[{"name":"wp","href":"https:\/\/api.w.org\/{rel}","templated":true}]}}