{"id":7566,"date":"2024-05-16T21:40:03","date_gmt":"2024-05-17T00:40:03","guid":{"rendered":"https:\/\/focotocantinense.com.br\/?p=7566"},"modified":"2024-05-16T21:46:58","modified_gmt":"2024-05-17T00:46:58","slug":"hospital-dom-orione-lanca-selo-postal-comemorativo-aos-seus-47-anos-de-missao","status":"publish","type":"post","link":"https:\/\/focotocantinense.com.br\/?p=7566","title":{"rendered":"Hospital Dom Orione lan\u00e7a selo postal comemorativo aos seus 47 anos de Miss\u00e3o"},"content":{"rendered":"\n<p><strong><em>Por Rodrigo Martins <\/em><\/strong><\/p>\n\n\n\n<p>O&nbsp;<strong>Hospital Dom Orione<\/strong>, um dos maiores complexos hospitalares do Norte do Brasil, est\u00e1 vivendo um grande momento celebrativo em prepara\u00e7\u00e3o ao seu Jubileu de Ouro. Em 2026 a institui\u00e7\u00e3o completar\u00e1 50 anos de inaugura\u00e7\u00e3o oficial. Nesta quinta-feira, 16 de maio, para marcar seus&nbsp;<strong>47 anos de Miss\u00e3o<\/strong>, o Dom Orione lan\u00e7ou um&nbsp;<strong>selo postal<\/strong>&nbsp;que \u00e9 um tributo \u00e0 dedica\u00e7\u00e3o cont\u00ednua e ao trabalho altru\u00edsta realizado por todos os envolvidos na obra ao longo dos anos.<\/p>\n\n\n\n<p>A cerim\u00f4nia de lan\u00e7amento foi realizada durante a Santa Missa em comemora\u00e7\u00e3o aos 20 anos de canoniza\u00e7\u00e3o do padroeiro da institui\u00e7\u00e3o, S\u00e3o Lu\u00eds Orione. O selo carrega a imagem do santo, a fachada atual do Hospital Dom Orione e a foto do Padre Quinto Tonini, pioneiro da miss\u00e3o orionita no ent\u00e3o norte goiano. O diretor presidente do hospital, Padre Bruno Rodrigues destaca a import\u00e2ncia da homenagem ao mission\u00e1rio que na d\u00e9cada de 1950 deu in\u00edcio aos primeiros atendimentos de sa\u00fade na regi\u00e3o.<\/p>\n\n\n\n<p>\u201cPadre Quinto era enfermeiro formado pela Cruz Vermelha. Ao chegar na regi\u00e3o e ver a grande car\u00eancia de cuidados sanit\u00e1rios, iniciou um servi\u00e7o pioneiro e volunt\u00e1rio de assist\u00eancia a doentes e gestantes. A presen\u00e7a de sua imagem no selo celebra n\u00e3o s\u00f3 suas contribui\u00e7\u00f5es iniciais, mas tamb\u00e9m a persist\u00eancia de seu legado no decorrer das d\u00e9cadas\u201d, destacou Padre Bruno.<\/p>\n\n\n\n<p>O diretor presidente destaca ainda que o selo comemorativo n\u00e3o \u00e9 apenas um meio de franquia postal. \u201c\u00c9 um emblema da ess\u00eancia da nossa miss\u00e3o. Ao utilizar este selo em nossas correspond\u00eancias e documentos, reiteramos nosso compromisso com os valores fundacionais de nossa institui\u00e7\u00e3o. Cada carta enviada carrega consigo a hist\u00f3ria de um hospital que, por quase meio s\u00e9culo, tem sido um farol de esperan\u00e7a e cura para a comunidade\u201d, concluiu.<\/p>\n\n\n\n<p>O selo foi impresso pela Casa da Moeda do Brasil, respons\u00e1vel oficial pela confec\u00e7\u00e3o dos selos postais para os Correios. Foram impressos 2.400 selos que al\u00e9m de serem utilizados nas correspond\u00eancias do Hospital Dom Orione, tamb\u00e9m foram enviados para as institui\u00e7\u00f5es ligadas \u00e0 Pequena Obra da Divina Provid\u00eancia.<\/p>\n\n\n\n<p>A cerim\u00f4nia contou com a presen\u00e7a do prefeito de Aragua\u00edna, Wagner Rodrigues, e do gerente da Regi\u00e3o Operacional dos Correios de Aragua\u00edna, Jarson Coelho Barboza, representando o superintendente regional dos Correios do Tocantins, Jos\u00e9 Luiz da Cunha.<\/p>\n\n\n\n<p><\/p>\n\n\n\n<figure class=\"wp-block-image size-full is-resized\"><img loading=\"lazy\" decoding=\"async\" width=\"775\" height=\"519\" src=\"https:\/\/focotocantinense.com.br\/wp-content\/uploads\/2024\/05\/bbbb.jpg\" alt=\"\" class=\"wp-image-7568\" style=\"width:838px;height:auto\" srcset=\"https:\/\/focotocantinense.com.br\/wp-content\/uploads\/2024\/05\/bbbb.jpg 775w, https:\/\/focotocantinense.com.br\/wp-content\/uploads\/2024\/05\/bbbb-300x201.jpg 300w, https:\/\/focotocantinense.com.br\/wp-content\/uploads\/2024\/05\/bbbb-768x514.jpg 768w, https:\/\/focotocantinense.com.br\/wp-content\/uploads\/2024\/05\/bbbb-110x75.jpg 110w\" sizes=\"auto, (max-width: 775px) 100vw, 775px\" \/><\/figure>\n\n\n\n<p><strong><em>Padre Bruno Rodrigues e o gerente dos Correios de Aragua\u00edna, Jarson Coelho, oficializaram o selo postal.<\/em><\/strong><\/p>\n\n\n\n<p><\/p>\n\n\n\n<figure class=\"wp-block-image size-full\"><img loading=\"lazy\" decoding=\"async\" width=\"843\" height=\"251\" src=\"https:\/\/focotocantinense.com.br\/wp-content\/uploads\/2024\/05\/VINI_181-6.jpg\" alt=\"\" class=\"wp-image-7569\" srcset=\"https:\/\/focotocantinense.com.br\/wp-content\/uploads\/2024\/05\/VINI_181-6.jpg 843w, https:\/\/focotocantinense.com.br\/wp-content\/uploads\/2024\/05\/VINI_181-6-300x89.jpg 300w, https:\/\/focotocantinense.com.br\/wp-content\/uploads\/2024\/05\/VINI_181-6-768x229.jpg 768w\" sizes=\"auto, (max-width: 843px) 100vw, 843px\" \/><\/figure>\n","protected":false},"excerpt":{"rendered":"<p>Por Rodrigo Martins O&nbsp;Hospital Dom Orione, um dos maiores complexos hospitalares do Norte do Brasil, est\u00e1 vivendo um grande momento celebrativo em prepara\u00e7\u00e3o ao seu Jubileu de Ouro. Em 2026 a institui\u00e7\u00e3o completar\u00e1 50 anos de inaugura\u00e7\u00e3o oficial. Nesta quinta-feira, 16 de maio, para marcar seus&nbsp;47 anos de Miss\u00e3o, o Dom Orione lan\u00e7ou um&nbsp;selo postal&nbsp;que &hellip;<\/p>\n","protected":false},"author":5,"featured_media":7567,"comment_status":"open","ping_status":"open","sticky":false,"template":"","format":"standard","meta":{"footnotes":""},"categories":[97],"tags":[],"class_list":["post-7566","post","type-post","status-publish","format-standard","has-post-thumbnail","","category-hospital-dom-orione"],"_links":{"self":[{"href":"https:\/\/focotocantinense.com.br\/index.php?rest_route=\/wp\/v2\/posts\/7566","targetHints":{"allow":["GET"]}}],"collection":[{"href":"https:\/\/focotocantinense.com.br\/index.php?rest_route=\/wp\/v2\/posts"}],"about":[{"href":"https:\/\/focotocantinense.com.br\/index.php?rest_route=\/wp\/v2\/types\/post"}],"author":[{"embeddable":true,"href":"https:\/\/focotocantinense.com.br\/index.php?rest_route=\/wp\/v2\/users\/5"}],"replies":[{"embeddable":true,"href":"https:\/\/focotocantinense.com.br\/index.php?rest_route=%2Fwp%2Fv2%2Fcomments&post=7566"}],"version-history":[{"count":3,"href":"https:\/\/focotocantinense.com.br\/index.php?rest_route=\/wp\/v2\/posts\/7566\/revisions"}],"predecessor-version":[{"id":7576,"href":"https:\/\/focotocantinense.com.br\/index.php?rest_route=\/wp\/v2\/posts\/7566\/revisions\/7576"}],"wp:featuredmedia":[{"embeddable":true,"href":"https:\/\/focotocantinense.com.br\/index.php?rest_route=\/wp\/v2\/media\/7567"}],"wp:attachment":[{"href":"https:\/\/focotocantinense.com.br\/index.php?rest_route=%2Fwp%2Fv2%2Fmedia&parent=7566"}],"wp:term":[{"taxonomy":"category","embeddable":true,"href":"https:\/\/focotocantinense.com.br\/index.php?rest_route=%2Fwp%2Fv2%2Fcategories&post=7566"},{"taxonomy":"post_tag","embeddable":true,"href":"https:\/\/focotocantinense.com.br\/index.php?rest_route=%2Fwp%2Fv2%2Ftags&post=7566"}],"curies":[{"name":"wp","href":"https:\/\/api.w.org\/{rel}","templated":true}]}}