{"id":7561,"date":"2024-05-16T20:45:53","date_gmt":"2024-05-16T23:45:53","guid":{"rendered":"https:\/\/focotocantinense.com.br\/?p=7561"},"modified":"2024-05-16T20:45:54","modified_gmt":"2024-05-16T23:45:54","slug":"piquenique-sustentavel-fomenta-a-educacao-ambiental-em-tocantinia","status":"publish","type":"post","link":"https:\/\/focotocantinense.com.br\/?p=7561","title":{"rendered":"Piquenique sustent\u00e1vel fomenta a educa\u00e7\u00e3o ambiental em Tocant\u00ednia"},"content":{"rendered":"\n<p><strong>Por Leontina Martins&nbsp;<\/strong><\/p>\n\n\n\n<p>Numa iniciativa que envolveu a&nbsp; &nbsp;Secretaria &nbsp;Municipal &nbsp;de Educa\u00e7\u00e3o de Tocant\u00ednia (Semed), Secretaria&nbsp; de&nbsp; Meio Ambiente e Saneamento B\u00e1sico, bem como, &nbsp;a Secretaria de Agricultura, Pecu\u00e1ria, Aquicultura, Ind\u00fastria e Com\u00e9rcio, &nbsp;foi realizada &nbsp;nesta quinta-feira (16), mais uma programa\u00e7\u00e3o diferente que mexeu com a rotina dos alunos &nbsp;da Escola Municipal Professor Constantino Pedro de Castro.<\/p>\n\n\n\n<p>Al\u00e9m de divertida, a iniciativa foi bastante educativa.&nbsp;Os alunos foram contemplados com um animado piquenique sustent\u00e1vel que contou com&nbsp; frutas frescas seguido de uma sess\u00e3o de coleta de sementes, tendo sido realizado na &nbsp;Pra\u00e7a Frei Ant\u00f4nio de Ganges&nbsp;, no centro da cidade.&nbsp;<\/p>\n\n\n\n<p>O secret\u00e1rio de Educa\u00e7\u00e3o, professor Andr\u00e9 Goveia informou que o evento faz parte do Projeto Ra\u00edzes Verdes Cultivando um Futuro Sustent\u00e1vel,&nbsp; que \u00e9 desenvolvido pela turma da Jornada Ampliada.<\/p>\n\n\n\n<p>\u201cEssa iniciativa tem &nbsp;como objetivo promover a alimenta\u00e7\u00e3o saud\u00e1vel, bem como, a conviv\u00eancia ao ar livre e a conscientiza\u00e7\u00e3o dos nossos alunos sobre a import\u00e2ncia da preserva\u00e7\u00e3o das esp\u00e9cies nativas.\u201d, explicou o secret\u00e1rio.<\/p>\n\n\n\n<p><strong>Preocupa\u00e7\u00e3o ambiental<\/strong><\/p>\n\n\n\n<p>J\u00e1 a professora Ana Maria Ramos, respons\u00e1vel por essa turma de alunos destacou a sua determina\u00e7\u00e3o em mostrar que \u00e9 poss\u00edvel aproveitar os recursos naturais existentes no munic\u00edpio de Tocant\u00ednia, &nbsp;de maneira consciente e ao mesmo tempo promover a educa\u00e7\u00e3o ambiental.<\/p>\n\n\n\n<p>\u201cNas \u00faltimas d\u00e9cadas, houve um aumento da preocupa\u00e7\u00e3o da sociedade com as quest\u00f5es ambientais e o munic\u00edpio de Tocant\u00ednia n\u00e3o est\u00e1 alheio a essas quest\u00f5es. Por isso buscamos incutir em nossos alunos \u00a0uma nova mentalidade favor\u00e1vel \u00e0 preserva\u00e7\u00e3o dos nossos recursos naturais\u201d, concluiu a professora Ana Maria.\u00a0<\/p>\n\n\n\n<figure class=\"wp-block-image size-large\"><img loading=\"lazy\" decoding=\"async\" width=\"1024\" height=\"446\" src=\"https:\/\/focotocantinense.com.br\/wp-content\/uploads\/2024\/05\/1-TOCANTINIA-1024x446.jpg\" alt=\"\" class=\"wp-image-7562\" srcset=\"https:\/\/focotocantinense.com.br\/wp-content\/uploads\/2024\/05\/1-TOCANTINIA-1024x446.jpg 1024w, https:\/\/focotocantinense.com.br\/wp-content\/uploads\/2024\/05\/1-TOCANTINIA-300x131.jpg 300w, https:\/\/focotocantinense.com.br\/wp-content\/uploads\/2024\/05\/1-TOCANTINIA-768x334.jpg 768w, https:\/\/focotocantinense.com.br\/wp-content\/uploads\/2024\/05\/1-TOCANTINIA.jpg 1280w\" sizes=\"auto, (max-width: 1024px) 100vw, 1024px\" \/><\/figure>\n\n\n\n<figure class=\"wp-block-image size-large\"><img loading=\"lazy\" decoding=\"async\" width=\"1024\" height=\"576\" src=\"https:\/\/focotocantinense.com.br\/wp-content\/uploads\/2024\/05\/2-TOCANTINIA-1024x576.jpg\" alt=\"\" class=\"wp-image-7564\" srcset=\"https:\/\/focotocantinense.com.br\/wp-content\/uploads\/2024\/05\/2-TOCANTINIA-1024x576.jpg 1024w, https:\/\/focotocantinense.com.br\/wp-content\/uploads\/2024\/05\/2-TOCANTINIA-300x169.jpg 300w, https:\/\/focotocantinense.com.br\/wp-content\/uploads\/2024\/05\/2-TOCANTINIA-768x432.jpg 768w, https:\/\/focotocantinense.com.br\/wp-content\/uploads\/2024\/05\/2-TOCANTINIA-1536x864.jpg 1536w, https:\/\/focotocantinense.com.br\/wp-content\/uploads\/2024\/05\/2-TOCANTINIA.jpg 1600w\" sizes=\"auto, (max-width: 1024px) 100vw, 1024px\" \/><\/figure>\n\n\n\n<p><\/p>\n\n\n\n<figure class=\"wp-block-image size-full\"><img loading=\"lazy\" decoding=\"async\" width=\"843\" height=\"251\" src=\"https:\/\/focotocantinense.com.br\/wp-content\/uploads\/2024\/05\/VINI_181-5.jpg\" alt=\"\" class=\"wp-image-7563\" srcset=\"https:\/\/focotocantinense.com.br\/wp-content\/uploads\/2024\/05\/VINI_181-5.jpg 843w, https:\/\/focotocantinense.com.br\/wp-content\/uploads\/2024\/05\/VINI_181-5-300x89.jpg 300w, https:\/\/focotocantinense.com.br\/wp-content\/uploads\/2024\/05\/VINI_181-5-768x229.jpg 768w\" sizes=\"auto, (max-width: 843px) 100vw, 843px\" \/><\/figure>\n","protected":false},"excerpt":{"rendered":"<p>Por Leontina Martins&nbsp; Numa iniciativa que envolveu a&nbsp; &nbsp;Secretaria &nbsp;Municipal &nbsp;de Educa\u00e7\u00e3o de Tocant\u00ednia (Semed), Secretaria&nbsp; de&nbsp; Meio Ambiente e Saneamento B\u00e1sico, bem como, &nbsp;a Secretaria de Agricultura, Pecu\u00e1ria, Aquicultura, Ind\u00fastria e Com\u00e9rcio, &nbsp;foi realizada &nbsp;nesta quinta-feira (16), mais uma programa\u00e7\u00e3o diferente que mexeu com a rotina dos alunos &nbsp;da Escola Municipal Professor Constantino Pedro &hellip;<\/p>\n","protected":false},"author":5,"featured_media":7562,"comment_status":"open","ping_status":"open","sticky":false,"template":"","format":"standard","meta":{"footnotes":""},"categories":[78],"tags":[],"class_list":["post-7561","post","type-post","status-publish","format-standard","has-post-thumbnail","","category-tocantinia"],"_links":{"self":[{"href":"https:\/\/focotocantinense.com.br\/index.php?rest_route=\/wp\/v2\/posts\/7561","targetHints":{"allow":["GET"]}}],"collection":[{"href":"https:\/\/focotocantinense.com.br\/index.php?rest_route=\/wp\/v2\/posts"}],"about":[{"href":"https:\/\/focotocantinense.com.br\/index.php?rest_route=\/wp\/v2\/types\/post"}],"author":[{"embeddable":true,"href":"https:\/\/focotocantinense.com.br\/index.php?rest_route=\/wp\/v2\/users\/5"}],"replies":[{"embeddable":true,"href":"https:\/\/focotocantinense.com.br\/index.php?rest_route=%2Fwp%2Fv2%2Fcomments&post=7561"}],"version-history":[{"count":1,"href":"https:\/\/focotocantinense.com.br\/index.php?rest_route=\/wp\/v2\/posts\/7561\/revisions"}],"predecessor-version":[{"id":7565,"href":"https:\/\/focotocantinense.com.br\/index.php?rest_route=\/wp\/v2\/posts\/7561\/revisions\/7565"}],"wp:featuredmedia":[{"embeddable":true,"href":"https:\/\/focotocantinense.com.br\/index.php?rest_route=\/wp\/v2\/media\/7562"}],"wp:attachment":[{"href":"https:\/\/focotocantinense.com.br\/index.php?rest_route=%2Fwp%2Fv2%2Fmedia&parent=7561"}],"wp:term":[{"taxonomy":"category","embeddable":true,"href":"https:\/\/focotocantinense.com.br\/index.php?rest_route=%2Fwp%2Fv2%2Fcategories&post=7561"},{"taxonomy":"post_tag","embeddable":true,"href":"https:\/\/focotocantinense.com.br\/index.php?rest_route=%2Fwp%2Fv2%2Ftags&post=7561"}],"curies":[{"name":"wp","href":"https:\/\/api.w.org\/{rel}","templated":true}]}}