{"id":7552,"date":"2024-05-15T12:19:40","date_gmt":"2024-05-15T15:19:40","guid":{"rendered":"https:\/\/focotocantinense.com.br\/?p=7552"},"modified":"2024-05-15T12:20:08","modified_gmt":"2024-05-15T15:20:08","slug":"tce-aprova-prestacao-de-contas-da-gestao-do-vereador-di-ex-presidente-da-camara-de-lagoa-da-confusao","status":"publish","type":"post","link":"https:\/\/focotocantinense.com.br\/?p=7552","title":{"rendered":"TCE aprova presta\u00e7\u00e3o de contas da gest\u00e3o do vereador DI, ex-presidente da C\u00e2mara de Lagoa da Confus\u00e3o"},"content":{"rendered":"\n<p><strong>Por  Zacarias Martins<\/strong><\/p>\n\n\n\n<p>Presidente da C\u00e2mara Municipal em v\u00e1rias Legislatura, o vereador Luiz Edvaldo Coelho dos Santos, &#8211; o popular DI, &nbsp;recebeu certid\u00e3o expedida pelo Tribunal de Contas do Estado do Tocantins (TCE), atestando a n\u00e3o exist\u00eancia de nenhum registro de Presta\u00e7\u00e3o de Contas, Tomada de Contas ou Tomada de Contas Especial julgada irregular, durante a sua gest\u00e3o \u00e0 frente do Legislativo Lagoense.<\/p>\n\n\n\n<p>A consulta para emiss\u00e3o da certid\u00e3o requerida pelo vereador foi efetuada nos registros existentes na Coordenadoria do Cart\u00f3rio de Contas com decis\u00f5es transitadas em julgado.<\/p>\n\n\n\n<p>\u201c\u00c9 mais um atestado de que a nossa gest\u00e3o na C\u00e2mara de Lagoa da Confus\u00e3o, enquanto est\u00e1vamos na presid\u00eancia,&nbsp; sempre foi transparente e respons\u00e1vel e republicana, bem como, atendeu aos reais interesses da nossa cidade\u201d, concluiu o vereador Di.<\/p>\n\n\n\n<figure class=\"wp-block-image size-large is-resized\"><img loading=\"lazy\" decoding=\"async\" width=\"1024\" height=\"768\" src=\"https:\/\/focotocantinense.com.br\/wp-content\/uploads\/2024\/05\/Vereador-Luiz-Edvaldo-Coelho-dos-Santos-Foto-Zacarias-Martins-1024x768.jpg\" alt=\"\" class=\"wp-image-7553\" style=\"width:386px;height:auto\" srcset=\"https:\/\/focotocantinense.com.br\/wp-content\/uploads\/2024\/05\/Vereador-Luiz-Edvaldo-Coelho-dos-Santos-Foto-Zacarias-Martins-1024x768.jpg 1024w, https:\/\/focotocantinense.com.br\/wp-content\/uploads\/2024\/05\/Vereador-Luiz-Edvaldo-Coelho-dos-Santos-Foto-Zacarias-Martins-300x225.jpg 300w, https:\/\/focotocantinense.com.br\/wp-content\/uploads\/2024\/05\/Vereador-Luiz-Edvaldo-Coelho-dos-Santos-Foto-Zacarias-Martins-768x576.jpg 768w, https:\/\/focotocantinense.com.br\/wp-content\/uploads\/2024\/05\/Vereador-Luiz-Edvaldo-Coelho-dos-Santos-Foto-Zacarias-Martins.jpg 1280w\" sizes=\"auto, (max-width: 1024px) 100vw, 1024px\" \/><\/figure>\n\n\n\n<p><\/p>\n\n\n\n<figure class=\"wp-block-image size-full is-resized\"><img loading=\"lazy\" decoding=\"async\" width=\"401\" height=\"562\" src=\"https:\/\/focotocantinense.com.br\/wp-content\/uploads\/2024\/05\/certidao-ver-DI.jpg\" alt=\"\" class=\"wp-image-7554\" style=\"width:840px;height:auto\" srcset=\"https:\/\/focotocantinense.com.br\/wp-content\/uploads\/2024\/05\/certidao-ver-DI.jpg 401w, https:\/\/focotocantinense.com.br\/wp-content\/uploads\/2024\/05\/certidao-ver-DI-214x300.jpg 214w\" sizes=\"auto, (max-width: 401px) 100vw, 401px\" \/><\/figure>\n\n\n\n<p><\/p>\n\n\n\n<figure class=\"wp-block-image size-full\"><img loading=\"lazy\" decoding=\"async\" width=\"843\" height=\"251\" src=\"https:\/\/focotocantinense.com.br\/wp-content\/uploads\/2024\/05\/VINI_181-4.jpg\" alt=\"\" class=\"wp-image-7550\" srcset=\"https:\/\/focotocantinense.com.br\/wp-content\/uploads\/2024\/05\/VINI_181-4.jpg 843w, https:\/\/focotocantinense.com.br\/wp-content\/uploads\/2024\/05\/VINI_181-4-300x89.jpg 300w, https:\/\/focotocantinense.com.br\/wp-content\/uploads\/2024\/05\/VINI_181-4-768x229.jpg 768w\" sizes=\"auto, (max-width: 843px) 100vw, 843px\" \/><\/figure>\n","protected":false},"excerpt":{"rendered":"<p>Por Zacarias Martins Presidente da C\u00e2mara Municipal em v\u00e1rias Legislatura, o vereador Luiz Edvaldo Coelho dos Santos, &#8211; o popular DI, &nbsp;recebeu certid\u00e3o expedida pelo Tribunal de Contas do Estado do Tocantins (TCE), atestando a n\u00e3o exist\u00eancia de nenhum registro de Presta\u00e7\u00e3o de Contas, Tomada de Contas ou Tomada de Contas Especial julgada irregular, durante &hellip;<\/p>\n","protected":false},"author":5,"featured_media":7553,"comment_status":"open","ping_status":"open","sticky":false,"template":"","format":"standard","meta":{"footnotes":""},"categories":[71],"tags":[],"class_list":["post-7552","post","type-post","status-publish","format-standard","has-post-thumbnail","","category-lagoa-da-confusao"],"_links":{"self":[{"href":"https:\/\/focotocantinense.com.br\/index.php?rest_route=\/wp\/v2\/posts\/7552","targetHints":{"allow":["GET"]}}],"collection":[{"href":"https:\/\/focotocantinense.com.br\/index.php?rest_route=\/wp\/v2\/posts"}],"about":[{"href":"https:\/\/focotocantinense.com.br\/index.php?rest_route=\/wp\/v2\/types\/post"}],"author":[{"embeddable":true,"href":"https:\/\/focotocantinense.com.br\/index.php?rest_route=\/wp\/v2\/users\/5"}],"replies":[{"embeddable":true,"href":"https:\/\/focotocantinense.com.br\/index.php?rest_route=%2Fwp%2Fv2%2Fcomments&post=7552"}],"version-history":[{"count":2,"href":"https:\/\/focotocantinense.com.br\/index.php?rest_route=\/wp\/v2\/posts\/7552\/revisions"}],"predecessor-version":[{"id":7556,"href":"https:\/\/focotocantinense.com.br\/index.php?rest_route=\/wp\/v2\/posts\/7552\/revisions\/7556"}],"wp:featuredmedia":[{"embeddable":true,"href":"https:\/\/focotocantinense.com.br\/index.php?rest_route=\/wp\/v2\/media\/7553"}],"wp:attachment":[{"href":"https:\/\/focotocantinense.com.br\/index.php?rest_route=%2Fwp%2Fv2%2Fmedia&parent=7552"}],"wp:term":[{"taxonomy":"category","embeddable":true,"href":"https:\/\/focotocantinense.com.br\/index.php?rest_route=%2Fwp%2Fv2%2Fcategories&post=7552"},{"taxonomy":"post_tag","embeddable":true,"href":"https:\/\/focotocantinense.com.br\/index.php?rest_route=%2Fwp%2Fv2%2Ftags&post=7552"}],"curies":[{"name":"wp","href":"https:\/\/api.w.org\/{rel}","templated":true}]}}