{"id":7548,"date":"2024-05-14T17:16:42","date_gmt":"2024-05-14T20:16:42","guid":{"rendered":"https:\/\/focotocantinense.com.br\/?p=7548"},"modified":"2024-05-14T17:16:44","modified_gmt":"2024-05-14T20:16:44","slug":"salao-do-artesanato-artesaos-tocantinenses-comercializam-mais-de-r-100-mil-em-produtos-e-superam-vendas-de-2023","status":"publish","type":"post","link":"https:\/\/focotocantinense.com.br\/?p=7548","title":{"rendered":"Sal\u00e3o do Artesanato: Artes\u00e3os tocantinenses comercializam mais de R$ 100 mil em produtos e superam vendas de 2023"},"content":{"rendered":"\n<p>O Tocantins se destaca mais uma vez com sua participa\u00e7\u00e3o em feiras nacionais. Desta vez, artes\u00e3os e entidades representativas selecionadas em edital lan\u00e7ado pelo Governo do Estado, por meio da Secretaria da Cultura (Secult), comercializaram mais de tr\u00eas mil pe\u00e7as durante o 17\u00aa Sal\u00e3o do Artesanato, que ocorreu na \u00faltima semana em Bras\u00edlia (DF). Com um total de R$ 122.668,00 em vendas e encomendas, os profissionais fizeram sucesso com compradores locais e internacionais, de pa\u00edses como Fran\u00e7a, Su\u00ed\u00e7a, Jap\u00e3o e Estados Unidos.<\/p>\n\n\n\n<p>Durante os cinco dias de evento, foram vendidas 2.238 pe\u00e7as, o que totalizou um valor de R$ 65.078,00, al\u00e9m de 1.048 artigos encomendados, que somaram R$ 57.590,00. O saldo geral da feira chegou a R$ 122.668,00, com 3.286 pe\u00e7as comercializadas, superando os n\u00fameros do ano passado, que totalizaram R$ 85.467,00.<\/p>\n\n\n\n<p>O estande do Tocantins levou para o p\u00fablico o trabalho de artes\u00e3os e entidades representativas que desenvolvem pe\u00e7as em capim-dourado, argila, sementes, palha e fibra de buriti, entre outras mat\u00e9rias-primas. O artes\u00e3o Wanderley Carvalho, de Palmas, se demonstrou satisfeito por expor seus produtos. \u201c\u00c9 a minha primeira vez aqui no Sal\u00e3o do Artesanato e estou muito feliz por representar meu estado. Eu trabalho com cer\u00e2mica e ela \u00e9 bem representativa, porque a gente trata da iconografia regional e da valoriza\u00e7\u00e3o da nossa cultura\u201d, disse.<\/p>\n\n\n\n<p>Para a servidora da Secult e coordenadora do Programa do Artesanato Brasileiro (PAB) no Tocantins, N\u00fabia Cursino, o n\u00famero de vendas foi al\u00e9m do esperado. \u201cTivemos vendas e encomendas bem acima, ultrapassando ainda as que tivemos na edi\u00e7\u00e3o passada da feira. Tivemos um maior movimento de pessoas no nosso estande tamb\u00e9m\u201d, explicou. &nbsp;<\/p>\n\n\n\n<p>Segundo o secret\u00e1rio Nacional do Artesanato e do Microempreendor Individual, Milton Coelho, que visitou o estande do estado durante a programa\u00e7\u00e3o, o artesanato brasileiro representa 3% do PIB nacional e movimenta mais de 250 mil artes\u00e3os. \u201cIsso significa a cultura e a identidade brasileira. O capim-dourado, por exemplo, abre portas, porque j\u00e1 atingiu o mercado nacional e o mercado internacional\u201d, disse.<\/p>\n\n\n\n<p>Dentre os profissionais presentes na feira, a artes\u00e3 Elis\u00e2ngela Ribeiro Manso, da cooperativa Xambiart, de Xambio\u00e1 (TO), comentou que as feiras de artesanato s\u00e3o necess\u00e1rias para os trabalhadores do setor. \u201cEstar nessa feita \u00e9 muito importante para n\u00f3s artes\u00e3os, n\u00e3o s\u00f3 para vender, mas tamb\u00e9m para captar contatos e mostrar nossos produtos\u201d, finalizou.<\/p>\n\n\n\n<p><strong>Pr\u00f3xima feira<\/strong><\/p>\n\n\n\n<p>O Governo do Tocantins, por interm\u00e9dio da Secretaria da Cultura (Secult), tornou p\u00fablico na \u00faltima sexta-feira, 10, o edital  de chamamento p\u00fablico referente a sele\u00e7\u00e3o de artes\u00e3os e entidades representativas que desejam participar da 24\u00aa edi\u00e7\u00e3o da Feira Nacional de Neg\u00f3cios do Artesanato (Fenearte). Conhecida internacionalmente e considerada a maior da Am\u00e9rica Latina no segmento, a Fenearte acontecer\u00e1 entre os dias 3 e 14 de julho, no Centro de Conven\u00e7\u00f5es de Pernambuco, em Olinda. <\/p>\n\n\n\n<figure class=\"wp-block-image\"><img decoding=\"async\" src=\"https:\/\/central.to.gov.br\/image\/377007?w=670&amp;h=383\" alt=\"\"\/><\/figure>\n\n\n\n<p><em><strong>Durante os cinco dias de evento, foram vendidas 2.238 pe\u00e7as, o que totalizou um valor de R$ 65.078,00, al\u00e9m de 1.048 artigos encomendados, que somaram R$ 57.590,00 &#8211; &#8211; Foto: Kadu Souza\/Governo do Tocantins&nbsp;<\/strong><\/em><\/p>\n\n\n\n<p><\/p>\n\n\n\n<figure class=\"wp-block-image size-large\"><img loading=\"lazy\" decoding=\"async\" width=\"1024\" height=\"731\" src=\"https:\/\/focotocantinense.com.br\/wp-content\/uploads\/2024\/05\/whatsapp_image_2024_05_14_at_160451jpeg-1-1024x731.jpeg\" alt=\"\" class=\"wp-image-7549\" srcset=\"https:\/\/focotocantinense.com.br\/wp-content\/uploads\/2024\/05\/whatsapp_image_2024_05_14_at_160451jpeg-1-1024x731.jpeg 1024w, https:\/\/focotocantinense.com.br\/wp-content\/uploads\/2024\/05\/whatsapp_image_2024_05_14_at_160451jpeg-1-300x214.jpeg 300w, https:\/\/focotocantinense.com.br\/wp-content\/uploads\/2024\/05\/whatsapp_image_2024_05_14_at_160451jpeg-1-768x548.jpeg 768w, https:\/\/focotocantinense.com.br\/wp-content\/uploads\/2024\/05\/whatsapp_image_2024_05_14_at_160451jpeg-1-1536x1096.jpeg 1536w, https:\/\/focotocantinense.com.br\/wp-content\/uploads\/2024\/05\/whatsapp_image_2024_05_14_at_160451jpeg-1.jpeg 1600w\" sizes=\"auto, (max-width: 1024px) 100vw, 1024px\" \/><\/figure>\n\n\n\n<p><\/p>\n\n\n\n<figure class=\"wp-block-image size-full\"><img loading=\"lazy\" decoding=\"async\" width=\"843\" height=\"251\" src=\"https:\/\/focotocantinense.com.br\/wp-content\/uploads\/2024\/05\/VINI_181-4.jpg\" alt=\"\" class=\"wp-image-7550\" srcset=\"https:\/\/focotocantinense.com.br\/wp-content\/uploads\/2024\/05\/VINI_181-4.jpg 843w, https:\/\/focotocantinense.com.br\/wp-content\/uploads\/2024\/05\/VINI_181-4-300x89.jpg 300w, https:\/\/focotocantinense.com.br\/wp-content\/uploads\/2024\/05\/VINI_181-4-768x229.jpg 768w\" sizes=\"auto, (max-width: 843px) 100vw, 843px\" \/><\/figure>\n","protected":false},"excerpt":{"rendered":"<p>O Tocantins se destaca mais uma vez com sua participa\u00e7\u00e3o em feiras nacionais. Desta vez, artes\u00e3os e entidades representativas selecionadas em edital lan\u00e7ado pelo Governo do Estado, por meio da Secretaria da Cultura (Secult), comercializaram mais de tr\u00eas mil pe\u00e7as durante o 17\u00aa Sal\u00e3o do Artesanato, que ocorreu na \u00faltima semana em Bras\u00edlia (DF). Com &hellip;<\/p>\n","protected":false},"author":5,"featured_media":7549,"comment_status":"open","ping_status":"open","sticky":false,"template":"","format":"standard","meta":{"footnotes":""},"categories":[103],"tags":[],"class_list":["post-7548","post","type-post","status-publish","format-standard","has-post-thumbnail","","category-brasil"],"_links":{"self":[{"href":"https:\/\/focotocantinense.com.br\/index.php?rest_route=\/wp\/v2\/posts\/7548","targetHints":{"allow":["GET"]}}],"collection":[{"href":"https:\/\/focotocantinense.com.br\/index.php?rest_route=\/wp\/v2\/posts"}],"about":[{"href":"https:\/\/focotocantinense.com.br\/index.php?rest_route=\/wp\/v2\/types\/post"}],"author":[{"embeddable":true,"href":"https:\/\/focotocantinense.com.br\/index.php?rest_route=\/wp\/v2\/users\/5"}],"replies":[{"embeddable":true,"href":"https:\/\/focotocantinense.com.br\/index.php?rest_route=%2Fwp%2Fv2%2Fcomments&post=7548"}],"version-history":[{"count":1,"href":"https:\/\/focotocantinense.com.br\/index.php?rest_route=\/wp\/v2\/posts\/7548\/revisions"}],"predecessor-version":[{"id":7551,"href":"https:\/\/focotocantinense.com.br\/index.php?rest_route=\/wp\/v2\/posts\/7548\/revisions\/7551"}],"wp:featuredmedia":[{"embeddable":true,"href":"https:\/\/focotocantinense.com.br\/index.php?rest_route=\/wp\/v2\/media\/7549"}],"wp:attachment":[{"href":"https:\/\/focotocantinense.com.br\/index.php?rest_route=%2Fwp%2Fv2%2Fmedia&parent=7548"}],"wp:term":[{"taxonomy":"category","embeddable":true,"href":"https:\/\/focotocantinense.com.br\/index.php?rest_route=%2Fwp%2Fv2%2Fcategories&post=7548"},{"taxonomy":"post_tag","embeddable":true,"href":"https:\/\/focotocantinense.com.br\/index.php?rest_route=%2Fwp%2Fv2%2Ftags&post=7548"}],"curies":[{"name":"wp","href":"https:\/\/api.w.org\/{rel}","templated":true}]}}