{"id":7542,"date":"2024-05-13T20:36:33","date_gmt":"2024-05-13T23:36:33","guid":{"rendered":"https:\/\/focotocantinense.com.br\/?p=7542"},"modified":"2024-05-13T20:36:34","modified_gmt":"2024-05-13T23:36:34","slug":"prefeitura-da-inicio-a-mais-uma-etapa-do-projeto-vem-ver-gurupi","status":"publish","type":"post","link":"https:\/\/focotocantinense.com.br\/?p=7542","title":{"rendered":"Prefeitura d\u00e1 in\u00edcio a mais uma etapa do Projeto Vem Ver Gurupi"},"content":{"rendered":"\n<p>Iniciou na manh\u00e3 desta segunda-feira,13, &nbsp;mais uma etapa do Projeto Vem Ver Gurupi. O programa vai oferecer gratuitamente consultas, exames e cirurgias oftalmol\u00f3gicas at\u00e9 o pr\u00f3ximo domingo, 19, no Centro de Especialidades Odontol\u00f3gicas (CEO) de Gurupi. Realizado pela Prefeitura de Gurupi, por meio da Secretaria Municipal de Sa\u00fade, o objetivo \u00e9 reduzir a fila de espera dos pacientes que aguardam por cirurgias oftalmol\u00f3gicas na cidade.<\/p>\n\n\n\n<p>Nesta etapa, a meta \u00e9 atender mil pessoas, das quais 700 j\u00e1 est\u00e3o pr\u00e9-agendadas para cirurgias. A estrutura montada no CEO de Gurupi tem capacidade para atender uma m\u00e9dia de 200 pessoas para consultas e exames, al\u00e9m de realizar at\u00e9 100 cirurgias por dia.<\/p>\n\n\n\n<p>A prefeita Josi Nunes esteve presente no CEO durante a manh\u00e3 de hoje para acompanhar de perto a a\u00e7\u00e3o. Ela destacou a import\u00e2ncia do programa: \u201cIniciamos esse programa no ano passado e estamos dando continuidade porque nosso objetivo \u00e9 zerar a fila de espera por esse tipo de atendimento em Gurupi. Se voc\u00ea precisa ou conhece algu\u00e9m que precisa, basta passar no CEO de Gurupi e agendar sua consulta\u201d.<\/p>\n\n\n\n<p>Muitas pessoas aguardavam por cirurgias h\u00e1 mais de 6 anos, e a Prefeitura buscou recursos para iniciar o programa no ano passado. \u201cTemos recursos a princ\u00edpio para atender 3 mil pessoas, ent\u00e3o o objetivo \u00e9 realizar mil atendimentos por m\u00eas at\u00e9 alcan\u00e7armos essa meta e, com isso, zerar a fila de espera por cirurgias\u201d, afirmou a secret\u00e1ria de Sa\u00fade, Luana Nunes.<\/p>\n\n\n\n<p>Lourivaldo Nunes da Silva, a\u00e7ougueiro, comemorou a oportunidade de realizar sua cirurgia de pter\u00edgio ap\u00f3s tanto tempo de espera. \u201cMuito tempo aguardando e agora vai dar certo gra\u00e7as a esse projeto\u201d, disse ele.<\/p>\n\n\n\n<p>A professora Luana Matos ressaltou a import\u00e2ncia do projeto para a sa\u00fade ocular. \u201cEsse projeto \u00e9 fundamental, pois a vis\u00e3o \u00e9 algo muito importante, \u00e9 a janela da vida. Meu filho nasceu com o canal lacrimal entupido e h\u00e1 bastante tempo aguardava pela cirurgia para resolver esse problema. Quando fiquei sabendo, vim logo me informar\u201d.<\/p>\n\n\n\n<p>Para ser atendido pelo projeto, basta procurar o CEO de Gurupi, localizado ao lado da Unidade de Sa\u00fade da Fam\u00edlia do Casego, no setor Uni\u00e3o, das 07h \u00e0s 17h30, desta segunda-feira, 13, at\u00e9 o pr\u00f3ximo domingo, 19.<\/p>\n\n\n\n<figure class=\"wp-block-image size-full\"><img loading=\"lazy\" decoding=\"async\" width=\"795\" height=\"521\" src=\"https:\/\/focotocantinense.com.br\/wp-content\/uploads\/2024\/05\/BBB.jpg\" alt=\"\" class=\"wp-image-7545\" srcset=\"https:\/\/focotocantinense.com.br\/wp-content\/uploads\/2024\/05\/BBB.jpg 795w, https:\/\/focotocantinense.com.br\/wp-content\/uploads\/2024\/05\/BBB-300x197.jpg 300w, https:\/\/focotocantinense.com.br\/wp-content\/uploads\/2024\/05\/BBB-768x503.jpg 768w\" sizes=\"auto, (max-width: 795px) 100vw, 795px\" \/><\/figure>\n\n\n\n<p><\/p>\n\n\n\n<figure class=\"wp-block-image size-full\"><img loading=\"lazy\" decoding=\"async\" width=\"843\" height=\"251\" src=\"https:\/\/focotocantinense.com.br\/wp-content\/uploads\/2024\/05\/VINI_181-3.jpg\" alt=\"\" class=\"wp-image-7544\" srcset=\"https:\/\/focotocantinense.com.br\/wp-content\/uploads\/2024\/05\/VINI_181-3.jpg 843w, https:\/\/focotocantinense.com.br\/wp-content\/uploads\/2024\/05\/VINI_181-3-300x89.jpg 300w, https:\/\/focotocantinense.com.br\/wp-content\/uploads\/2024\/05\/VINI_181-3-768x229.jpg 768w\" sizes=\"auto, (max-width: 843px) 100vw, 843px\" \/><\/figure>\n","protected":false},"excerpt":{"rendered":"<p>Iniciou na manh\u00e3 desta segunda-feira,13, &nbsp;mais uma etapa do Projeto Vem Ver Gurupi. O programa vai oferecer gratuitamente consultas, exames e cirurgias oftalmol\u00f3gicas at\u00e9 o pr\u00f3ximo domingo, 19, no Centro de Especialidades Odontol\u00f3gicas (CEO) de Gurupi. Realizado pela Prefeitura de Gurupi, por meio da Secretaria Municipal de Sa\u00fade, o objetivo \u00e9 reduzir a fila de &hellip;<\/p>\n","protected":false},"author":5,"featured_media":7543,"comment_status":"open","ping_status":"open","sticky":false,"template":"","format":"standard","meta":{"footnotes":""},"categories":[38],"tags":[],"class_list":["post-7542","post","type-post","status-publish","format-standard","has-post-thumbnail","","category-gurupi"],"_links":{"self":[{"href":"https:\/\/focotocantinense.com.br\/index.php?rest_route=\/wp\/v2\/posts\/7542","targetHints":{"allow":["GET"]}}],"collection":[{"href":"https:\/\/focotocantinense.com.br\/index.php?rest_route=\/wp\/v2\/posts"}],"about":[{"href":"https:\/\/focotocantinense.com.br\/index.php?rest_route=\/wp\/v2\/types\/post"}],"author":[{"embeddable":true,"href":"https:\/\/focotocantinense.com.br\/index.php?rest_route=\/wp\/v2\/users\/5"}],"replies":[{"embeddable":true,"href":"https:\/\/focotocantinense.com.br\/index.php?rest_route=%2Fwp%2Fv2%2Fcomments&post=7542"}],"version-history":[{"count":1,"href":"https:\/\/focotocantinense.com.br\/index.php?rest_route=\/wp\/v2\/posts\/7542\/revisions"}],"predecessor-version":[{"id":7546,"href":"https:\/\/focotocantinense.com.br\/index.php?rest_route=\/wp\/v2\/posts\/7542\/revisions\/7546"}],"wp:featuredmedia":[{"embeddable":true,"href":"https:\/\/focotocantinense.com.br\/index.php?rest_route=\/wp\/v2\/media\/7543"}],"wp:attachment":[{"href":"https:\/\/focotocantinense.com.br\/index.php?rest_route=%2Fwp%2Fv2%2Fmedia&parent=7542"}],"wp:term":[{"taxonomy":"category","embeddable":true,"href":"https:\/\/focotocantinense.com.br\/index.php?rest_route=%2Fwp%2Fv2%2Fcategories&post=7542"},{"taxonomy":"post_tag","embeddable":true,"href":"https:\/\/focotocantinense.com.br\/index.php?rest_route=%2Fwp%2Fv2%2Ftags&post=7542"}],"curies":[{"name":"wp","href":"https:\/\/api.w.org\/{rel}","templated":true}]}}