{"id":7539,"date":"2024-05-10T19:20:42","date_gmt":"2024-05-10T22:20:42","guid":{"rendered":"https:\/\/focotocantinense.com.br\/?p=7539"},"modified":"2024-05-10T19:21:38","modified_gmt":"2024-05-10T22:21:38","slug":"duplicacao-br-153-to-interdicao-de-via-marginal-programada-para-a-proxima-terca-feira-14","status":"publish","type":"post","link":"https:\/\/focotocantinense.com.br\/?p=7539","title":{"rendered":"Duplica\u00e7\u00e3o BR-153\/TO: interdi\u00e7\u00e3o de via marginal programada para a pr\u00f3xima ter\u00e7a-feira (14)"},"content":{"rendered":"\n<p>A BR-153\/TO, no trecho urbano de Gurupi, tem interdi\u00e7\u00e3o de via marginal programada a partir da pr\u00f3xima ter\u00e7a-feira (14). O bloqueio ser\u00e1 necess\u00e1rio para a realiza\u00e7\u00e3o das obras de amplia\u00e7\u00e3o da rodovia, entre elas, a implanta\u00e7\u00e3o de um viaduto na regi\u00e3o.<\/p>\n\n\n\n<p>O trecho da via marginal a ser interditado vai da regi\u00e3o da Rua H at\u00e9 a rotat\u00f3ria pr\u00f3xima \u00e0 sede do Dnit, no km 674. O bloqueio vai contemplar ainda o acesso nas proximidades do antigo Posto Cometa.&nbsp;<\/p>\n\n\n\n<p><strong>Obras de duplica\u00e7\u00e3o:<\/strong><br>As obras de duplica\u00e7\u00e3o na BR-153\/TO, em Gurupi e Alian\u00e7a do Tocantins, seguem em ritmo acelerado e com previs\u00e3o de finaliza\u00e7\u00e3o j\u00e1 no segundo semestre de 2024.<\/p>\n\n\n\n<p>Essas mobiliza\u00e7\u00f5es marcam a primeira etapa dessa que \u00e9 a maior obra de infraestrutura vi\u00e1ria contratada no Brasil, representando um avan\u00e7o na constru\u00e7\u00e3o de rodovias mais modernas, seguras e eficientes para os usu\u00e1rios. As obras foram iniciadas em setembro e s\u00e3o resultado de R$ 170 milh\u00f5es em investimentos.<\/p>\n\n\n\n<p>Em Gurupi, ser\u00e3o, inicialmente, 11,25 km de duplica\u00e7\u00e3o, com tr\u00eas retornos, passagens inferiores, uma passarela para pedestres e dois viadutos nas entradas norte e sul da cidade. J\u00e1 em Alian\u00e7a, s\u00e3o 1,6 km de duplica\u00e7\u00e3o, dois dispositivos de passagem superior e 1,6 km de vias marginais em cada um dos dois sentidos, deve ser entregue ainda em 2024.<\/p>\n\n\n\n<p>Ao todo, o Contrato de Concess\u00e3o da Ecovias do Araguaia prev\u00ea 622 quil\u00f4metros de duplica\u00e7\u00f5es \u2013 57% com previs\u00e3o de conclus\u00e3o at\u00e9 o 10\u00ba ano. Ser\u00e3o investidos R$ 7,8 bilh\u00f5es em obras, al\u00e9m de outros R$ 6,2 bilh\u00f5es relativos a custos operacionais, conforme estimativas do Governo Federal.<\/p>\n\n\n\n<figure class=\"wp-block-image size-large\"><img loading=\"lazy\" decoding=\"async\" width=\"1024\" height=\"454\" src=\"https:\/\/focotocantinense.com.br\/wp-content\/uploads\/2024\/05\/aaa-2-1024x454.jpg\" alt=\"\" class=\"wp-image-7540\" srcset=\"https:\/\/focotocantinense.com.br\/wp-content\/uploads\/2024\/05\/aaa-2-1024x454.jpg 1024w, https:\/\/focotocantinense.com.br\/wp-content\/uploads\/2024\/05\/aaa-2-300x133.jpg 300w, https:\/\/focotocantinense.com.br\/wp-content\/uploads\/2024\/05\/aaa-2-768x341.jpg 768w, https:\/\/focotocantinense.com.br\/wp-content\/uploads\/2024\/05\/aaa-2.jpg 1082w\" sizes=\"auto, (max-width: 1024px) 100vw, 1024px\" \/><\/figure>\n\n\n\n<p><\/p>\n\n\n\n<figure class=\"wp-block-image\"><img decoding=\"async\" src=\"http:\/\/n1to.com.br\/img\/uploads\/VINI_181_241.jpg\" alt=\"\"\/><\/figure>\n","protected":false},"excerpt":{"rendered":"<p>A BR-153\/TO, no trecho urbano de Gurupi, tem interdi\u00e7\u00e3o de via marginal programada a partir da pr\u00f3xima ter\u00e7a-feira (14). O bloqueio ser\u00e1 necess\u00e1rio para a realiza\u00e7\u00e3o das obras de amplia\u00e7\u00e3o da rodovia, entre elas, a implanta\u00e7\u00e3o de um viaduto na regi\u00e3o. O trecho da via marginal a ser interditado vai da regi\u00e3o da Rua H &hellip;<\/p>\n","protected":false},"author":5,"featured_media":7540,"comment_status":"open","ping_status":"open","sticky":false,"template":"","format":"standard","meta":{"footnotes":""},"categories":[38],"tags":[],"class_list":["post-7539","post","type-post","status-publish","format-standard","has-post-thumbnail","","category-gurupi"],"_links":{"self":[{"href":"https:\/\/focotocantinense.com.br\/index.php?rest_route=\/wp\/v2\/posts\/7539","targetHints":{"allow":["GET"]}}],"collection":[{"href":"https:\/\/focotocantinense.com.br\/index.php?rest_route=\/wp\/v2\/posts"}],"about":[{"href":"https:\/\/focotocantinense.com.br\/index.php?rest_route=\/wp\/v2\/types\/post"}],"author":[{"embeddable":true,"href":"https:\/\/focotocantinense.com.br\/index.php?rest_route=\/wp\/v2\/users\/5"}],"replies":[{"embeddable":true,"href":"https:\/\/focotocantinense.com.br\/index.php?rest_route=%2Fwp%2Fv2%2Fcomments&post=7539"}],"version-history":[{"count":1,"href":"https:\/\/focotocantinense.com.br\/index.php?rest_route=\/wp\/v2\/posts\/7539\/revisions"}],"predecessor-version":[{"id":7541,"href":"https:\/\/focotocantinense.com.br\/index.php?rest_route=\/wp\/v2\/posts\/7539\/revisions\/7541"}],"wp:featuredmedia":[{"embeddable":true,"href":"https:\/\/focotocantinense.com.br\/index.php?rest_route=\/wp\/v2\/media\/7540"}],"wp:attachment":[{"href":"https:\/\/focotocantinense.com.br\/index.php?rest_route=%2Fwp%2Fv2%2Fmedia&parent=7539"}],"wp:term":[{"taxonomy":"category","embeddable":true,"href":"https:\/\/focotocantinense.com.br\/index.php?rest_route=%2Fwp%2Fv2%2Fcategories&post=7539"},{"taxonomy":"post_tag","embeddable":true,"href":"https:\/\/focotocantinense.com.br\/index.php?rest_route=%2Fwp%2Fv2%2Ftags&post=7539"}],"curies":[{"name":"wp","href":"https:\/\/api.w.org\/{rel}","templated":true}]}}