{"id":7517,"date":"2024-05-07T10:42:59","date_gmt":"2024-05-07T13:42:59","guid":{"rendered":"https:\/\/focotocantinense.com.br\/?p=7517"},"modified":"2024-05-07T10:43:43","modified_gmt":"2024-05-07T13:43:43","slug":"educacao-ambiental-tem-atencao-especial-nas-escolas-municipais-de-tocantinia","status":"publish","type":"post","link":"https:\/\/focotocantinense.com.br\/?p=7517","title":{"rendered":"Educa\u00e7\u00e3o ambiental tem aten\u00e7\u00e3o especial nas escolas municipais de Tocant\u00ednia"},"content":{"rendered":"\n<p><strong>Por Zacarias Martins &#8211;&nbsp;Fotos: Edvaldo Xerente<\/strong><\/p>\n\n\n\n<p>Como parte do Projeto Ra\u00edzes Verdes cultivando um futuro sustent\u00e1vel e tendo por objetivo de proporcionar conhecimento e educa\u00e7\u00e3o ambiental, nesta segunda-feira, dia 6, alunos da Escola Municipal Professor Constantino Pedro de Castro, em Tocant\u00ednia, participaram de uma visita no Viveiro Municipal.<\/p>\n\n\n\n<p>O secret\u00e1rio Municipal de Agricultura, Pecu\u00e1ria, Aquicultura, Ind\u00fastria e Com\u00e9rcio, Ercilio Alves da Silva, destacou o comprometimento da administra\u00e7\u00e3o do prefeito Jo\u00e3o Alberto na busca de mecanismos que possibilitem fortalecer o v\u00ednculo das crian\u00e7as com o meio ambiente e com a sua preserva\u00e7\u00e3o.<\/p>\n\n\n\n<p>Na oportunidade, a secret\u00e1ria executiva do Meio Ambiente do munic\u00edpio, Suiane Sardinha ministrou uma palestra sobre meio ambiente focada no tema da arboriza\u00e7\u00e3o urbana.<\/p>\n\n\n\n<p>A professora Ivone Maia relatou que os alunos est\u00e3o bastante entusiasmados com o projeto, e com o que ele tem a contribuir.<\/p>\n\n\n\n<p>\u201cVisitar e conhecer o Viveiro Municipal faz com que os estudantes tenham respeito e consci\u00eancia sobre a import\u00e2ncia das \u00e1rvores na nossa cidade\u201d, afirma a professora.<\/p>\n\n\n\n<p>Tamb\u00e9m estavam presentes nesta visita, a gestora da escola, Jucilene Martins Louzeira, coordenadoras pedag\u00f3gicas, professores, monitores, nutricionista e a equipe de brigadistas do munic\u00edpio.<\/p>\n\n\n\n<figure class=\"wp-block-image size-large\"><img loading=\"lazy\" decoding=\"async\" width=\"1024\" height=\"682\" src=\"https:\/\/focotocantinense.com.br\/wp-content\/uploads\/2024\/05\/1-Educacao-ambiental-tem-atencao-especial-nas-escolas-municipais-de-Tocantinia-Foto-Edvaldo-Xerente-1024x682.jpg\" alt=\"\" class=\"wp-image-7524\" srcset=\"https:\/\/focotocantinense.com.br\/wp-content\/uploads\/2024\/05\/1-Educacao-ambiental-tem-atencao-especial-nas-escolas-municipais-de-Tocantinia-Foto-Edvaldo-Xerente-1024x682.jpg 1024w, https:\/\/focotocantinense.com.br\/wp-content\/uploads\/2024\/05\/1-Educacao-ambiental-tem-atencao-especial-nas-escolas-municipais-de-Tocantinia-Foto-Edvaldo-Xerente-300x200.jpg 300w, https:\/\/focotocantinense.com.br\/wp-content\/uploads\/2024\/05\/1-Educacao-ambiental-tem-atencao-especial-nas-escolas-municipais-de-Tocantinia-Foto-Edvaldo-Xerente-768x512.jpg 768w, https:\/\/focotocantinense.com.br\/wp-content\/uploads\/2024\/05\/1-Educacao-ambiental-tem-atencao-especial-nas-escolas-municipais-de-Tocantinia-Foto-Edvaldo-Xerente-1536x1023.jpg 1536w, https:\/\/focotocantinense.com.br\/wp-content\/uploads\/2024\/05\/1-Educacao-ambiental-tem-atencao-especial-nas-escolas-municipais-de-Tocantinia-Foto-Edvaldo-Xerente-310x205.jpg 310w, https:\/\/focotocantinense.com.br\/wp-content\/uploads\/2024\/05\/1-Educacao-ambiental-tem-atencao-especial-nas-escolas-municipais-de-Tocantinia-Foto-Edvaldo-Xerente.jpg 1600w\" sizes=\"auto, (max-width: 1024px) 100vw, 1024px\" \/><\/figure>\n\n\n\n<p><\/p>\n\n\n\n<figure class=\"wp-block-image size-large\"><img loading=\"lazy\" decoding=\"async\" width=\"1024\" height=\"668\" src=\"https:\/\/focotocantinense.com.br\/wp-content\/uploads\/2024\/05\/2-1-Educacao-ambiental-tem-atencao-especial-nas-escolas-municipais-de-Tocantinia-Foto-Edvaldo-Xerente-1024x668.jpg\" alt=\"\" class=\"wp-image-7522\" srcset=\"https:\/\/focotocantinense.com.br\/wp-content\/uploads\/2024\/05\/2-1-Educacao-ambiental-tem-atencao-especial-nas-escolas-municipais-de-Tocantinia-Foto-Edvaldo-Xerente-1024x668.jpg 1024w, https:\/\/focotocantinense.com.br\/wp-content\/uploads\/2024\/05\/2-1-Educacao-ambiental-tem-atencao-especial-nas-escolas-municipais-de-Tocantinia-Foto-Edvaldo-Xerente-300x196.jpg 300w, https:\/\/focotocantinense.com.br\/wp-content\/uploads\/2024\/05\/2-1-Educacao-ambiental-tem-atencao-especial-nas-escolas-municipais-de-Tocantinia-Foto-Edvaldo-Xerente-768x501.jpg 768w, https:\/\/focotocantinense.com.br\/wp-content\/uploads\/2024\/05\/2-1-Educacao-ambiental-tem-atencao-especial-nas-escolas-municipais-de-Tocantinia-Foto-Edvaldo-Xerente-1536x1002.jpg 1536w, https:\/\/focotocantinense.com.br\/wp-content\/uploads\/2024\/05\/2-1-Educacao-ambiental-tem-atencao-especial-nas-escolas-municipais-de-Tocantinia-Foto-Edvaldo-Xerente.jpg 1600w\" sizes=\"auto, (max-width: 1024px) 100vw, 1024px\" \/><\/figure>\n\n\n\n<p><\/p>\n\n\n\n<figure class=\"wp-block-image size-large\"><img loading=\"lazy\" decoding=\"async\" width=\"1024\" height=\"644\" src=\"https:\/\/focotocantinense.com.br\/wp-content\/uploads\/2024\/05\/3-1-Educacao-ambiental-tem-atencao-especial-nas-escolas-municipais-de-Tocantinia-Foto-Edvaldo-Xerente-1024x644.jpg\" alt=\"\" class=\"wp-image-7521\" srcset=\"https:\/\/focotocantinense.com.br\/wp-content\/uploads\/2024\/05\/3-1-Educacao-ambiental-tem-atencao-especial-nas-escolas-municipais-de-Tocantinia-Foto-Edvaldo-Xerente-1024x644.jpg 1024w, https:\/\/focotocantinense.com.br\/wp-content\/uploads\/2024\/05\/3-1-Educacao-ambiental-tem-atencao-especial-nas-escolas-municipais-de-Tocantinia-Foto-Edvaldo-Xerente-300x189.jpg 300w, https:\/\/focotocantinense.com.br\/wp-content\/uploads\/2024\/05\/3-1-Educacao-ambiental-tem-atencao-especial-nas-escolas-municipais-de-Tocantinia-Foto-Edvaldo-Xerente-768x483.jpg 768w, https:\/\/focotocantinense.com.br\/wp-content\/uploads\/2024\/05\/3-1-Educacao-ambiental-tem-atencao-especial-nas-escolas-municipais-de-Tocantinia-Foto-Edvaldo-Xerente-1536x966.jpg 1536w, https:\/\/focotocantinense.com.br\/wp-content\/uploads\/2024\/05\/3-1-Educacao-ambiental-tem-atencao-especial-nas-escolas-municipais-de-Tocantinia-Foto-Edvaldo-Xerente.jpg 1600w\" sizes=\"auto, (max-width: 1024px) 100vw, 1024px\" \/><\/figure>\n\n\n\n<p><\/p>\n\n\n\n<figure class=\"wp-block-image size-large\"><img loading=\"lazy\" decoding=\"async\" width=\"1024\" height=\"604\" src=\"https:\/\/focotocantinense.com.br\/wp-content\/uploads\/2024\/05\/4-1-Educacao-ambiental-tem-atencao-especial-nas-escolas-municipais-de-Tocantinia-Foto-Edvaldo-Xerente-1024x604.jpg\" alt=\"\" class=\"wp-image-7520\" srcset=\"https:\/\/focotocantinense.com.br\/wp-content\/uploads\/2024\/05\/4-1-Educacao-ambiental-tem-atencao-especial-nas-escolas-municipais-de-Tocantinia-Foto-Edvaldo-Xerente-1024x604.jpg 1024w, https:\/\/focotocantinense.com.br\/wp-content\/uploads\/2024\/05\/4-1-Educacao-ambiental-tem-atencao-especial-nas-escolas-municipais-de-Tocantinia-Foto-Edvaldo-Xerente-300x177.jpg 300w, https:\/\/focotocantinense.com.br\/wp-content\/uploads\/2024\/05\/4-1-Educacao-ambiental-tem-atencao-especial-nas-escolas-municipais-de-Tocantinia-Foto-Edvaldo-Xerente-768x453.jpg 768w, https:\/\/focotocantinense.com.br\/wp-content\/uploads\/2024\/05\/4-1-Educacao-ambiental-tem-atencao-especial-nas-escolas-municipais-de-Tocantinia-Foto-Edvaldo-Xerente-1536x906.jpg 1536w, https:\/\/focotocantinense.com.br\/wp-content\/uploads\/2024\/05\/4-1-Educacao-ambiental-tem-atencao-especial-nas-escolas-municipais-de-Tocantinia-Foto-Edvaldo-Xerente.jpg 1600w\" sizes=\"auto, (max-width: 1024px) 100vw, 1024px\" \/><\/figure>\n\n\n\n<p><\/p>\n\n\n\n<figure class=\"wp-block-image size-large\"><img loading=\"lazy\" decoding=\"async\" width=\"1024\" height=\"682\" src=\"https:\/\/focotocantinense.com.br\/wp-content\/uploads\/2024\/05\/5-1-Educacao-ambiental-tem-atencao-especial-nas-escolas-municipais-de-Tocantinia-Foto-Edvaldo-Xerente-1024x682.jpg\" alt=\"\" class=\"wp-image-7519\" srcset=\"https:\/\/focotocantinense.com.br\/wp-content\/uploads\/2024\/05\/5-1-Educacao-ambiental-tem-atencao-especial-nas-escolas-municipais-de-Tocantinia-Foto-Edvaldo-Xerente-1024x682.jpg 1024w, https:\/\/focotocantinense.com.br\/wp-content\/uploads\/2024\/05\/5-1-Educacao-ambiental-tem-atencao-especial-nas-escolas-municipais-de-Tocantinia-Foto-Edvaldo-Xerente-300x200.jpg 300w, https:\/\/focotocantinense.com.br\/wp-content\/uploads\/2024\/05\/5-1-Educacao-ambiental-tem-atencao-especial-nas-escolas-municipais-de-Tocantinia-Foto-Edvaldo-Xerente-768x512.jpg 768w, https:\/\/focotocantinense.com.br\/wp-content\/uploads\/2024\/05\/5-1-Educacao-ambiental-tem-atencao-especial-nas-escolas-municipais-de-Tocantinia-Foto-Edvaldo-Xerente-1536x1023.jpg 1536w, https:\/\/focotocantinense.com.br\/wp-content\/uploads\/2024\/05\/5-1-Educacao-ambiental-tem-atencao-especial-nas-escolas-municipais-de-Tocantinia-Foto-Edvaldo-Xerente-310x205.jpg 310w, https:\/\/focotocantinense.com.br\/wp-content\/uploads\/2024\/05\/5-1-Educacao-ambiental-tem-atencao-especial-nas-escolas-municipais-de-Tocantinia-Foto-Edvaldo-Xerente.jpg 1600w\" sizes=\"auto, (max-width: 1024px) 100vw, 1024px\" \/><\/figure>\n\n\n\n<p><\/p>\n\n\n\n<figure class=\"wp-block-image size-full\"><img loading=\"lazy\" decoding=\"async\" width=\"843\" height=\"251\" src=\"https:\/\/focotocantinense.com.br\/wp-content\/uploads\/2024\/05\/VINI_181-2.jpg\" alt=\"\" class=\"wp-image-7518\" srcset=\"https:\/\/focotocantinense.com.br\/wp-content\/uploads\/2024\/05\/VINI_181-2.jpg 843w, https:\/\/focotocantinense.com.br\/wp-content\/uploads\/2024\/05\/VINI_181-2-300x89.jpg 300w, https:\/\/focotocantinense.com.br\/wp-content\/uploads\/2024\/05\/VINI_181-2-768x229.jpg 768w\" sizes=\"auto, (max-width: 843px) 100vw, 843px\" \/><\/figure>\n","protected":false},"excerpt":{"rendered":"<p>Por Zacarias Martins &#8211;&nbsp;Fotos: Edvaldo Xerente Como parte do Projeto Ra\u00edzes Verdes cultivando um futuro sustent\u00e1vel e tendo por objetivo de proporcionar conhecimento e educa\u00e7\u00e3o ambiental, nesta segunda-feira, dia 6, alunos da Escola Municipal Professor Constantino Pedro de Castro, em Tocant\u00ednia, participaram de uma visita no Viveiro Municipal. O secret\u00e1rio Municipal de Agricultura, Pecu\u00e1ria, Aquicultura, &hellip;<\/p>\n","protected":false},"author":5,"featured_media":7524,"comment_status":"open","ping_status":"open","sticky":false,"template":"","format":"standard","meta":{"footnotes":""},"categories":[1,78],"tags":[],"class_list":["post-7517","post","type-post","status-publish","format-standard","has-post-thumbnail","","category-sem-categoria","category-tocantinia"],"_links":{"self":[{"href":"https:\/\/focotocantinense.com.br\/index.php?rest_route=\/wp\/v2\/posts\/7517","targetHints":{"allow":["GET"]}}],"collection":[{"href":"https:\/\/focotocantinense.com.br\/index.php?rest_route=\/wp\/v2\/posts"}],"about":[{"href":"https:\/\/focotocantinense.com.br\/index.php?rest_route=\/wp\/v2\/types\/post"}],"author":[{"embeddable":true,"href":"https:\/\/focotocantinense.com.br\/index.php?rest_route=\/wp\/v2\/users\/5"}],"replies":[{"embeddable":true,"href":"https:\/\/focotocantinense.com.br\/index.php?rest_route=%2Fwp%2Fv2%2Fcomments&post=7517"}],"version-history":[{"count":1,"href":"https:\/\/focotocantinense.com.br\/index.php?rest_route=\/wp\/v2\/posts\/7517\/revisions"}],"predecessor-version":[{"id":7525,"href":"https:\/\/focotocantinense.com.br\/index.php?rest_route=\/wp\/v2\/posts\/7517\/revisions\/7525"}],"wp:featuredmedia":[{"embeddable":true,"href":"https:\/\/focotocantinense.com.br\/index.php?rest_route=\/wp\/v2\/media\/7524"}],"wp:attachment":[{"href":"https:\/\/focotocantinense.com.br\/index.php?rest_route=%2Fwp%2Fv2%2Fmedia&parent=7517"}],"wp:term":[{"taxonomy":"category","embeddable":true,"href":"https:\/\/focotocantinense.com.br\/index.php?rest_route=%2Fwp%2Fv2%2Fcategories&post=7517"},{"taxonomy":"post_tag","embeddable":true,"href":"https:\/\/focotocantinense.com.br\/index.php?rest_route=%2Fwp%2Fv2%2Ftags&post=7517"}],"curies":[{"name":"wp","href":"https:\/\/api.w.org\/{rel}","templated":true}]}}