{"id":7512,"date":"2024-05-07T10:34:17","date_gmt":"2024-05-07T13:34:17","guid":{"rendered":"https:\/\/focotocantinense.com.br\/?p=7512"},"modified":"2024-05-07T10:39:19","modified_gmt":"2024-05-07T13:39:19","slug":"estudantes-de-tocantinopolis-selecionados-para-o-programa-de-iniciacao-cientifica-na-area-de-linguagens-recebem-certificados","status":"publish","type":"post","link":"https:\/\/focotocantinense.com.br\/?p=7512","title":{"rendered":"Estudantes\u00a0 de Tocantin\u00f3polis selecionados para o Programa de Inicia\u00e7\u00e3o Cient\u00edfica na \u00e1rea de Linguagens recebem certificados"},"content":{"rendered":"\n<p><strong>Por Zacarias Martins<\/strong><\/p>\n\n\n\n<p>O Col\u00e9gio Estadual Dom Orione, localizado\u00a0 em Tocantin\u00f3polis, na regi\u00e3o do Bico do Papagaio,\u00a0 publicou o resultado final do processo seletivo para o Programa de Inicia\u00e7\u00e3o Cient\u00edfica referente ao Edital n\u00ba 001\/2024 e anunciou os estudantes selecionados para participar da pesquisa\u00a0\u00a0<em><strong>Literatura Tocantinense e Ensino na Educa\u00e7\u00e3o B\u00e1sica,<\/strong><\/em>\u00a0vinculada ao Grupo de Estudos e Pesquisas da Literatura Tocantinense (GEPLIT), cadastrado no CNPq (Conselho Nacional de Desenvolvimento Cient\u00edfico e Tecnol\u00f3gico) e na Universidade Estadual do Tocantins (UNITINS).\u00a0<\/p>\n\n\n\n<p>Participaram do seletivo 43 alunos da 1\u00aa s\u00e9rie do Ensino M\u00e9dio e foram selecionados 16, com base no desempenho acad\u00eamico, avalia\u00e7\u00e3o de carta de inten\u00e7\u00e3o, realiza\u00e7\u00e3o de entrevista e manifesta\u00e7\u00e3o de interesse em pesquisa cient\u00edfica.<br>Os estudantes selecionados receberam certificados em uma cerim\u00f4nia especial realizada na Unidade Escolar, durante o momento c\u00edvico, nesta segunda feira, dia 06&nbsp;Essa iniciativa tem como objetivo promover o desenvolvimento acad\u00eamico dos alunos, oferecendo-lhes a oportunidade de se envolverem em projetos de pesquisa sob a orienta\u00e7\u00e3o de professores experientes.<\/p>\n\n\n\n<p>\u201cEstamos muito orgulhosos dos estudantes selecionados e animados para v\u00ea-los mergulhar no mundo da pesquisa cient\u00edfica, pois essa experi\u00eancia ser\u00e1 fundamental para o crescimento acad\u00eamico e profissional deles&#8221; afirmou a professora Marynalva Abreu, coordenadora do Programa de Inicia\u00e7\u00e3o Cient\u00edfica.&nbsp;<\/p>\n\n\n\n<p>Os estudantes selecionados ser\u00e3o orientados pela professora durante a elabora\u00e7\u00e3o do projeto de pesquisa, em seguida aplicar\u00e3o question\u00e1rios para investigar os h\u00e1bitos de leitura e verificar se os estudantes da rede p\u00fablica e privada de Tocantin\u00f3polis conhecem obras liter\u00e1rias ou textos de escritores tocantinenses.<\/p>\n\n\n\n<p>O principal objetivo do respectivo programa \u00e9 fazer o levantamento de dados que possam contribuir para a divulga\u00e7\u00e3o e o reconhecimento da literatura tocantinense, para isso os jovens pesquisadores selecionados tamb\u00e9m executar\u00e3o, entre maio de 2024 e dezembro de 2025, outras atividades para explorar as diversas \u00e1reas do conhecimento cient\u00edfico e contribuir para o avan\u00e7o da pesquisa na Educa\u00e7\u00e3o B\u00e1sica no estado do Tocantins.<\/p>\n\n\n\n<figure class=\"wp-block-image size-large\"><img loading=\"lazy\" decoding=\"async\" width=\"1024\" height=\"682\" src=\"https:\/\/focotocantinense.com.br\/wp-content\/uploads\/2024\/05\/ALUNOS-DE-TOCANTINOPOLIS-1024x682.jpg\" alt=\"\" class=\"wp-image-7514\" srcset=\"https:\/\/focotocantinense.com.br\/wp-content\/uploads\/2024\/05\/ALUNOS-DE-TOCANTINOPOLIS-1024x682.jpg 1024w, https:\/\/focotocantinense.com.br\/wp-content\/uploads\/2024\/05\/ALUNOS-DE-TOCANTINOPOLIS-300x200.jpg 300w, https:\/\/focotocantinense.com.br\/wp-content\/uploads\/2024\/05\/ALUNOS-DE-TOCANTINOPOLIS-768x512.jpg 768w, https:\/\/focotocantinense.com.br\/wp-content\/uploads\/2024\/05\/ALUNOS-DE-TOCANTINOPOLIS-1536x1023.jpg 1536w, https:\/\/focotocantinense.com.br\/wp-content\/uploads\/2024\/05\/ALUNOS-DE-TOCANTINOPOLIS-310x205.jpg 310w, https:\/\/focotocantinense.com.br\/wp-content\/uploads\/2024\/05\/ALUNOS-DE-TOCANTINOPOLIS.jpg 1600w\" sizes=\"auto, (max-width: 1024px) 100vw, 1024px\" \/><\/figure>\n\n\n\n<p><strong>Estudantes selecionados<\/strong><\/p>\n\n\n\n<p>Ana Cleide Moreira de Sousa, Ana Beatriz de Morais Silva, Ana J\u00falia Marinho Louren\u00e7o Dias, D\u00e9bora Cardoso Bandeira, Emilly Lorrany Gerhardt Oliveira, Esterfanny Guedes Ribeiro, Fernanda Lissa Melo Morais, Hillary Lara Ferreira Feitosa, J\u00falia Karolline Rodrigues Milhomem, Lara Vit\u00f3ria Alves Castro, Lucas Pimentel Marinho Aguiar, Luis Henrique Alves M. da Costa, Natiely Vit\u00f3ria Pereira de Sousa, Nikoly Santos Silva, Sarah Leticia Armando da Silva e Yasmim da Silva Lima.<\/p>\n\n\n\n<figure class=\"wp-block-image size-full\"><img loading=\"lazy\" decoding=\"async\" width=\"843\" height=\"251\" src=\"https:\/\/focotocantinense.com.br\/wp-content\/uploads\/2024\/05\/VINI_181-1.jpg\" alt=\"\" class=\"wp-image-7513\" srcset=\"https:\/\/focotocantinense.com.br\/wp-content\/uploads\/2024\/05\/VINI_181-1.jpg 843w, https:\/\/focotocantinense.com.br\/wp-content\/uploads\/2024\/05\/VINI_181-1-300x89.jpg 300w, https:\/\/focotocantinense.com.br\/wp-content\/uploads\/2024\/05\/VINI_181-1-768x229.jpg 768w\" sizes=\"auto, (max-width: 843px) 100vw, 843px\" \/><\/figure>\n","protected":false},"excerpt":{"rendered":"<p>Por Zacarias Martins O Col\u00e9gio Estadual Dom Orione, localizado\u00a0 em Tocantin\u00f3polis, na regi\u00e3o do Bico do Papagaio,\u00a0 publicou o resultado final do processo seletivo para o Programa de Inicia\u00e7\u00e3o Cient\u00edfica referente ao Edital n\u00ba 001\/2024 e anunciou os estudantes selecionados para participar da pesquisa\u00a0\u00a0Literatura Tocantinense e Ensino na Educa\u00e7\u00e3o B\u00e1sica,\u00a0vinculada ao Grupo de Estudos e &hellip;<\/p>\n","protected":false},"author":5,"featured_media":7514,"comment_status":"open","ping_status":"open","sticky":false,"template":"","format":"standard","meta":{"footnotes":""},"categories":[1,87],"tags":[],"class_list":["post-7512","post","type-post","status-publish","format-standard","has-post-thumbnail","","category-sem-categoria","category-tocantinopolis"],"_links":{"self":[{"href":"https:\/\/focotocantinense.com.br\/index.php?rest_route=\/wp\/v2\/posts\/7512","targetHints":{"allow":["GET"]}}],"collection":[{"href":"https:\/\/focotocantinense.com.br\/index.php?rest_route=\/wp\/v2\/posts"}],"about":[{"href":"https:\/\/focotocantinense.com.br\/index.php?rest_route=\/wp\/v2\/types\/post"}],"author":[{"embeddable":true,"href":"https:\/\/focotocantinense.com.br\/index.php?rest_route=\/wp\/v2\/users\/5"}],"replies":[{"embeddable":true,"href":"https:\/\/focotocantinense.com.br\/index.php?rest_route=%2Fwp%2Fv2%2Fcomments&post=7512"}],"version-history":[{"count":2,"href":"https:\/\/focotocantinense.com.br\/index.php?rest_route=\/wp\/v2\/posts\/7512\/revisions"}],"predecessor-version":[{"id":7516,"href":"https:\/\/focotocantinense.com.br\/index.php?rest_route=\/wp\/v2\/posts\/7512\/revisions\/7516"}],"wp:featuredmedia":[{"embeddable":true,"href":"https:\/\/focotocantinense.com.br\/index.php?rest_route=\/wp\/v2\/media\/7514"}],"wp:attachment":[{"href":"https:\/\/focotocantinense.com.br\/index.php?rest_route=%2Fwp%2Fv2%2Fmedia&parent=7512"}],"wp:term":[{"taxonomy":"category","embeddable":true,"href":"https:\/\/focotocantinense.com.br\/index.php?rest_route=%2Fwp%2Fv2%2Fcategories&post=7512"},{"taxonomy":"post_tag","embeddable":true,"href":"https:\/\/focotocantinense.com.br\/index.php?rest_route=%2Fwp%2Fv2%2Ftags&post=7512"}],"curies":[{"name":"wp","href":"https:\/\/api.w.org\/{rel}","templated":true}]}}