{"id":7501,"date":"2024-05-05T17:13:00","date_gmt":"2024-05-05T20:13:00","guid":{"rendered":"https:\/\/focotocantinense.com.br\/?p=7501"},"modified":"2024-05-05T17:13:00","modified_gmt":"2024-05-05T20:13:00","slug":"com-expectativa-de-negocios-de-r-3-bilhoes-governo-do-tocantins-intensifica-preparativos-para-a-agrotins-2024","status":"publish","type":"post","link":"https:\/\/focotocantinense.com.br\/?p=7501","title":{"rendered":"Com expectativa de neg\u00f3cios de R$ 3 bilh\u00f5es, Governo do Tocantins intensifica preparativos para a Agrotins 2024"},"content":{"rendered":"\n<p>O Governo do Tocantins, por meio da Secretaria de Estado da Agricultura e Pecu\u00e1ria (Seagro), e parceiros intensificam os trabalhos de organiza\u00e7\u00e3o para realiza\u00e7\u00e3o do maior evento do segmento de agrotecnologia da Regi\u00e3o Norte do pa\u00eds, a Feira de Tecnologia Agropecu\u00e1ria do Tocantins (Agrotins 2024). A feira com o tema Bioeconomia ocorrer\u00e1 de 14 a 18 de maio, no Parque Agrotecnol\u00f3gico Engenheiro Agr\u00f4nomo Mauro Mendanha.<\/p>\n\n\n\n<p>Ocupando um espa\u00e7o de aproximadamente 400 mil m\u00b2, a organiza\u00e7\u00e3o da feira estima que o volume de neg\u00f3cios esperado para este ano seja de aproximadamente R$ 3 bilh\u00f5es, e um p\u00fablico total esperado, nos cinco dias, de 200 mil pessoas.<\/p>\n\n\n\n<p>Os organizadores, as empresas do agroneg\u00f3cio, as institui\u00e7\u00f5es estaduais, municipais e os expositores somam esfor\u00e7os para a realiza\u00e7\u00e3o da Agrotins 2024. Grande parte dos servi\u00e7os j\u00e1 est\u00e1 conclu\u00eddo, pavimenta\u00e7\u00e3o com bloquetes nas principais vias da feira, implementa\u00e7\u00e3o na rede de \u00e1gua, pra\u00e7a de alimenta\u00e7\u00e3o e estandes em processo de montagem. A orla da beira do lago tamb\u00e9m ganha estrutura diferenciada com \u00e1reas de acolhimento aos visitantes.<\/p>\n\n\n\n<p>Agricultura familiar<\/p>\n\n\n\n<p>Os agricultores familiares ter\u00e3o aten\u00e7\u00e3o especial com a programa\u00e7\u00e3o das caravanas dos 139 munic\u00edpios tocantinenses com o servi\u00e7o de mobiliza\u00e7\u00e3o da organiza\u00e7\u00e3o. Na feira, eles poder\u00e3o participar de palestras, oficinas e din\u00e2micas pr\u00e1ticas sobre as tecnologias voltadas para o pequeno produtor. Al\u00e9m dos incentivos de financiamento de linhas de cr\u00e9dito dos agentes financeiros.<\/p>\n\n\n\n<p><strong>Educa\u00e7\u00e3o<\/strong><\/p>\n\n\n\n<p>A feira \u00e9 uma vitrine para transfer\u00eancias das diversas tecnologias para os produtores e visitantes. Este ano, uma parceria entre as secretarias de Estado da Educa\u00e7\u00e3o (Seduc) e da Agricultura e Pecu\u00e1ria (Seagro) refor\u00e7a o atendimento para os alunos das escolas p\u00fablicas e privadas do Estado, onde os estudantes poder\u00e3o conhecer as inova\u00e7\u00f5es agrotecnol\u00f3gicas do campo.<\/p>\n\n\n\n<p>De acordo com um dos organizadores da Seagro, Fernando Garcia, os esfor\u00e7os est\u00e3o concentrados para a realiza\u00e7\u00e3o da 24\u00aa edi\u00e7\u00e3o da Agrotins. \u201cA feira deste ano tem uma nova estrutura e organiza\u00e7\u00e3o. Houve um aumento em mais de 30% de novos expositores. Isso demonstra o grande potencial da feira, possibilitando abertura de novas negocia\u00e7\u00f5es nas exposi\u00e7\u00f5es comerciais, maquin\u00e1rios e implementos agr\u00edcolas, servi\u00e7os, ve\u00edculos, comercializa\u00e7\u00e3o de produtos e animais\u201d, detalhou.<\/p>\n\n\n\n<p><strong>Pecu\u00e1ria<\/strong><\/p>\n\n\n\n<p>As baias est\u00e3o sendo preparadas para receber mais de 200 animais de diferentes ra\u00e7as, dentre elas equ\u00eddeos das ra\u00e7as Crioulo, Quarto de Milha, Mangalarga, p\u00f4neis e muares. Entre as ra\u00e7as bovinas de corte, ter\u00e1 Nelore, Nelore pintado, Tabapu\u00e3, entre outras. No segmento leiteiro, ser\u00e1 Girolando, Jersey, Guzolando e Gir Leiteiro.<\/p>\n\n\n\n<p>Uma das atra\u00e7\u00f5es deste ano de 2024 \u00e9 o torneio leiteiro que ser\u00e1 realizado entre os produtores de leite do Estado. O torneio obedece regras entre os participantes, sendo a defini\u00e7\u00e3o da ra\u00e7a do animal que ir\u00e1 participar; realiza\u00e7\u00e3o de duas ordenhas; uma \u00e0s 6 e outra \u00e0s 18 horas; e cuidados com o animal pelo produtor durante todo o evento. Ser\u00e3o premiados os 1\u00b0, 2\u00b0 e 3\u00b0 lugares, mas todos participantes ganhar\u00e3o trof\u00e9u de participa\u00e7\u00e3o.<\/p>\n\n\n\n<p><strong>Vitrine<\/strong><\/p>\n\n\n\n<p>Para impulsionar ainda mais a cria\u00e7\u00e3o e a produ\u00e7\u00e3o leiteira do rebanho tocantinense, a Seagro instalou uma vitrine tecnol\u00f3gica do capim BRS Kurumi para mostrar aos produtores, durante a Agrotins 2024, o potencial nutritivo que o capim possui para a cria\u00e7\u00e3o de gado.<\/p>\n\n\n\n<p><strong>Sementes<\/strong><\/p>\n\n\n\n<p>A agricultura tocantinense ganha refor\u00e7o na feira. Os estandes de sementes de gr\u00e3os, principalmente, soja, milho, arroz, feij\u00e3o e sorgo, est\u00e3o em processo de montagem para apresentar, aos produtores, as inova\u00e7\u00f5es tecnol\u00f3gicas das variedades mais produtivas e de qualidade, neste segmento agr\u00edcola.<\/p>\n\n\n\n<p>Durante a feira, Seagro e Empresa Brasileira de Pesquisa Agropecu\u00e1ria (Embrapa) lan\u00e7am a nova variedade de semente de arroz BRS A 709, sendo mais uma op\u00e7\u00e3o para o produtor de arroz tocantinense, apresentando potencial produtivo de 12 toneladas por hectare. Atualmente, o estado \u00e9 o terceiro maior produtor de arroz do Brasil.<\/p>\n\n\n\n<figure class=\"wp-block-image size-large\"><img loading=\"lazy\" decoding=\"async\" width=\"1024\" height=\"586\" src=\"https:\/\/focotocantinense.com.br\/wp-content\/uploads\/2024\/05\/375412-1024x586.jpg\" alt=\"\" class=\"wp-image-7502\" srcset=\"https:\/\/focotocantinense.com.br\/wp-content\/uploads\/2024\/05\/375412-1024x586.jpg 1024w, https:\/\/focotocantinense.com.br\/wp-content\/uploads\/2024\/05\/375412-300x172.jpg 300w, https:\/\/focotocantinense.com.br\/wp-content\/uploads\/2024\/05\/375412-768x439.jpg 768w, https:\/\/focotocantinense.com.br\/wp-content\/uploads\/2024\/05\/375412.jpg 1280w\" sizes=\"auto, (max-width: 1024px) 100vw, 1024px\" \/><\/figure>\n\n\n\n<p><strong>Shows<\/strong><\/p>\n\n\n\n<p>A 24\u00aa edi\u00e7\u00e3o da Feira de Tecnologia Agropecu\u00e1ria contar\u00e1 com a apresenta\u00e7\u00e3o de artistas de renome nacional nos shows de abertura que ocorrem no dia 9 de maio, \u00e0s 19 horas, no estacionamento do Gin\u00e1sio Ayrton Senna, no Jardim Aureny II, em Palmas. A entrada \u00e9 gratuita. Entre as atra\u00e7\u00f5es est\u00e3o: Di Paulo e Paulino; Dorgival Dantas; e Humberto e Ronaldo.<\/p>\n\n\n\n<figure class=\"wp-block-image\"><img decoding=\"async\" src=\"http:\/\/n1to.com.br\/img\/uploads\/VINI_181_232.jpg\" alt=\"\"\/><\/figure>\n","protected":false},"excerpt":{"rendered":"<p>O Governo do Tocantins, por meio da Secretaria de Estado da Agricultura e Pecu\u00e1ria (Seagro), e parceiros intensificam os trabalhos de organiza\u00e7\u00e3o para realiza\u00e7\u00e3o do maior evento do segmento de agrotecnologia da Regi\u00e3o Norte do pa\u00eds, a Feira de Tecnologia Agropecu\u00e1ria do Tocantins (Agrotins 2024). A feira com o tema Bioeconomia ocorrer\u00e1 de 14 a &hellip;<\/p>\n","protected":false},"author":5,"featured_media":7502,"comment_status":"open","ping_status":"open","sticky":false,"template":"","format":"standard","meta":{"footnotes":""},"categories":[37],"tags":[],"class_list":["post-7501","post","type-post","status-publish","format-standard","has-post-thumbnail","","category-palmas"],"_links":{"self":[{"href":"https:\/\/focotocantinense.com.br\/index.php?rest_route=\/wp\/v2\/posts\/7501","targetHints":{"allow":["GET"]}}],"collection":[{"href":"https:\/\/focotocantinense.com.br\/index.php?rest_route=\/wp\/v2\/posts"}],"about":[{"href":"https:\/\/focotocantinense.com.br\/index.php?rest_route=\/wp\/v2\/types\/post"}],"author":[{"embeddable":true,"href":"https:\/\/focotocantinense.com.br\/index.php?rest_route=\/wp\/v2\/users\/5"}],"replies":[{"embeddable":true,"href":"https:\/\/focotocantinense.com.br\/index.php?rest_route=%2Fwp%2Fv2%2Fcomments&post=7501"}],"version-history":[{"count":1,"href":"https:\/\/focotocantinense.com.br\/index.php?rest_route=\/wp\/v2\/posts\/7501\/revisions"}],"predecessor-version":[{"id":7503,"href":"https:\/\/focotocantinense.com.br\/index.php?rest_route=\/wp\/v2\/posts\/7501\/revisions\/7503"}],"wp:featuredmedia":[{"embeddable":true,"href":"https:\/\/focotocantinense.com.br\/index.php?rest_route=\/wp\/v2\/media\/7502"}],"wp:attachment":[{"href":"https:\/\/focotocantinense.com.br\/index.php?rest_route=%2Fwp%2Fv2%2Fmedia&parent=7501"}],"wp:term":[{"taxonomy":"category","embeddable":true,"href":"https:\/\/focotocantinense.com.br\/index.php?rest_route=%2Fwp%2Fv2%2Fcategories&post=7501"},{"taxonomy":"post_tag","embeddable":true,"href":"https:\/\/focotocantinense.com.br\/index.php?rest_route=%2Fwp%2Fv2%2Ftags&post=7501"}],"curies":[{"name":"wp","href":"https:\/\/api.w.org\/{rel}","templated":true}]}}