{"id":7497,"date":"2024-05-05T17:09:48","date_gmt":"2024-05-05T20:09:48","guid":{"rendered":"https:\/\/focotocantinense.com.br\/?p=7497"},"modified":"2024-05-05T17:10:43","modified_gmt":"2024-05-05T20:10:43","slug":"maio-roxo-saude-alerta-para-o-diagnostico-precoce-das-doencas-inflamatorias-intestinais","status":"publish","type":"post","link":"https:\/\/focotocantinense.com.br\/?p=7497","title":{"rendered":"Maio Roxo: Sa\u00fade alerta para o diagn\u00f3stico precoce das doen\u00e7as inflamat\u00f3rias intestinais"},"content":{"rendered":"\n<p>A Secretaria de Estado da Sa\u00fade (SES-TO) aderiu \u00e0 campanha Maio Roxo, com o objetivo de conscientizar a popula\u00e7\u00e3o sobre a import\u00e2ncia do diagn\u00f3stico precoce e do tratamento das Doen\u00e7as Inflamat\u00f3rias Intestinais (DIIs).<\/p>\n\n\n\n<p>As doen\u00e7as ocorrem geralmente na popula\u00e7\u00e3o entre 15 e 40 anos de idade e, depois, em um segundo pico, pessoas com idade entre 60 e 70 anos. Conforme a Associa\u00e7\u00e3o Brasileira de Colite Ulcerativa e Doen\u00e7a de Crohn, cerca de 10 milh\u00f5es de pessoas ao redor do mundo s\u00e3o afetadas pela doen\u00e7a e a incid\u00eancia vem aumentando tamb\u00e9m no Brasil.<\/p>\n\n\n\n<p>Dados do Minist\u00e9rio da Sa\u00fade (MS) apontam que no Brasil, nos \u00faltimos dez anos, houve uma eleva\u00e7\u00e3o em n\u00fameros de incid\u00eancia, sendo dez casos novos para cada 10 mil habitantes por ano, com preval\u00eancia de 100 casos para cada 100 mil habitantes. A doen\u00e7a est\u00e1 em ascens\u00e3o e afetando, principalmente, jovens em idade ativa.<\/p>\n\n\n\n<p>\u201cAs causas das doen\u00e7as inflamat\u00f3rias intestinais ainda s\u00e3o desconhecidas, mas sabemos que elas s\u00e3o multifatoriais. Acredita-se que estejam relacionadas a fatores gen\u00e9ticos, imunol\u00f3gicos, ambientais, alimenta\u00e7\u00e3o, altera\u00e7\u00e3o da flora intestinal, entre outros. \u00c9 importante ficar atento a alguns sintomas como diarreia cr\u00f4nica com presen\u00e7a sangue e muco ou pus, com per\u00edodos de melhora e piora, associadas a c\u00f3licas abdominais, urg\u00eancia evacuat\u00f3ria, falta de apetite, fadiga e emagrecimento\u201d, explica a m\u00e9dica coloproctologista do Hospital Geral de Palmas (HGP), Vit\u00f3ria Oliveira.<\/p>\n\n\n\n<p>A especialista ressalta que, como se trata de uma doen\u00e7a autoimune, \u00e9 importante ter o diagn\u00f3stico precoce, procurar um m\u00e9dico em caso de suspeita de infec\u00e7\u00e3o intestinal, para que ele possa fazer o diagn\u00f3stico correto e prescrever o tratamento adequado. \u201cO tratamento precoce permite a resposta e a remiss\u00e3o cl\u00ednica, ou seja, faz com que o paciente controle o processo inflamat\u00f3rio e a doen\u00e7a\u201d, pontua a m\u00e9dica coloproctologista Vit\u00f3ria Oliveira.<\/p>\n\n\n\n<p>A paciente Raquel Oliveira, diagnosticada com a doen\u00e7a de Crohn, conta sobre a mudan\u00e7a no estilo de vida ap\u00f3s o diagn\u00f3stico da doen\u00e7a. \u201cLogo depois que fui diagnosticada, tive que realizar a cirurgia devido \u00e0 gravidade. Desde ent\u00e3o, minha vida mudou, tive que fazer algumas restri\u00e7\u00f5es, eliminar gl\u00faten, lactose, a\u00e7\u00facar, carne vermelha em excesso e o \u00e1lcool, mudar a alimenta\u00e7\u00e3o e fazer exerc\u00edcios f\u00edsicos. Al\u00e9m disso, tenho que fazer acompanhamento m\u00e9dico a cada 60 dias, com retornos m\u00e9dicos e realizar exames peri\u00f3dicos\u201d, relata.<\/p>\n\n\n\n<figure class=\"wp-block-image size-full is-resized\"><img loading=\"lazy\" decoding=\"async\" width=\"951\" height=\"484\" src=\"https:\/\/focotocantinense.com.br\/wp-content\/uploads\/2024\/05\/bbbbbbbbb.jpg\" alt=\"\" class=\"wp-image-7498\" style=\"width:829px;height:auto\" srcset=\"https:\/\/focotocantinense.com.br\/wp-content\/uploads\/2024\/05\/bbbbbbbbb.jpg 951w, https:\/\/focotocantinense.com.br\/wp-content\/uploads\/2024\/05\/bbbbbbbbb-300x153.jpg 300w, https:\/\/focotocantinense.com.br\/wp-content\/uploads\/2024\/05\/bbbbbbbbb-768x391.jpg 768w\" sizes=\"auto, (max-width: 951px) 100vw, 951px\" \/><\/figure>\n\n\n\n<p><strong>Diagn\u00f3stico<\/strong><\/p>\n\n\n\n<p>O paciente deve contar ao profissional da sa\u00fade sobre os sintomas que tem. Depois da parte cl\u00ednica, o m\u00e9dico pode direcionar o indiv\u00edduo a uma bateria de exames que auxiliam no diagn\u00f3stico.<\/p>\n\n\n\n<p>Os principais exames pedidos durante a identifica\u00e7\u00e3o das doen\u00e7as inflamat\u00f3rias intestinais s\u00e3o a endoscopia digestiva alta e colonoscopia de sangue e fezes, tomografia ou resson\u00e2ncia magn\u00e9tica do abdome pode ser necess\u00e1ria.<\/p>\n\n\n\n<p><strong>Tratamento<\/strong><\/p>\n\n\n\n<p>O tratamento das doen\u00e7as inflamat\u00f3rias intestinais pode variar de acordo com o agente causador da infec\u00e7\u00e3o, mas geralmente inclui repouso, hidrata\u00e7\u00e3o, dieta leve e, em alguns casos, medicamentos para aliviar os sintomas como anti-inflamat\u00f3rios, imunossupressores e biol\u00f3gicos. Em casos mais graves, pode ser necess\u00e1rio o uso de antibi\u00f3ticos e, em alguns casos, a interven\u00e7\u00e3o cir\u00fargica pode ser necess\u00e1ria para remover parte do intestino afetado. \u00c9 importante que os pacientes sejam acompanhados por uma equipe multidisciplinar de profissionais de sa\u00fade para melhor gerenciar sua condi\u00e7\u00e3o e melhorar sua qualidade de vida.<\/p>\n\n\n\n<p><strong>Doen\u00e7a de Crohn<\/strong><\/p>\n\n\n\n<p>A Doen\u00e7a de Crohn \u00e9 uma doen\u00e7a inflamat\u00f3ria do trato gastrointestinal. Ela afeta predominantemente a parte inferior do intestino delgado (\u00edleo) e intestino grosso (c\u00f3lon), mas pode afetar qualquer parte do trato gastrointestinal. \u00c9 cr\u00f4nica e provavelmente provocada por desregula\u00e7\u00e3o do sistema imunol\u00f3gico, ou seja, do sistema de defesa do organismo. Os principais sintomas s\u00e3o dor abdominal, diarreia, sangramento retal e perda de peso.<\/p>\n\n\n\n<figure class=\"wp-block-image\"><img decoding=\"async\" src=\"http:\/\/n1to.com.br\/img\/uploads\/VINI_181_234.jpg\" alt=\"\"\/><\/figure>\n","protected":false},"excerpt":{"rendered":"<p>A Secretaria de Estado da Sa\u00fade (SES-TO) aderiu \u00e0 campanha Maio Roxo, com o objetivo de conscientizar a popula\u00e7\u00e3o sobre a import\u00e2ncia do diagn\u00f3stico precoce e do tratamento das Doen\u00e7as Inflamat\u00f3rias Intestinais (DIIs). As doen\u00e7as ocorrem geralmente na popula\u00e7\u00e3o entre 15 e 40 anos de idade e, depois, em um segundo pico, pessoas com idade &hellip;<\/p>\n","protected":false},"author":5,"featured_media":7498,"comment_status":"open","ping_status":"open","sticky":false,"template":"","format":"standard","meta":{"footnotes":""},"categories":[39,1],"tags":[],"class_list":["post-7497","post","type-post","status-publish","format-standard","has-post-thumbnail","","category-estado","category-sem-categoria"],"_links":{"self":[{"href":"https:\/\/focotocantinense.com.br\/index.php?rest_route=\/wp\/v2\/posts\/7497","targetHints":{"allow":["GET"]}}],"collection":[{"href":"https:\/\/focotocantinense.com.br\/index.php?rest_route=\/wp\/v2\/posts"}],"about":[{"href":"https:\/\/focotocantinense.com.br\/index.php?rest_route=\/wp\/v2\/types\/post"}],"author":[{"embeddable":true,"href":"https:\/\/focotocantinense.com.br\/index.php?rest_route=\/wp\/v2\/users\/5"}],"replies":[{"embeddable":true,"href":"https:\/\/focotocantinense.com.br\/index.php?rest_route=%2Fwp%2Fv2%2Fcomments&post=7497"}],"version-history":[{"count":2,"href":"https:\/\/focotocantinense.com.br\/index.php?rest_route=\/wp\/v2\/posts\/7497\/revisions"}],"predecessor-version":[{"id":7500,"href":"https:\/\/focotocantinense.com.br\/index.php?rest_route=\/wp\/v2\/posts\/7497\/revisions\/7500"}],"wp:featuredmedia":[{"embeddable":true,"href":"https:\/\/focotocantinense.com.br\/index.php?rest_route=\/wp\/v2\/media\/7498"}],"wp:attachment":[{"href":"https:\/\/focotocantinense.com.br\/index.php?rest_route=%2Fwp%2Fv2%2Fmedia&parent=7497"}],"wp:term":[{"taxonomy":"category","embeddable":true,"href":"https:\/\/focotocantinense.com.br\/index.php?rest_route=%2Fwp%2Fv2%2Fcategories&post=7497"},{"taxonomy":"post_tag","embeddable":true,"href":"https:\/\/focotocantinense.com.br\/index.php?rest_route=%2Fwp%2Fv2%2Ftags&post=7497"}],"curies":[{"name":"wp","href":"https:\/\/api.w.org\/{rel}","templated":true}]}}