{"id":7491,"date":"2024-05-04T06:19:20","date_gmt":"2024-05-04T09:19:20","guid":{"rendered":"https:\/\/focotocantinense.com.br\/?p=7491"},"modified":"2024-05-04T06:19:20","modified_gmt":"2024-05-04T09:19:20","slug":"publico-recebe-eduardo-fortes-com-aplausos-na-abertura-do-rodeio-da-expo-gurupi","status":"publish","type":"post","link":"https:\/\/focotocantinense.com.br\/?p=7491","title":{"rendered":"P\u00fablico recebe Eduardo Fortes com aplausos na abertura do rodeio da Expo Gurupi"},"content":{"rendered":"\n<figure class=\"wp-block-image size-full\"><img loading=\"lazy\" decoding=\"async\" width=\"900\" height=\"599\" src=\"https:\/\/focotocantinense.com.br\/wp-content\/uploads\/2024\/05\/1477a8fb95a183df1a58ed78b55c5eb9_XL.jpg\" alt=\"\" class=\"wp-image-7493\" srcset=\"https:\/\/focotocantinense.com.br\/wp-content\/uploads\/2024\/05\/1477a8fb95a183df1a58ed78b55c5eb9_XL.jpg 900w, https:\/\/focotocantinense.com.br\/wp-content\/uploads\/2024\/05\/1477a8fb95a183df1a58ed78b55c5eb9_XL-300x200.jpg 300w, https:\/\/focotocantinense.com.br\/wp-content\/uploads\/2024\/05\/1477a8fb95a183df1a58ed78b55c5eb9_XL-768x511.jpg 768w, https:\/\/focotocantinense.com.br\/wp-content\/uploads\/2024\/05\/1477a8fb95a183df1a58ed78b55c5eb9_XL-310x205.jpg 310w\" sizes=\"auto, (max-width: 900px) 100vw, 900px\" \/><\/figure>\n\n\n\n<p>Na noite de quinta-feira, 3, o pr\u00e9-candidato a prefeito de Gurupi, Eduardo Fortes, foi calorosamente aplaudido pela popula\u00e7\u00e3o durante a abertura do Rodeio da ExpoGurupi. Reconhecido por seus projetos sociais em prol da comunidade, Fortes tamb\u00e9m se destaca por sua abordagem pr\u00f3xima e constante no cotidiano da cidade.<\/p>\n\n\n\n<figure class=\"wp-block-image size-full\"><img loading=\"lazy\" decoding=\"async\" width=\"500\" height=\"333\" src=\"https:\/\/focotocantinense.com.br\/wp-content\/uploads\/2024\/05\/Ediuart.jpg\" alt=\"\" class=\"wp-image-7492\" srcset=\"https:\/\/focotocantinense.com.br\/wp-content\/uploads\/2024\/05\/Ediuart.jpg 500w, https:\/\/focotocantinense.com.br\/wp-content\/uploads\/2024\/05\/Ediuart-300x200.jpg 300w, https:\/\/focotocantinense.com.br\/wp-content\/uploads\/2024\/05\/Ediuart-310x205.jpg 310w\" sizes=\"auto, (max-width: 500px) 100vw, 500px\" \/><\/figure>\n\n\n\n<p>Sua presen\u00e7a na arena foi mais um testemunho do apoio que ele vem recebendo. Com sua atua\u00e7\u00e3o marcante e comprometimento com as causas sociais, Fortes solidifica sua posi\u00e7\u00e3o como uma figura pol\u00edtica promissora na corrida eleitoral de Gurupi.<\/p>\n\n\n\n<p><\/p>\n","protected":false},"excerpt":{"rendered":"<p>Na noite de quinta-feira, 3, o pr\u00e9-candidato a prefeito de Gurupi, Eduardo Fortes, foi calorosamente aplaudido pela popula\u00e7\u00e3o durante a abertura do Rodeio da ExpoGurupi. Reconhecido por seus projetos sociais em prol da comunidade, Fortes tamb\u00e9m se destaca por sua abordagem pr\u00f3xima e constante no cotidiano da cidade. Sua presen\u00e7a na arena foi mais um &hellip;<\/p>\n","protected":false},"author":5,"featured_media":0,"comment_status":"open","ping_status":"open","sticky":false,"template":"","format":"standard","meta":{"footnotes":""},"categories":[1],"tags":[],"class_list":["post-7491","post","type-post","status-publish","format-standard","","category-sem-categoria"],"_links":{"self":[{"href":"https:\/\/focotocantinense.com.br\/index.php?rest_route=\/wp\/v2\/posts\/7491","targetHints":{"allow":["GET"]}}],"collection":[{"href":"https:\/\/focotocantinense.com.br\/index.php?rest_route=\/wp\/v2\/posts"}],"about":[{"href":"https:\/\/focotocantinense.com.br\/index.php?rest_route=\/wp\/v2\/types\/post"}],"author":[{"embeddable":true,"href":"https:\/\/focotocantinense.com.br\/index.php?rest_route=\/wp\/v2\/users\/5"}],"replies":[{"embeddable":true,"href":"https:\/\/focotocantinense.com.br\/index.php?rest_route=%2Fwp%2Fv2%2Fcomments&post=7491"}],"version-history":[{"count":1,"href":"https:\/\/focotocantinense.com.br\/index.php?rest_route=\/wp\/v2\/posts\/7491\/revisions"}],"predecessor-version":[{"id":7494,"href":"https:\/\/focotocantinense.com.br\/index.php?rest_route=\/wp\/v2\/posts\/7491\/revisions\/7494"}],"wp:attachment":[{"href":"https:\/\/focotocantinense.com.br\/index.php?rest_route=%2Fwp%2Fv2%2Fmedia&parent=7491"}],"wp:term":[{"taxonomy":"category","embeddable":true,"href":"https:\/\/focotocantinense.com.br\/index.php?rest_route=%2Fwp%2Fv2%2Fcategories&post=7491"},{"taxonomy":"post_tag","embeddable":true,"href":"https:\/\/focotocantinense.com.br\/index.php?rest_route=%2Fwp%2Fv2%2Ftags&post=7491"}],"curies":[{"name":"wp","href":"https:\/\/api.w.org\/{rel}","templated":true}]}}