{"id":7482,"date":"2024-05-03T16:59:58","date_gmt":"2024-05-03T19:59:58","guid":{"rendered":"https:\/\/focotocantinense.com.br\/?p=7482"},"modified":"2024-05-03T17:00:26","modified_gmt":"2024-05-03T20:00:26","slug":"fecomercio-to-destaca-conquistas-e-projetos-futuros-em-encontro-com-a-imprensa-em-gurupi","status":"publish","type":"post","link":"https:\/\/focotocantinense.com.br\/?p=7482","title":{"rendered":"Fecom\u00e9rcio-TO destaca conquistas e projetos futuros em encontro com a imprensa em Gurupi"},"content":{"rendered":"\n<p><strong>Por Jonas Amaral<\/strong><\/p>\n\n\n\n<p>A Federa\u00e7\u00e3o do Com\u00e9rcio de Bens, Servi\u00e7os e Turismo do Estado do Tocantins (Fecom\u00e9rcio-TO) promoveu nesta sexta-feira, dia 3 de maio, um encontro especial com os profissionais da imprensa no Centro de Atividades do Sesc, em Gurupi. O evento teve como prop\u00f3sito destacar as principais a\u00e7\u00f5es j\u00e1 realizadas pela federa\u00e7\u00e3o no estado e apresentar os projetos em andamento para o futuro.<\/p>\n\n\n\n<p>O caf\u00e9 da manh\u00e3 reuniu diversas autoridades, incluindo o presidente da Fecom\u00e9rcio-TO, Itelvino Pisoni, o vice-presidente e presidente do Sindicato do Com\u00e9rcio Varejista de Produtos Farmac\u00eauticos do Estado do Tocantins \u2013 Sindifarma, Domingos Tavares de Sousa, al\u00e9m de representantes de outras entidades ligadas ao com\u00e9rcio e servi\u00e7os.<\/p>\n\n\n\n<figure class=\"wp-block-image size-large is-resized\"><img loading=\"lazy\" decoding=\"async\" width=\"1024\" height=\"1006\" src=\"https:\/\/focotocantinense.com.br\/wp-content\/uploads\/2024\/05\/2-pisoni-1024x1006.jpeg\" alt=\"\" class=\"wp-image-7484\" style=\"width:400px;height:auto\" srcset=\"https:\/\/focotocantinense.com.br\/wp-content\/uploads\/2024\/05\/2-pisoni-1024x1006.jpeg 1024w, https:\/\/focotocantinense.com.br\/wp-content\/uploads\/2024\/05\/2-pisoni-300x295.jpeg 300w, https:\/\/focotocantinense.com.br\/wp-content\/uploads\/2024\/05\/2-pisoni-768x754.jpeg 768w, https:\/\/focotocantinense.com.br\/wp-content\/uploads\/2024\/05\/2-pisoni.jpeg 1284w\" sizes=\"auto, (max-width: 1024px) 100vw, 1024px\" \/><\/figure>\n\n\n\n<p><strong><em>Camila Takahashi \u2013 Coordenadora Geral de Comunica\u00e7\u00e3o da Fecom\u00e9rcio, Sesc e Senac.<\/em><\/strong><\/p>\n\n\n\n<p>Tamb\u00e9m estiveram presentes Camila Takahashi, Coordenadora de Comunica\u00e7\u00e3o do Sistema Fecom\u00e9rcio-TO, Sesc e Senac, Cl\u00e1udia Oneide da Silva \u2013 Diretora Regional do Senac, Ant\u00f4nio Xavier de Barros Junior \u2013 Diretor Administrativo e Financeiro do Senac, Geraldo Magela \u2013 Assessor de Gest\u00e3o de Pessoas, Marcia Bomfanti \u2013 Gerente Senac Girupi, Edson Mauro Rodrigues Mendes- Supervisor Sesc Gurupi,&nbsp; Tatiane Nunes Mello Barretos \u2013 Sup. Mesa Brasil Gurupi , Nilto Cesar Dias- Encarregado administrativo- Sesc Gurupi e Rony Cirqueira \u2013 Sup. Fecom\u00e9rcio Gurupi.<\/p>\n\n\n\n<figure class=\"wp-block-image size-large\"><img loading=\"lazy\" decoding=\"async\" width=\"1024\" height=\"576\" src=\"https:\/\/focotocantinense.com.br\/wp-content\/uploads\/2024\/05\/Cafe-com-a-Imprensa-3-1536x864-1-1024x576.jpeg\" alt=\"\" class=\"wp-image-7483\" srcset=\"https:\/\/focotocantinense.com.br\/wp-content\/uploads\/2024\/05\/Cafe-com-a-Imprensa-3-1536x864-1-1024x576.jpeg 1024w, https:\/\/focotocantinense.com.br\/wp-content\/uploads\/2024\/05\/Cafe-com-a-Imprensa-3-1536x864-1-300x169.jpeg 300w, https:\/\/focotocantinense.com.br\/wp-content\/uploads\/2024\/05\/Cafe-com-a-Imprensa-3-1536x864-1-768x432.jpeg 768w, https:\/\/focotocantinense.com.br\/wp-content\/uploads\/2024\/05\/Cafe-com-a-Imprensa-3-1536x864-1.jpeg 1536w\" sizes=\"auto, (max-width: 1024px) 100vw, 1024px\" \/><\/figure>\n\n\n\n<p><strong><em>Itelvino Pisoni, presidente do Sistema Fecom\u00e9rcio-TO &#8211; Sesc\/Senac<\/em><\/strong><\/p>\n\n\n\n<p><em>Durante o encontro, Camila Takahashi, coordenadora de Comunica\u00e7\u00e3o do Sistema Fecom\u00e9rcio-TO, Sesc e Senac, apresentou um balan\u00e7o detalhado das atividades desenvolvidas ao longo de 2023, evidenciando os impactos positivos para os comerciantes e trabalhadores do estado.<\/em><\/p>\n\n\n\n<figure class=\"wp-block-image size-large\"><img loading=\"lazy\" decoding=\"async\" width=\"1024\" height=\"768\" src=\"https:\/\/focotocantinense.com.br\/wp-content\/uploads\/2024\/05\/5-pisoni-1024x768.jpeg\" alt=\"\" class=\"wp-image-7485\" srcset=\"https:\/\/focotocantinense.com.br\/wp-content\/uploads\/2024\/05\/5-pisoni-1024x768.jpeg 1024w, https:\/\/focotocantinense.com.br\/wp-content\/uploads\/2024\/05\/5-pisoni-300x225.jpeg 300w, https:\/\/focotocantinense.com.br\/wp-content\/uploads\/2024\/05\/5-pisoni-768x576.jpeg 768w, https:\/\/focotocantinense.com.br\/wp-content\/uploads\/2024\/05\/5-pisoni.jpeg 1536w\" sizes=\"auto, (max-width: 1024px) 100vw, 1024px\" \/><\/figure>\n\n\n\n<p><strong><em>Itelvino Pisoni \u2013 Presidente da Federa\u00e7\u00e3o do Com\u00e9rcio de Bens, Servi\u00e7os e Turismo do Estado do Tocantins (Fecom\u00e9rcio-TO), Zacarias Martins \u2013 Jornalista e Poeta, Camila Takahashi \u2013 Coordenadora Geral de Comunica\u00e7\u00e3o da Fecom\u00e9rcio, Sesc e Senac, vice-presidente e presidente do Sindicato do Com\u00e9rcio Varejista de Produtos Farmac\u00eauticos do Estado do Tocantins \u2013 Sindifarma.<\/em><\/strong><\/p>\n\n\n\n<p>Pisoni tamb\u00e9m celebrou os resultados alcan\u00e7ados pelo Sistema Fecom\u00e9rcio e refor\u00e7ou o compromisso de continuar ampliando a assist\u00eancia aos comerci\u00e1rios e empres\u00e1rios do com\u00e9rcio tocantinense.&nbsp;<em>\u201cHoje, quando chegamos a trinta e dois anos, podemos sim dizer que a miss\u00e3o foi cumprida. N\u00f3s estamos orgulhosos do que nossa institui\u00e7\u00e3o se transformou. Precisamos manter o mesmo \u00edmpeto, a mesma vontade, a mesma garra e a mesma determina\u00e7\u00e3o de quando fundamos essa Federa\u00e7\u00e3o\u201d,&nbsp;<\/em>destacou o presidente.<\/p>\n\n\n\n<p>O encontro evidenciou o compromisso da Fecom\u00e9rcio-TO em promover o desenvolvimento econ\u00f4mico e social do Tocantins, al\u00e9m de fortalecer os la\u00e7os com a imprensa local para uma comunica\u00e7\u00e3o transparente e eficiente sobre as iniciativas da federa\u00e7\u00e3o em benef\u00edcio da comunidade.<\/p>\n\n\n\n<figure class=\"wp-block-image size-large\"><img loading=\"lazy\" decoding=\"async\" width=\"1024\" height=\"718\" src=\"https:\/\/focotocantinense.com.br\/wp-content\/uploads\/2024\/05\/6-pisoni-1024x718.jpeg\" alt=\"\" class=\"wp-image-7486\" srcset=\"https:\/\/focotocantinense.com.br\/wp-content\/uploads\/2024\/05\/6-pisoni-1024x718.jpeg 1024w, https:\/\/focotocantinense.com.br\/wp-content\/uploads\/2024\/05\/6-pisoni-300x210.jpeg 300w, https:\/\/focotocantinense.com.br\/wp-content\/uploads\/2024\/05\/6-pisoni-768x538.jpeg 768w, https:\/\/focotocantinense.com.br\/wp-content\/uploads\/2024\/05\/6-pisoni.jpeg 1200w\" sizes=\"auto, (max-width: 1024px) 100vw, 1024px\" \/><\/figure>\n\n\n\n<p><em><strong>Itelvino Pisoni \u2013 Presidente da Federa\u00e7\u00e3o do Com\u00e9rcio de Bens, Servi\u00e7os e Turismo do Estado do Tocantins (Fecom\u00e9rcio-TO), Jonas Amaral \u2013 Diretor do Portal do Amaral, Camila Takahashi \u2013 Coordenadora Geral de Comunica\u00e7\u00e3o da Fecom\u00e9rcio, Sesc e Senac, vice-presidente e presidente do Sindicato do Com\u00e9rcio Varejista de Produtos Farmac\u00eauticos do Estado do Tocantins \u2013 Sindifarma.<\/strong><\/em><\/p>\n\n\n\n<figure class=\"wp-block-image size-full\"><img loading=\"lazy\" decoding=\"async\" width=\"843\" height=\"251\" src=\"https:\/\/focotocantinense.com.br\/wp-content\/uploads\/2024\/04\/VINI_181-18.jpg\" alt=\"\" class=\"wp-image-7464\" srcset=\"https:\/\/focotocantinense.com.br\/wp-content\/uploads\/2024\/04\/VINI_181-18.jpg 843w, https:\/\/focotocantinense.com.br\/wp-content\/uploads\/2024\/04\/VINI_181-18-300x89.jpg 300w, https:\/\/focotocantinense.com.br\/wp-content\/uploads\/2024\/04\/VINI_181-18-768x229.jpg 768w\" sizes=\"auto, (max-width: 843px) 100vw, 843px\" \/><\/figure>\n","protected":false},"excerpt":{"rendered":"<p>Por Jonas Amaral A Federa\u00e7\u00e3o do Com\u00e9rcio de Bens, Servi\u00e7os e Turismo do Estado do Tocantins (Fecom\u00e9rcio-TO) promoveu nesta sexta-feira, dia 3 de maio, um encontro especial com os profissionais da imprensa no Centro de Atividades do Sesc, em Gurupi. O evento teve como prop\u00f3sito destacar as principais a\u00e7\u00f5es j\u00e1 realizadas pela federa\u00e7\u00e3o no estado &hellip;<\/p>\n","protected":false},"author":5,"featured_media":7483,"comment_status":"open","ping_status":"open","sticky":false,"template":"","format":"standard","meta":{"footnotes":""},"categories":[38],"tags":[],"class_list":["post-7482","post","type-post","status-publish","format-standard","has-post-thumbnail","","category-gurupi"],"_links":{"self":[{"href":"https:\/\/focotocantinense.com.br\/index.php?rest_route=\/wp\/v2\/posts\/7482","targetHints":{"allow":["GET"]}}],"collection":[{"href":"https:\/\/focotocantinense.com.br\/index.php?rest_route=\/wp\/v2\/posts"}],"about":[{"href":"https:\/\/focotocantinense.com.br\/index.php?rest_route=\/wp\/v2\/types\/post"}],"author":[{"embeddable":true,"href":"https:\/\/focotocantinense.com.br\/index.php?rest_route=\/wp\/v2\/users\/5"}],"replies":[{"embeddable":true,"href":"https:\/\/focotocantinense.com.br\/index.php?rest_route=%2Fwp%2Fv2%2Fcomments&post=7482"}],"version-history":[{"count":2,"href":"https:\/\/focotocantinense.com.br\/index.php?rest_route=\/wp\/v2\/posts\/7482\/revisions"}],"predecessor-version":[{"id":7488,"href":"https:\/\/focotocantinense.com.br\/index.php?rest_route=\/wp\/v2\/posts\/7482\/revisions\/7488"}],"wp:featuredmedia":[{"embeddable":true,"href":"https:\/\/focotocantinense.com.br\/index.php?rest_route=\/wp\/v2\/media\/7483"}],"wp:attachment":[{"href":"https:\/\/focotocantinense.com.br\/index.php?rest_route=%2Fwp%2Fv2%2Fmedia&parent=7482"}],"wp:term":[{"taxonomy":"category","embeddable":true,"href":"https:\/\/focotocantinense.com.br\/index.php?rest_route=%2Fwp%2Fv2%2Fcategories&post=7482"},{"taxonomy":"post_tag","embeddable":true,"href":"https:\/\/focotocantinense.com.br\/index.php?rest_route=%2Fwp%2Fv2%2Ftags&post=7482"}],"curies":[{"name":"wp","href":"https:\/\/api.w.org\/{rel}","templated":true}]}}